{"id":31060,"date":"2024-01-10T14:53:26","date_gmt":"2024-01-10T17:53:26","guid":{"rendered":"https:\/\/elfederalmendoza.com\/?p=31060"},"modified":"2024-01-10T14:53:27","modified_gmt":"2024-01-10T17:53:27","slug":"el-gobierno-anuncio-que-llego-a-un-nuevo-acuerdo-con-el-fmi","status":"publish","type":"post","link":"https:\/\/elfederalmendoza.com.ar\/index.php\/2024\/01\/10\/el-gobierno-anuncio-que-llego-a-un-nuevo-acuerdo-con-el-fmi\/","title":{"rendered":"El Gobierno anunci\u00f3 que lleg\u00f3 a un nuevo acuerdo con el FMI"},"content":{"rendered":"\n<p><strong>El Gobierno anunci\u00f3 que lleg\u00f3 a un&nbsp;acuerdo con el&nbsp;Fondo Monetario Internacional (FMI)&nbsp;y se espera que en las pr\u00f3ximas horas se conozcan los detalles del primer entendimiento en la gesti\u00f3n de Javier Milei.<\/strong><\/p>\n\n\n\n<p>Desde la Casa Rosada indicaron que funcionarios del Ministerio de Econom\u00eda trabajan en detalle con t\u00e9cnicos del organismo, que se encuentran en Buenos Aires desde el viernes 5 y que se encontraron con el jefe de Gabinete, Nicol\u00e1s Posse, y el titular de Hacienda, Luis Caputo, en la tarde del lunes.<\/p>\n\n\n\n<p>La misi\u00f3n del FMI ten\u00eda previsto volver a Washington el martes, pero resolvieron permanecer otras 48 horas para&nbsp;intentar alcanzar un entendimiento t\u00e9cnico&nbsp;sobre las metas incumplidas durante 2023 y la manera de&nbsp;destrabar desembolsos por al menos US$3300 millones&nbsp;que quedaron pendientes de la anterior gesti\u00f3n.<\/p>\n\n\n\n<p>Durante las negociaciones, la intenci\u00f3n del Gobierno apunt\u00f3 a&nbsp;\u201clevantar el acuerdo que est\u00e1 ca\u00eddo\u201d&nbsp;y alcanzar un&nbsp;staff agreement, es decir, cerrar los detalles t\u00e9cnicos de las nuevas condiciones del plan econ\u00f3mico.<\/p>\n\n\n\n<p>El punto fundamental para el Gobierno es sellar esos objetivos lo m\u00e1s r\u00e1pido posible, ya que despu\u00e9s deben ser revisados y aprobados por el directorio ejecutivo del Fondo en momentos de reservas en rojo y cuando el gobierno de Milei debe afrontar pagos comprometidos en el propio programa.<\/p>\n\n\n\n<p>El gobierno que hoy cumple 1 mes de gesti\u00f3n ya afront\u00f3 su primer pago al Fondo el 21 de diciembre, cuando cancel\u00f3&nbsp;un vencimiento por unos US$900 millones con un cr\u00e9dito puente de la CAF. Ahora, el Ejecutivo pagar a fin de mes&nbsp;los dos vencimientos por poco m\u00e1s de US$1960 millones.<\/p>\n\n\n\n<p>La \u00faltima vez que el FMI y la Argentina -en el gobierno de Alberto Fern\u00e1ndez- acordaron la quinta y sexta revisi\u00f3n del programa fue en agosto 2023, despu\u00e9s de una&nbsp;tensa negociaci\u00f3n que se extendi\u00f3 durante m\u00e1s de 100 d\u00edas. En ese entonces, se habilit\u00f3 el desembolso de US$7500 millones y luego se frenaron las conversaciones por el cambio de gobierno.<\/p>\n\n\n\n<p>La s\u00e9ptima revisi\u00f3n -que es la que qued\u00f3 pendiente- deber\u00eda permitir que se destrabe un desembolso de unos US$3300 millones. Ahora, con las metas incumplidas, el Ministerio de&nbsp;Econom\u00eda deber\u00e1 sentarse a reformular los objetivos centrales del acuerdo, que van desde la acumulaci\u00f3n de reservas internacionales al d\u00e9ficit fiscal.<\/p>\n\n\n\n<p><strong>Los puntos clave que negociaron el FMI para destrabar desembolsos<\/strong><\/p>\n\n\n\n<p>El equipo econ\u00f3mico y los funcionarios del&nbsp;FMI&nbsp;discutieron por esto d\u00edas&nbsp;varias&nbsp;metas. Entre ellas, las m\u00e1s importantes que el \u00faltimo acuerdo fijaba para 2024 eran las siguientes:<\/p>\n\n\n\n<p>D\u00e9ficit fiscal primario equivalente al 0,9% de PBI. En su primer mensaje como ministro de Econom\u00eda, Luis Caputo mostr\u00f3 un fuerte compromiso en la reducci\u00f3n de ese rojo.<\/p>\n\n\n\n<p>La&nbsp;inflaci\u00f3n&nbsp;acordada era de entre 40% y 48%&nbsp;para este 2024. Un n\u00famero que parece imposible de alcanzar tras un 2023 que terminar\u00e1 en torno al 200% y con proyecciones de aumento de precios para este a\u00f1o que giran alrededor del 190%.<\/p>\n\n\n\n<p>Nula emisi\u00f3n de pesos&nbsp;para financiar al Tesoro. Un objetivo que el Gobierno persigue, aunque el Banco Central seguir\u00e1 inyectando pesos de forma indirecta, v\u00eda compra de bonos a los bancos.<\/p>\n\n\n\n<p>Crecimiento&nbsp;de la econom\u00eda equivalente a una cifra&nbsp;entre 1,5% y 2,5% del PBI.<\/p>\n\n\n\n<p>Acumulaci\u00f3n de&nbsp;reservas&nbsp;netas por US$5200 millones. Seg\u00fan reconoci\u00f3 el BCRA, las reservas netas eran negativas por US$10.800 millones al asumir la nueva gesti\u00f3n. Sin embargo, la mejora que se logr\u00f3 recientemente por la compra de d\u00f3lares en el mercado no se ver\u00e1 ya que&nbsp;el Tesoro tom\u00f3 esos fondos a cambio de una letra intransferible.&nbsp;<\/p>\n","protected":false},"excerpt":{"rendered":"<p>El Gobierno anunci\u00f3 que lleg\u00f3 a un&nbsp;acuerdo con el&nbsp;Fondo Monetario Internacional (FMI)&nbsp;y se espera que en las pr\u00f3ximas horas se conozcan los detalles del primer entendimiento en la gesti\u00f3n de Javier Milei. Desde la Casa Rosada indicaron que funcionarios del Ministerio de Econom\u00eda trabajan en detalle con t\u00e9cnicos del organismo, que se encuentran en Buenos<a class=\"read-more\" href=\"https:\/\/elfederalmendoza.com.ar\/index.php\/2024\/01\/10\/el-gobierno-anuncio-que-llego-a-un-nuevo-acuerdo-con-el-fmi\/\"> [&hellip;]<\/a><\/p>\n","protected":false},"author":2,"featured_media":31063,"comment_status":"open","ping_status":"open","sticky":false,"template":"","format":"standard","meta":{"footnotes":""},"categories":[5618],"tags":[],"class_list":["post-31060","post","type-post","status-publish","format-standard","has-post-thumbnail","hentry","category-arg"],"rttpg_featured_image_url":{"full":["https:\/\/elfederalmendoza.com.ar\/wp-content\/uploads\/2024\/01\/fmi-milei.jpg",750,500,false],"landscape":["https:\/\/elfederalmendoza.com.ar\/wp-content\/uploads\/2024\/01\/fmi-milei.jpg",750,500,false],"portraits":["https:\/\/elfederalmendoza.com.ar\/wp-content\/uploads\/2024\/01\/fmi-milei.jpg",750,500,false],"thumbnail":["https:\/\/elfederalmendoza.com.ar\/wp-content\/uploads\/2024\/01\/fmi-milei-150x150.jpg",150,150,true],"medium":["https:\/\/elfederalmendoza.com.ar\/wp-content\/uploads\/2024\/01\/fmi-milei-300x200.jpg",300,200,true],"large":["https:\/\/elfederalmendoza.com.ar\/wp-content\/uploads\/2024\/01\/fmi-milei.jpg",640,427,false],"1536x1536":["https:\/\/elfederalmendoza.com.ar\/wp-content\/uploads\/2024\/01\/fmi-milei.jpg",750,500,false],"2048x2048":["https:\/\/elfederalmendoza.com.ar\/wp-content\/uploads\/2024\/01\/fmi-milei.jpg",750,500,false],"ultp_layout_landscape_large":["https:\/\/elfederalmendoza.com.ar\/wp-content\/uploads\/2024\/01\/fmi-milei.jpg",750,500,false],"ultp_layout_landscape":["https:\/\/elfederalmendoza.com.ar\/wp-content\/uploads\/2024\/01\/fmi-milei.jpg",750,500,false],"ultp_layout_portrait":["https:\/\/elfederalmendoza.com.ar\/wp-content\/uploads\/2024\/01\/fmi-milei-600x500.jpg",600,500,true],"ultp_layout_square":["https:\/\/elfederalmendoza.com.ar\/wp-content\/uploads\/2024\/01\/fmi-milei-600x500.jpg",600,500,true],"rpwe-thumbnail":["https:\/\/elfederalmendoza.com.ar\/wp-content\/uploads\/2024\/01\/fmi-milei-45x45.jpg",45,45,true],"advps-thumb-one":["https:\/\/elfederalmendoza.com.ar\/wp-content\/uploads\/2024\/01\/fmi-milei-750x420.jpg",750,420,true]},"rttpg_author":{"display_name":"Redacci\u00f3n El Federal","author_link":"https:\/\/elfederalmendoza.com.ar\/index.php\/author\/angelflores\/"},"rttpg_comment":0,"rttpg_category":"<a href=\"https:\/\/elfederalmendoza.com.ar\/index.php\/category\/arg\/\" rel=\"category tag\">Argentina<\/a>","rttpg_excerpt":"El Gobierno anunci\u00f3 que lleg\u00f3 a un&nbsp;acuerdo con el&nbsp;Fondo Monetario Internacional (FMI)&nbsp;y se espera que en las pr\u00f3ximas horas se conozcan los detalles del primer entendimiento en la gesti\u00f3n de Javier Milei. Desde la Casa Rosada indicaron que funcionarios del Ministerio de Econom\u00eda trabajan en detalle con t\u00e9cnicos del organismo, que se encuentran en Buenos&hellip;","_links":{"self":[{"href":"https:\/\/elfederalmendoza.com.ar\/index.php\/wp-json\/wp\/v2\/posts\/31060","targetHints":{"allow":["GET"]}}],"collection":[{"href":"https:\/\/elfederalmendoza.com.ar\/index.php\/wp-json\/wp\/v2\/posts"}],"about":[{"href":"https:\/\/elfederalmendoza.com.ar\/index.php\/wp-json\/wp\/v2\/types\/post"}],"author":[{"embeddable":true,"href":"https:\/\/elfederalmendoza.com.ar\/index.php\/wp-json\/wp\/v2\/users\/2"}],"replies":[{"embeddable":true,"href":"https:\/\/elfederalmendoza.com.ar\/index.php\/wp-json\/wp\/v2\/comments?post=31060"}],"version-history":[{"count":1,"href":"https:\/\/elfederalmendoza.com.ar\/index.php\/wp-json\/wp\/v2\/posts\/31060\/revisions"}],"predecessor-version":[{"id":31064,"href":"https:\/\/elfederalmendoza.com.ar\/index.php\/wp-json\/wp\/v2\/posts\/31060\/revisions\/31064"}],"wp:featuredmedia":[{"embeddable":true,"href":"https:\/\/elfederalmendoza.com.ar\/index.php\/wp-json\/wp\/v2\/media\/31063"}],"wp:attachment":[{"href":"https:\/\/elfederalmendoza.com.ar\/index.php\/wp-json\/wp\/v2\/media?parent=31060"}],"wp:term":[{"taxonomy":"category","embeddable":true,"href":"https:\/\/elfederalmendoza.com.ar\/index.php\/wp-json\/wp\/v2\/categories?post=31060"},{"taxonomy":"post_tag","embeddable":true,"href":"https:\/\/elfederalmendoza.com.ar\/index.php\/wp-json\/wp\/v2\/tags?post=31060"}],"curies":[{"name":"wp","href":"https:\/\/api.w.org\/{rel}","templated":true}]}}