{"id":31225,"date":"2024-01-16T12:49:48","date_gmt":"2024-01-16T15:49:48","guid":{"rendered":"https:\/\/elfederalmendoza.com\/?p=31225"},"modified":"2024-01-16T12:49:49","modified_gmt":"2024-01-16T15:49:49","slug":"patricia-bullrich-le-pidio-a-la-justicia-que-expulse-del-pais-a-los-extranjeros-no-residentes-que-cometen-delitos","status":"publish","type":"post","link":"https:\/\/elfederalmendoza.com.ar\/index.php\/2024\/01\/16\/patricia-bullrich-le-pidio-a-la-justicia-que-expulse-del-pais-a-los-extranjeros-no-residentes-que-cometen-delitos\/","title":{"rendered":"Patricia Bullrich le pidi\u00f3 a la Justicia que expulse del pa\u00eds a los extranjeros no residentes que cometen delitos"},"content":{"rendered":"\n<p>La ministra de Seguridad de la Naci\u00f3n se refiri\u00f3 a la tr\u00e1gica toma de terrenos en La Matanza y habl\u00f3 de \u201cpermisividad\u201d en la provincia de Buenos Aires respecto de las usurpaciones.<\/p>\n\n\n\n<p>La ministra de Seguridad,\u00a0Patricia Bullrich, reclam\u00f3 hoy que la Justicia expulse del pa\u00eds a los extranjeros que no tienen residencia y que cometan delitos, a la vez que apunt\u00f3 contra la provincia de Buenos Aires por la\u00a0tr\u00e1gica toma de terrenos en La Matanza <strong>que dej\u00f3 5 muertos\u00a0durante un enfrentamiento.<\/strong><\/p>\n\n\n\n<p>\u201cEn caso de haber personas que usurpan terrenos que son extranjeros que no tienen domicilio permanente en la Argentina,&nbsp;<strong>la Justicia deber\u00eda proceder a echarlos<\/strong>&nbsp;del pa\u00eds de manera inmediata\u201d, afirm\u00f3 la funcionaria.<\/p>\n\n\n\n<p>Durante una entrevista en\u00a0<em>Radio Mitre<\/em>, Bullrich reforz\u00f3 su idea:\u00a0<strong>\u201cEl que viene a usurpar, a matar, debe ser expulsado\u00a0<\/strong>a menos que haya nacido en Argentina o tenga una residencia permanente.<strong>\u00a0Esa es una medida correctiva que hay que hacer de manera inmediata\u201d,\u00a0<\/strong>subray\u00f3<strong>.<\/strong><a href=\"https:\/\/www.infobae.com\/politica\/2024\/01\/16\/por-decreto-la-provincia-de-buenos-aires-otorgo-un-aumento-salarial-del-25-en-enero-para-los-empleados-estatales\/\" target=\"_blank\" rel=\"noreferrer noopener\"><\/a><\/p>\n\n\n\n<p>En los \u00faltimos d\u00edas,\u00a0desde la Ciudad de Buenos Aires salieron a reclamar\u00a0que se acelere la expulsi\u00f3n de delincuentes extranjeros y que, para eso, se reponga un decreto firmado en 2017, en el Gobierno de Mauricio Macri, cuando Bullrich tambi\u00e9n estaba al frente de la cartera de Seguridad.<\/p>\n\n\n\n<blockquote class=\"wp-block-quote is-layout-flow wp-block-quote-is-layout-flow\">\n<p><strong>Primero fue el jefe de Gobierno porte\u00f1o, Jorge Macri, y luego su ministro de Seguridad, Waldo Wolff, quiene pidieron expulsar a los delincuentes extranjeros<\/strong><a href=\"https:\/\/www.infobae.com\/politica\/2024\/01\/16\/el-empobrecedor-maduro-confirma-que-vamos-bien-la-respuesta-de-milei-al-dictador-de-venezuela-que-lo-califico-como-un-error-fatal-en-la-historia\/\" target=\"_blank\" rel=\"noreferrer noopener\"><\/a><\/p>\n<\/blockquote>\n\n\n\n<p>\u201cVamos a trabajar para restituir el decreto 70\/2017 de Migraciones que permite la expulsi\u00f3n de ciudadanos extranjeros que delinquen en nuestros pa\u00eds. Es con orden\u201d, fue el misma red de Waldo Woff, tras dar una serie de datos que muestran la participaci\u00f3n de extranjeros en hechos delictivos en la Ciudad de Buenos Aires.<\/p>\n\n\n\n<p>En enero de 2017, Macri y su gabinete firmaron el\u00a0Decreto 70\u00a0que modific\u00f3 la Ley de Migraciones. Ampar\u00e1ndose en la definici\u00f3n de que cada Estado tiene \u201cla prerrogativa soberana de decidir los criterios de admisi\u00f3n y expulsi\u00f3n de los no nacionales\u201d, se cre\u00f3 un \u201cprocedimiento migratorio especial sumar\u00edsimo\u201d para negar el ingreso y expulsar a delincuentes extranjeros con mayor agilidad.<\/p>\n\n\n\n<p>El argumento en ese entonces radic\u00f3 en \u201cla duraci\u00f3n de los procesos administrativos y judiciales\u201d y en el incremento de personas de nacionalidad extranjera bajo custodia del Servicio Penitenciario que en 2016 alcanz\u00f3 al 21,3% de la poblaci\u00f3n carcelaria total, pero que al analizar la cantidad de personas detenidas por narcotr\u00e1fico, la cifra de inmigrantes sub\u00eda al 33% en aquel a\u00f1o.<\/p>\n\n\n\n<p>Ese decreto\u00a0fue derogado por el Gobierno de Alberto Fern\u00e1ndez en 2021\u00a0argumentando que el DNU de Macri hab\u00eda modificado \u201caspectos sustanciales\u201d de la Ley de Migraciones \u201cque resultan irreconciliables con nuestra Constituci\u00f3n Nacional y con el sistema internacional de protecci\u00f3n de los derechos humanos, entre los que cabe mencionar la violaci\u00f3n al principio del debido proceso, al derecho a contar con asistencia y defensa legal, la restricci\u00f3n a un control amplio y suficiente del poder judicial sobre los actos de la autoridad administrativa, la amplitud con la que se prev\u00e9 la retenci\u00f3n preventiva del y de la migrante sin definir las causas que la habilitan y la restricci\u00f3n a los derechos de reunificaci\u00f3n familiar y dispensa por razones humanitarias\u201d.<\/p>\n\n\n\n<p>Adem\u00e1s de sostener que la pol\u00edtica migratoria de Cambiemos no evidenci\u00f3 \u201cmejoras ponderables en otros aspectos\u201d, desde la entrada en vigencia del Decreto 70 en 2017 \u201cse agrav\u00f3 exponencialmente la litigiosidad en materia migratoria\u201d, dijeron en aquel momento.<\/p>\n\n\n\n<h2 class=\"wp-block-heading\">La relaci\u00f3n con la provincia de Buenos Aires tras la tr\u00e1fica toma en La Matanza<\/h2>\n\n\n\n<p>La ministra habl\u00f3 extensamente sobre la toma de terrenos en La Matanza, donde cinco personas murieron en medio de un enfrentamiento. En ese sentido, apunt\u00f3 contra las autoridades provinciales y municipales, habl\u00f3 de \u201cpermisividad\u201d y hasta esboz\u00f3 una posibl connivencia pol\u00edtica con los usurpadores.<\/p>\n\n\n\n<p>\u201cCreemos que&nbsp;<strong>la permisividad permanente que existe en la provincia de Buenos Aires respecto a las usurpaciones<\/strong>&nbsp;generan un clima en el que las personas pueden tomar un terreno sin consecuencias. Es un tema que viene sucediendo hace tiempo y es absolutamente contrario a lo que pensamos. Creemos que hay que tomar decisiones urgentes respecto de los desalojos\u201d, dijo la ministra.<\/p>\n\n\n\n<p>Bullrich sostuvo que lo que ocurre en La Matanza \u201ces un caso especial\u00edsimo\u201d porque, afirm\u00f3, hay \u201cconnivencia entre punteros que se convierten en narcotraficantes, y tambi\u00e9n hay pol\u00edticos que lucran con esto\u201d.<\/p>\n\n\n\n<blockquote class=\"twitter-tweet\" data-media-max-width=\"560\"><p lang=\"es\" dir=\"ltr\">Personas de nacionalidad Boliviana quisieron usurpar un predio en La Matanza, fueron acribillados. <a href=\"https:\/\/t.co\/pVipGITlOx\">pic.twitter.com\/pVipGITlOx<\/a><\/p>&mdash; L u l a \ud83c\udf1c (@lulalinera) <a href=\"https:\/\/twitter.com\/lulalinera\/status\/1746850485808648698?ref_src=twsrc%5Etfw\">January 15, 2024<\/a><\/blockquote> <script async src=\"https:\/\/platform.twitter.com\/widgets.js\" charset=\"utf-8\"><\/script>\n\n\n\n<p>Al menos cinco personas murieron en un feroz enfrentamiento por la disputa de terrenos en La Matanza<\/p>\n\n\n\n<p>La excandidata presidencial tambi\u00e9n dijo que habla \u201cpermanentemente\u201d con el Gobierno de la provincia de Buenos Aires y que est\u00e1n terminando de acordar la participaci\u00f3n de las fuerzas federales de seguridad. De todas formas, advirti\u00f3 que \u201c<strong>una cosa es el rol de la Polic\u00eda y otra es la permisividad respecto a la usurpaci\u00f3n\u201d<\/strong>.<\/p>\n\n\n\n<p>\u201cEl hecho es que las usurpaciones no son inmediatamente evacuadas para que la tierra se recupere y todos los argentinos est\u00e9n en igualdad ante la ley. En eso tenemos una diferencia muy fuerte con el Gobierno de la provincia de Buenos Aires, en especial en La Matanza, que permiten que se tomen tierras y no act\u00faan de manera inmediat.&nbsp;<strong>Tierra que se usurpa, tierra que se desaloja<\/strong>, esa es nuestra consigna y estamos para ayudar a la Provincia de Buenos Aires en lo que nos pidan. La tierra no se usurpa, esa es la consigna de nuestro gobierno y la vamos a llevar adelante\u201d, apunt\u00f3.<\/p>\n\n\n\n<h2 class=\"wp-block-heading\">La situaci\u00f3n que vive Santa Fe y las amenazas al gobernador Pullaro<\/h2>\n\n\n\n<p>Bullrich tambi\u00e9n fue consultado sobre la situaci\u00f3n respecto del narcotr\u00e1fico que vive la provincia de Santa Fe y las amenazas que viene recibiendo el gobernador Maximiliano Pullaro. La ministra cont\u00f3 que habl\u00f3 esta ma\u00f1ana con el mandatario y que el viernes lo recibir\u00e1 en el Ministerio de Seguridad.<\/p>\n\n\n\n<p>\u201cTenemos a todos nuestro personal penitenciario amenazado,&nbsp;<strong>est\u00e1n con 140 presos de alto riesgo que tenemos en c\u00e1rceles federales<\/strong>. Hay que trabajar bajo esta presi\u00f3n, en el Ministerio de Seguridad se reciben amenazas todo el tiempo.<strong>&nbsp;Intentan sacarnos de la cancha pero no nos van a sacar\u201d<\/strong>, dijo Bullrich.<\/p>\n\n\n\n<p>Adem\u00e1s, dijo que la posible presencia del Ej\u00e9rcito en Rosario \u201cno es algo que est\u00e9 decidido\u201d, y si bien dijo que no es su cartera, cont\u00f3 que tuvo una reuni\u00f3n con el Ministerio de Defensa.<\/p>\n\n\n\n<p>Adem\u00e1s, a Bullrich le preguntaron directamente si\u00a0la situaci\u00f3n que vivi\u00f3 la semana Ecuador, en la que bandas narcos pusieron en jaque al Gobierno, pueden darse en la Argentina.<\/p>\n\n\n\n<p>\u201c<strong>Depende de lo que hagamos<\/strong>. Si nosotros golpeamos todos los d\u00edas, las amenazas van a ser todos los d\u00edas para desbaratar el \u00e1nimo de las fuerzas de seguridad, asustar a las familias y a los ciudadanos.&nbsp;<strong>Nosotros no vamos regular el delito<\/strong>, no vamos a decir \u2018ustedes menajen la zona tranquilos\u2019. Nosotros vamos a ir a fondo y cuando uno va a fondo va a recibir amenazas y va a estar bajo presi\u00f3n\u201d, asegur\u00f3.<\/p>\n\n\n\n<p>Y agreg\u00f3: \u201cPor eso tenemos que equipar y proteger a nuestras fuerzas federales. Por eso presentamos el articulo 34 de legitima defensa que est\u00e1 en la Ley \u00d3mnibus, eso tiene que salir porque las fuerzas de seguridad si sienten que van a terminar presos por actuar, la posibilidad de que bajen los brazos es enorme\u201d.<\/p>\n","protected":false},"excerpt":{"rendered":"<p>La ministra de Seguridad de la Naci\u00f3n se refiri\u00f3 a la tr\u00e1gica toma de terrenos en La Matanza y habl\u00f3 de \u201cpermisividad\u201d en la provincia de Buenos Aires respecto de las usurpaciones. La ministra de Seguridad,\u00a0Patricia Bullrich, reclam\u00f3 hoy que la Justicia expulse del pa\u00eds a los extranjeros que no tienen residencia y que cometan<a class=\"read-more\" href=\"https:\/\/elfederalmendoza.com.ar\/index.php\/2024\/01\/16\/patricia-bullrich-le-pidio-a-la-justicia-que-expulse-del-pais-a-los-extranjeros-no-residentes-que-cometen-delitos\/\"> [&hellip;]<\/a><\/p>\n","protected":false},"author":2,"featured_media":31227,"comment_status":"open","ping_status":"open","sticky":false,"template":"","format":"standard","meta":{"footnotes":""},"categories":[5618],"tags":[],"class_list":["post-31225","post","type-post","status-publish","format-standard","has-post-thumbnail","hentry","category-arg"],"rttpg_featured_image_url":{"full":["https:\/\/elfederalmendoza.com.ar\/wp-content\/uploads\/2024\/01\/PATO.jpg",1304,728,false],"landscape":["https:\/\/elfederalmendoza.com.ar\/wp-content\/uploads\/2024\/01\/PATO.jpg",1304,728,false],"portraits":["https:\/\/elfederalmendoza.com.ar\/wp-content\/uploads\/2024\/01\/PATO.jpg",1304,728,false],"thumbnail":["https:\/\/elfederalmendoza.com.ar\/wp-content\/uploads\/2024\/01\/PATO-150x150.jpg",150,150,true],"medium":["https:\/\/elfederalmendoza.com.ar\/wp-content\/uploads\/2024\/01\/PATO-300x167.jpg",300,167,true],"large":["https:\/\/elfederalmendoza.com.ar\/wp-content\/uploads\/2024\/01\/PATO-1024x572.jpg",640,358,true],"1536x1536":["https:\/\/elfederalmendoza.com.ar\/wp-content\/uploads\/2024\/01\/PATO.jpg",1304,728,false],"2048x2048":["https:\/\/elfederalmendoza.com.ar\/wp-content\/uploads\/2024\/01\/PATO.jpg",1304,728,false],"ultp_layout_landscape_large":["https:\/\/elfederalmendoza.com.ar\/wp-content\/uploads\/2024\/01\/PATO-1200x728.jpg",1200,728,true],"ultp_layout_landscape":["https:\/\/elfederalmendoza.com.ar\/wp-content\/uploads\/2024\/01\/PATO-870x570.jpg",870,570,true],"ultp_layout_portrait":["https:\/\/elfederalmendoza.com.ar\/wp-content\/uploads\/2024\/01\/PATO-600x728.jpg",600,728,true],"ultp_layout_square":["https:\/\/elfederalmendoza.com.ar\/wp-content\/uploads\/2024\/01\/PATO-600x600.jpg",600,600,true],"rpwe-thumbnail":["https:\/\/elfederalmendoza.com.ar\/wp-content\/uploads\/2024\/01\/PATO-45x45.jpg",45,45,true],"advps-thumb-one":["https:\/\/elfederalmendoza.com.ar\/wp-content\/uploads\/2024\/01\/PATO-1200x420.jpg",1200,420,true]},"rttpg_author":{"display_name":"Redacci\u00f3n El Federal","author_link":"https:\/\/elfederalmendoza.com.ar\/index.php\/author\/angelflores\/"},"rttpg_comment":0,"rttpg_category":"<a href=\"https:\/\/elfederalmendoza.com.ar\/index.php\/category\/arg\/\" rel=\"category tag\">Argentina<\/a>","rttpg_excerpt":"La ministra de Seguridad de la Naci\u00f3n se refiri\u00f3 a la tr\u00e1gica toma de terrenos en La Matanza y habl\u00f3 de \u201cpermisividad\u201d en la provincia de Buenos Aires respecto de las usurpaciones. La ministra de Seguridad,\u00a0Patricia Bullrich, reclam\u00f3 hoy que la Justicia expulse del pa\u00eds a los extranjeros que no tienen residencia y que cometan&hellip;","_links":{"self":[{"href":"https:\/\/elfederalmendoza.com.ar\/index.php\/wp-json\/wp\/v2\/posts\/31225","targetHints":{"allow":["GET"]}}],"collection":[{"href":"https:\/\/elfederalmendoza.com.ar\/index.php\/wp-json\/wp\/v2\/posts"}],"about":[{"href":"https:\/\/elfederalmendoza.com.ar\/index.php\/wp-json\/wp\/v2\/types\/post"}],"author":[{"embeddable":true,"href":"https:\/\/elfederalmendoza.com.ar\/index.php\/wp-json\/wp\/v2\/users\/2"}],"replies":[{"embeddable":true,"href":"https:\/\/elfederalmendoza.com.ar\/index.php\/wp-json\/wp\/v2\/comments?post=31225"}],"version-history":[{"count":1,"href":"https:\/\/elfederalmendoza.com.ar\/index.php\/wp-json\/wp\/v2\/posts\/31225\/revisions"}],"predecessor-version":[{"id":31228,"href":"https:\/\/elfederalmendoza.com.ar\/index.php\/wp-json\/wp\/v2\/posts\/31225\/revisions\/31228"}],"wp:featuredmedia":[{"embeddable":true,"href":"https:\/\/elfederalmendoza.com.ar\/index.php\/wp-json\/wp\/v2\/media\/31227"}],"wp:attachment":[{"href":"https:\/\/elfederalmendoza.com.ar\/index.php\/wp-json\/wp\/v2\/media?parent=31225"}],"wp:term":[{"taxonomy":"category","embeddable":true,"href":"https:\/\/elfederalmendoza.com.ar\/index.php\/wp-json\/wp\/v2\/categories?post=31225"},{"taxonomy":"post_tag","embeddable":true,"href":"https:\/\/elfederalmendoza.com.ar\/index.php\/wp-json\/wp\/v2\/tags?post=31225"}],"curies":[{"name":"wp","href":"https:\/\/api.w.org\/{rel}","templated":true}]}}