{"id":31320,"date":"2024-01-19T19:21:13","date_gmt":"2024-01-19T22:21:13","guid":{"rendered":"https:\/\/elfederalmendoza.com\/?p=31320"},"modified":"2024-01-19T19:21:14","modified_gmt":"2024-01-19T22:21:14","slug":"cristina-kirchner-dejo-una-deuda-millonaria-por-el-uso-de-los-aviones-de-ypf-para-viajar-a-su-casa-en-santa-cruz","status":"publish","type":"post","link":"https:\/\/elfederalmendoza.com.ar\/index.php\/2024\/01\/19\/cristina-kirchner-dejo-una-deuda-millonaria-por-el-uso-de-los-aviones-de-ypf-para-viajar-a-su-casa-en-santa-cruz\/","title":{"rendered":"Cristina Kirchner dej\u00f3 una deuda millonaria por el uso de los aviones de YPF para viajar a su casa en Santa Cruz"},"content":{"rendered":"\n<p>La ex vicepresidenta gast\u00f3 $ 200 millones para ir al sur en aviones de la Presidencia sin agenda oficial. La oposici\u00f3n pidi\u00f3 explicaciones porque asegura que los viajes no tuvieron que ver con la gesti\u00f3n.<\/p>\n\n\n\n<p>La Secretaria General de la Presidencia deber\u00e1 afrontar una millonaria deuda porel\u00a0<strong>uso que le dio Cristina Fern\u00e1ndez de Kirchner a los aviones\u00a0<\/strong>de YPF para trasladarse el a\u00f1o pasado hasta la villa patag\u00f3nica de El Calafate, mientras era la vicepresidenta de Argentina.<\/p>\n\n\n\n<figure class=\"wp-block-image size-large\"><img loading=\"lazy\" decoding=\"async\" width=\"1024\" height=\"571\" src=\"https:\/\/elfederalmendoza.com\/wp-content\/uploads\/2024\/01\/avion-1024x571.jpg\" alt=\"\" class=\"wp-image-31322\" srcset=\"https:\/\/elfederalmendoza.com.ar\/wp-content\/uploads\/2024\/01\/avion-1024x571.jpg 1024w, https:\/\/elfederalmendoza.com.ar\/wp-content\/uploads\/2024\/01\/avion-300x167.jpg 300w, https:\/\/elfederalmendoza.com.ar\/wp-content\/uploads\/2024\/01\/avion-768x429.jpg 768w, https:\/\/elfederalmendoza.com.ar\/wp-content\/uploads\/2024\/01\/avion.jpg 1371w\" sizes=\"auto, (max-width: 1024px) 100vw, 1024px\" \/><\/figure>\n\n\n\n<p><strong>83.288 kil\u00f3metros, el equivalente a seis viajes desde Argentina a Rusia<\/strong>. Esa es la distancia total que recorrieron en 2021 los aviones de la Flota A\u00e9rea Presidencial y una aeronave de la empresa\u00a0YPF para llevar y traer a la ex titular del Senado desde y hacia R\u00edo Gallegos y El Calafate.<a href=\"https:\/\/www.lavoz.com.ar\/politica\/anses-dispuso-que-cristina-kirchner-no-pueda-cobrar-el-retroactivo-por-doble-pension\/\"><\/a><a href=\"https:\/\/www.lavoz.com.ar\/politica\/anses-dispuso-que-cristina-kirchner-no-pueda-cobrar-el-retroactivo-por-doble-pension\/\"><\/a><\/p>\n\n\n\n<p>Seg\u00fan algunas estimaciones del sector aeron\u00e1utico, e<strong>l actual Gobierno\u00a0deber\u00eda afrontar pagos por unos $ 200 millones<\/strong> que, en verdad,\u00a0deb\u00edan haber sido cancelados por la anterior administraci\u00f3n.\u00a0Se trata de los costos operativos y de combustible que demand\u00f3\u00a0el alquiler de dos aeronaves pertenecientes a la petrolera\u00a0de mayor\u00eda estatal:<strong> un Learjet 60 y un Embraer Praetor 550.\u00a0Este \u00faltimo, m\u00e1s grande y adquirido en 2023, era el favorito de la exmandataria.<\/strong><\/p>\n\n\n\n<p>TN\u00a0accedi\u00f3 a documentos oficiales que exponen que fueron\u00a0en total 21 operaciones\u00a0que en muchos casos -19 casos- se realizaron pese a que Cristina Kirchner\u00a0no ten\u00eda agenda o actividad oficial en el sur, lo que gener\u00f3 cr\u00edticas de la oposici\u00f3n y un pedido de informes por parte del bloque de Juntos por el Cambio.<\/p>\n\n\n\n<p>Vale destacar que Cristina no era la \u00fanica pasajera. Seg\u00fan pudo saber PERFIL, el ex presidente\u00a0<strong>Alberto Fern\u00e1ndez<\/strong>\u00a0se subi\u00f3 en un par de ocasiones al avi\u00f3n m\u00e1s moderno de YPF y tambi\u00e9n lo utilizaba el ex ministro de Econom\u00eda\u00a0<strong>Sergio Massa<\/strong>\u00a0durante la campa\u00f1a presidencial.<\/p>\n\n\n\n<p>Es por eso que desde el entorno de los hermanos Milei, que por ejemplo no hicieron uso de los aviones en su primer viaje al extranjero ya ejerciendo sus cargos, en el\u00a0<strong>Foro Econ\u00f3mico de Davos<\/strong>,\u00a0hay enojo por la deuda que dej\u00f3 la exmandataria, que adem\u00e1s usaba los aviones de YPF porque no quer\u00eda usar el avi\u00f3n oficial\u00a0ARG 01, que compr\u00f3 Alberto Fern\u00e1ndez en\u00a0<strong>25 millones de d\u00f3lares<\/strong>.<\/p>\n\n\n\n<figure class=\"wp-block-image size-large\"><img loading=\"lazy\" decoding=\"async\" width=\"1024\" height=\"603\" src=\"https:\/\/elfederalmendoza.com\/wp-content\/uploads\/2024\/01\/avion2-1024x603.jpg\" alt=\"\" class=\"wp-image-31323\" srcset=\"https:\/\/elfederalmendoza.com.ar\/wp-content\/uploads\/2024\/01\/avion2-1024x603.jpg 1024w, https:\/\/elfederalmendoza.com.ar\/wp-content\/uploads\/2024\/01\/avion2-300x177.jpg 300w, https:\/\/elfederalmendoza.com.ar\/wp-content\/uploads\/2024\/01\/avion2-768x452.jpg 768w, https:\/\/elfederalmendoza.com.ar\/wp-content\/uploads\/2024\/01\/avion2.jpg 1309w\" sizes=\"auto, (max-width: 1024px) 100vw, 1024px\" \/><\/figure>\n\n\n\n<p>Esa decisi\u00f3n se habr\u00eda originado, seg\u00fan cuenta el art\u00edculo de&nbsp;<em>Clar\u00edn<\/em>, por la desconfianza de Fern\u00e1ndez de Kirchner&nbsp;en los pilotos de las&nbsp;<strong>Fuerzas Armadas<\/strong>, por dos episodios accidentales que no le gustaron: uno en 2015, camino a China, cuando en una escala aterrizando en Marruecos hicieron una brusca maniobra, y la otra, en 2021, cuando no le avisaron que camino a R\u00edo Gallegos har\u00edan&nbsp;una escala, y luego ten\u00edan inconvenientes para&nbsp;\u00abcerrar\u00bb la puerta de la unidad, lo que hizo que la expresidenta se bajara del avi\u00f3n antes del despegue.&nbsp;<\/p>\n\n\n\n<p>PERFIL contact\u00f3 al entorno de Milei y de Cristina Kirchner para consultar por este tema, pero al momento no hubo respuesta.\u00a0<\/p>\n","protected":false},"excerpt":{"rendered":"<p>La ex vicepresidenta gast\u00f3 $ 200 millones para ir al sur en aviones de la Presidencia sin agenda oficial. La oposici\u00f3n pidi\u00f3 explicaciones porque asegura que los viajes no tuvieron que ver con la gesti\u00f3n. La Secretaria General de la Presidencia deber\u00e1 afrontar una millonaria deuda porel\u00a0uso que le dio Cristina Fern\u00e1ndez de Kirchner a<a class=\"read-more\" href=\"https:\/\/elfederalmendoza.com.ar\/index.php\/2024\/01\/19\/cristina-kirchner-dejo-una-deuda-millonaria-por-el-uso-de-los-aviones-de-ypf-para-viajar-a-su-casa-en-santa-cruz\/\"> [&hellip;]<\/a><\/p>\n","protected":false},"author":2,"featured_media":31324,"comment_status":"open","ping_status":"open","sticky":false,"template":"","format":"standard","meta":{"footnotes":""},"categories":[5618],"tags":[],"class_list":["post-31320","post","type-post","status-publish","format-standard","has-post-thumbnail","hentry","category-arg"],"rttpg_featured_image_url":{"full":["https:\/\/elfederalmendoza.com.ar\/wp-content\/uploads\/2024\/01\/avion1.jpg",1235,827,false],"landscape":["https:\/\/elfederalmendoza.com.ar\/wp-content\/uploads\/2024\/01\/avion1.jpg",1235,827,false],"portraits":["https:\/\/elfederalmendoza.com.ar\/wp-content\/uploads\/2024\/01\/avion1.jpg",1235,827,false],"thumbnail":["https:\/\/elfederalmendoza.com.ar\/wp-content\/uploads\/2024\/01\/avion1-150x150.jpg",150,150,true],"medium":["https:\/\/elfederalmendoza.com.ar\/wp-content\/uploads\/2024\/01\/avion1-300x201.jpg",300,201,true],"large":["https:\/\/elfederalmendoza.com.ar\/wp-content\/uploads\/2024\/01\/avion1-1024x686.jpg",640,429,true],"1536x1536":["https:\/\/elfederalmendoza.com.ar\/wp-content\/uploads\/2024\/01\/avion1.jpg",1235,827,false],"2048x2048":["https:\/\/elfederalmendoza.com.ar\/wp-content\/uploads\/2024\/01\/avion1.jpg",1235,827,false],"ultp_layout_landscape_large":["https:\/\/elfederalmendoza.com.ar\/wp-content\/uploads\/2024\/01\/avion1-1200x800.jpg",1200,800,true],"ultp_layout_landscape":["https:\/\/elfederalmendoza.com.ar\/wp-content\/uploads\/2024\/01\/avion1-870x570.jpg",870,570,true],"ultp_layout_portrait":["https:\/\/elfederalmendoza.com.ar\/wp-content\/uploads\/2024\/01\/avion1-600x827.jpg",600,827,true],"ultp_layout_square":["https:\/\/elfederalmendoza.com.ar\/wp-content\/uploads\/2024\/01\/avion1-600x600.jpg",600,600,true],"rpwe-thumbnail":["https:\/\/elfederalmendoza.com.ar\/wp-content\/uploads\/2024\/01\/avion1-45x45.jpg",45,45,true],"advps-thumb-one":["https:\/\/elfederalmendoza.com.ar\/wp-content\/uploads\/2024\/01\/avion1-1200x420.jpg",1200,420,true]},"rttpg_author":{"display_name":"Redacci\u00f3n El Federal","author_link":"https:\/\/elfederalmendoza.com.ar\/index.php\/author\/angelflores\/"},"rttpg_comment":0,"rttpg_category":"<a href=\"https:\/\/elfederalmendoza.com.ar\/index.php\/category\/arg\/\" rel=\"category tag\">Argentina<\/a>","rttpg_excerpt":"La ex vicepresidenta gast\u00f3 $ 200 millones para ir al sur en aviones de la Presidencia sin agenda oficial. La oposici\u00f3n pidi\u00f3 explicaciones porque asegura que los viajes no tuvieron que ver con la gesti\u00f3n. La Secretaria General de la Presidencia deber\u00e1 afrontar una millonaria deuda porel\u00a0uso que le dio Cristina Fern\u00e1ndez de Kirchner a&hellip;","_links":{"self":[{"href":"https:\/\/elfederalmendoza.com.ar\/index.php\/wp-json\/wp\/v2\/posts\/31320","targetHints":{"allow":["GET"]}}],"collection":[{"href":"https:\/\/elfederalmendoza.com.ar\/index.php\/wp-json\/wp\/v2\/posts"}],"about":[{"href":"https:\/\/elfederalmendoza.com.ar\/index.php\/wp-json\/wp\/v2\/types\/post"}],"author":[{"embeddable":true,"href":"https:\/\/elfederalmendoza.com.ar\/index.php\/wp-json\/wp\/v2\/users\/2"}],"replies":[{"embeddable":true,"href":"https:\/\/elfederalmendoza.com.ar\/index.php\/wp-json\/wp\/v2\/comments?post=31320"}],"version-history":[{"count":1,"href":"https:\/\/elfederalmendoza.com.ar\/index.php\/wp-json\/wp\/v2\/posts\/31320\/revisions"}],"predecessor-version":[{"id":31325,"href":"https:\/\/elfederalmendoza.com.ar\/index.php\/wp-json\/wp\/v2\/posts\/31320\/revisions\/31325"}],"wp:featuredmedia":[{"embeddable":true,"href":"https:\/\/elfederalmendoza.com.ar\/index.php\/wp-json\/wp\/v2\/media\/31324"}],"wp:attachment":[{"href":"https:\/\/elfederalmendoza.com.ar\/index.php\/wp-json\/wp\/v2\/media?parent=31320"}],"wp:term":[{"taxonomy":"category","embeddable":true,"href":"https:\/\/elfederalmendoza.com.ar\/index.php\/wp-json\/wp\/v2\/categories?post=31320"},{"taxonomy":"post_tag","embeddable":true,"href":"https:\/\/elfederalmendoza.com.ar\/index.php\/wp-json\/wp\/v2\/tags?post=31320"}],"curies":[{"name":"wp","href":"https:\/\/api.w.org\/{rel}","templated":true}]}}