{"id":31329,"date":"2024-01-20T09:39:00","date_gmt":"2024-01-20T12:39:00","guid":{"rendered":"https:\/\/elfederalmendoza.com\/?p=31329"},"modified":"2024-01-20T11:10:41","modified_gmt":"2024-01-20T14:10:41","slug":"javier-milei-volvio-a-atacar-a-una-periodista-por-tercera-vez-en-diez-dias-y-adepa-manifesto-su-preocupacion","status":"publish","type":"post","link":"https:\/\/elfederalmendoza.com.ar\/index.php\/2024\/01\/20\/javier-milei-volvio-a-atacar-a-una-periodista-por-tercera-vez-en-diez-dias-y-adepa-manifesto-su-preocupacion\/","title":{"rendered":"Javier Milei volvi\u00f3 a atacar a una periodista, por tercera vez en diez d\u00edas, y Adepa manifest\u00f3 su preocupaci\u00f3n"},"content":{"rendered":"\n<p><strong>El presidente Javier Milei volvi\u00f3 a criticar a una periodista a trav\u00e9s de sus redes sociales. A menos de 24 horas de que atacara a la corresponsal Luisa Corradini por una nota sobre el Foro de Davos, el jefe del Estado apunt\u00f3 contra la escritora y conductora de radio y televisi\u00f3n Mar\u00eda O\u2019Donnell, a quien acus\u00f3 de haber \u201cmentido\u201d sobre su traslado a la quinta presidencial de Olivos tras su llegada al pa\u00eds. Es la tercera vez en diez d\u00edas que lo hace porque previamente hab\u00eda tratado de \u201cmentirosa\u201d a Silvia Mercado.<\/strong><\/p>\n\n\n\n<p>Horas despu\u00e9s de que aterrizara en Buenos Aires, el l\u00edder de La Libertad Avanza volvi\u00f3 a utilizar la red social X \u2013exTwitter- para descalificar a la prensa. Esta vez reaccion\u00f3 por una informaci\u00f3n que hab\u00eda dado un periodista que trabaja en el programa De Ac\u00e1 en M\u00e1s, que conduce O\u2019Donnell y se emite por la radio Urbana Play. En ese ciclo se consign\u00f3 que Milei se trasladar\u00eda a Olivos en helic\u00f3ptero cuando arribara a la terminal de Ezeiza. El periodista cit\u00f3 fuentes ligadas a Aeropuertos Argentina 2000. Sin embargo, el Presidente se traslad\u00f3 en un veh\u00edculo oficial. Apenas se enter\u00f3, O\u2019Donnell rectific\u00f3 la informaci\u00f3n en su programa y reconoci\u00f3 el error.<\/p>\n\n\n\n<p>Pese a eso, Milei atac\u00f3 a la periodista y comparti\u00f3 un video de El Peluca Milei, una cuenta ligada a sus seguidores, para mostrar que se hab\u00eda trasladado en una camioneta y no en helic\u00f3ptero. Esa pieza audiovisual estaba editada: al mismo tiempo que exhibe im\u00e1genes de la llegada del Presidente, repasa el fragmento del programa de O\u2019Donnell en el que comentan que el jefe del Estado usar\u00eda una aeronave para ir hasta la residencia presidencial. Pero no incluye el audio o video del momento en que la periodista rectifica la informaci\u00f3n.<\/p>\n\n\n\n<p>\u201cMar\u00eda O\u2019Donnell, el presente video de mi llegada a Ezeiza y saliendo en una camioneta deja en evidencia que has mentido con el objetivo de ensuciar. \u2018Periodistas\u2019 mintiendo&#8230; un cl\u00e1sico de la progres\u00eda argenta&#8230;\u201d, puntualiz\u00f3 Milei en su red social.<\/p>\n\n\n\n<p>De inmediato, la periodista sali\u00f3 a responderle. \u201cEn efecto, informamos de manera errada (por fuentes del Aeropuerto) que iba a viajar en helic\u00f3ptero a Olivos, pero en cuanto supimos que no era as\u00ed, lo rectificamos en el mismo programa y admitimos el error al aire pocos minutos m\u00e1s tarde, quiz\u00e1s no le hayan pasado ese corte\u201d, subray\u00f3 O\u2019Donnell en su cuenta, donde replic\u00f3 el mensaje de Milei.<\/p>\n\n\n\n<p>Minutos despu\u00e9s, subi\u00f3 el video del momento en que ella rectificaba la informaci\u00f3n al aire. \u201cAqu\u00ed podr\u00e1 escuchar c\u00f3mo rectificamos e informamos correctamente\u201d, apunt\u00f3. Enseguida, agreg\u00f3: \u201cOjal\u00e1 lo pueda compartir con sus seguidores para que no me sigan insultando. Gracias\u201d.<\/p>\n\n\n\n<p>El ataque de Milei a O\u2019Donnell se produjo a menos de 24 horas que el Presidente tildara de \u201cmentirosa\u201d a Corradini, porque dijo en una nota sobre el foro de Davos que el auditorio no se complet\u00f3 cuando expuso el mandatario. \u201cChe&#8230;!!! Pero me contaron que la mentirosa de Luisa Corradini que trabaja para los operadores de La Naci\u00f3n dijo que en mi exposici\u00f3n la sala estaba vac\u00eda&#8230; Parece que tienen una obsesi\u00f3n para mentir, calumniar, difamar y decir todo tipo de barbaridad si se trata de m\u00ed\u201d, escribi\u00f3 el mandatario en X (ex Twitter), junto con una foto del auditorio cuando estaba hablando\u201d, sostuvo Milei.<\/p>\n\n\n\n<p><strong><u>Rechazo de Adepa<\/u><\/strong><br>La fuerte cr\u00edtica de Milei contra Corradini despert\u00f3 el rechazo de la Asociaci\u00f3n de Entidades Period\u00edsticas Argentinas (Adepa), que lament\u00f3 \u201cla nueva descalificaci\u00f3n que hizo el Presidente a una periodista y a un medio de comunicaci\u00f3n\u201d.<\/p>\n\n\n\n<p>La instituci\u00f3n manifest\u00f3 su preocupaci\u00f3n por la actitud del primer mandatario y reiter\u00f3 que \u201cel insulto o la estigmatizaci\u00f3n no constituyen la v\u00eda leg\u00edtima para confrontar, criticar o a\u00fan desmentir una informaci\u00f3n\u201d. \u201cCuando lo hacen las m\u00e1ximas autoridades de un pa\u00eds, la asimetr\u00eda es mayor y se potencian los riesgos de alteraci\u00f3n del clima que preserva la libertad de expresi\u00f3n\u201d, puntualiz\u00f3 Adepa, una organizaci\u00f3n fundada en 1962 y que agrupa a 180 empresas period\u00edsticas de todo el pa\u00eds.<\/p>\n\n\n\n<blockquote class=\"wp-block-quote is-layout-flow wp-block-quote-is-layout-flow\">\n<p>Se\u00f1or presidente ??<a href=\"https:\/\/twitter.com\/JMilei?ref_src=twsrc%5Etfw\">@JMilei<\/a>? aqu\u00ed podr\u00e1 escuchar c\u00f3mo rectificamos e informamos correctamente. Ojal\u00e1 lo pueda compartir con sus seguidores para que no me sigan insultando. Gracias.&nbsp;<a href=\"https:\/\/t.co\/mINHwRX2Bs\">pic.twitter.com\/mINHwRX2Bs<\/a>\u2014 Maria O&#8217; Donnell (@odonnellmaria)&nbsp;<a href=\"https:\/\/twitter.com\/odonnellmaria\/status\/1748367537144832249?ref_src=twsrc%5Etfw\">January 19, 2024<\/a><\/p>\n<\/blockquote>\n\n\n\n<p>La instituci\u00f3n record\u00f3 que el ataque de Milei a Corradini \u201cse produce una semana despu\u00e9s de haber usado el mismo adjetivo contra la periodista Silvia Mercado, y de otras descalificaciones a medios de comunicaci\u00f3n\u201d.<\/p>\n\n\n\n<p>Es que Milei us\u00f3 el mismo calificativo de \u201cmentirosa\u201d para cuestionar a Mercado, quien dija que los perros del Presidente hab\u00edan sido trasladados a la quinta de Olivos, donde se estaban haciendo refacciones para recibirlo.<\/p>\n\n\n\n<p>\u201cEs escandalosa la impunidad con la que inventan y operan mentiras algunos periodistas (en especial la que emite la noticia quien hace este tipo de cosas regularmente). Ninguno de mis perros est\u00e1 en Olivos\u201d, escribi\u00f3 Milei en su cuenta de X.&nbsp;<\/p>\n","protected":false},"excerpt":{"rendered":"<p>El presidente Javier Milei volvi\u00f3 a criticar a una periodista a trav\u00e9s de sus redes sociales. A menos de 24 horas de que atacara a la corresponsal Luisa Corradini por una nota sobre el Foro de Davos, el jefe del Estado apunt\u00f3 contra la escritora y conductora de radio y televisi\u00f3n Mar\u00eda O\u2019Donnell, a quien<a class=\"read-more\" href=\"https:\/\/elfederalmendoza.com.ar\/index.php\/2024\/01\/20\/javier-milei-volvio-a-atacar-a-una-periodista-por-tercera-vez-en-diez-dias-y-adepa-manifesto-su-preocupacion\/\"> [&hellip;]<\/a><\/p>\n","protected":false},"author":2,"featured_media":30766,"comment_status":"open","ping_status":"open","sticky":false,"template":"","format":"standard","meta":{"footnotes":""},"categories":[5618],"tags":[],"class_list":["post-31329","post","type-post","status-publish","format-standard","has-post-thumbnail","hentry","category-arg"],"rttpg_featured_image_url":{"full":["https:\/\/elfederalmendoza.com.ar\/wp-content\/uploads\/2023\/12\/milei1.jpg",1222,816,false],"landscape":["https:\/\/elfederalmendoza.com.ar\/wp-content\/uploads\/2023\/12\/milei1.jpg",1222,816,false],"portraits":["https:\/\/elfederalmendoza.com.ar\/wp-content\/uploads\/2023\/12\/milei1.jpg",1222,816,false],"thumbnail":["https:\/\/elfederalmendoza.com.ar\/wp-content\/uploads\/2023\/12\/milei1-150x150.jpg",150,150,true],"medium":["https:\/\/elfederalmendoza.com.ar\/wp-content\/uploads\/2023\/12\/milei1-300x200.jpg",300,200,true],"large":["https:\/\/elfederalmendoza.com.ar\/wp-content\/uploads\/2023\/12\/milei1-1024x684.jpg",640,428,true],"1536x1536":["https:\/\/elfederalmendoza.com.ar\/wp-content\/uploads\/2023\/12\/milei1.jpg",1222,816,false],"2048x2048":["https:\/\/elfederalmendoza.com.ar\/wp-content\/uploads\/2023\/12\/milei1.jpg",1222,816,false],"ultp_layout_landscape_large":["https:\/\/elfederalmendoza.com.ar\/wp-content\/uploads\/2023\/12\/milei1-1200x800.jpg",1200,800,true],"ultp_layout_landscape":["https:\/\/elfederalmendoza.com.ar\/wp-content\/uploads\/2023\/12\/milei1-870x570.jpg",870,570,true],"ultp_layout_portrait":["https:\/\/elfederalmendoza.com.ar\/wp-content\/uploads\/2023\/12\/milei1-600x816.jpg",600,816,true],"ultp_layout_square":["https:\/\/elfederalmendoza.com.ar\/wp-content\/uploads\/2023\/12\/milei1-600x600.jpg",600,600,true],"rpwe-thumbnail":["https:\/\/elfederalmendoza.com.ar\/wp-content\/uploads\/2023\/12\/milei1-45x45.jpg",45,45,true],"advps-thumb-one":["https:\/\/elfederalmendoza.com.ar\/wp-content\/uploads\/2023\/12\/milei1-1200x420.jpg",1200,420,true]},"rttpg_author":{"display_name":"Redacci\u00f3n El Federal","author_link":"https:\/\/elfederalmendoza.com.ar\/index.php\/author\/angelflores\/"},"rttpg_comment":0,"rttpg_category":"<a href=\"https:\/\/elfederalmendoza.com.ar\/index.php\/category\/arg\/\" rel=\"category tag\">Argentina<\/a>","rttpg_excerpt":"El presidente Javier Milei volvi\u00f3 a criticar a una periodista a trav\u00e9s de sus redes sociales. A menos de 24 horas de que atacara a la corresponsal Luisa Corradini por una nota sobre el Foro de Davos, el jefe del Estado apunt\u00f3 contra la escritora y conductora de radio y televisi\u00f3n Mar\u00eda O\u2019Donnell, a quien&hellip;","_links":{"self":[{"href":"https:\/\/elfederalmendoza.com.ar\/index.php\/wp-json\/wp\/v2\/posts\/31329","targetHints":{"allow":["GET"]}}],"collection":[{"href":"https:\/\/elfederalmendoza.com.ar\/index.php\/wp-json\/wp\/v2\/posts"}],"about":[{"href":"https:\/\/elfederalmendoza.com.ar\/index.php\/wp-json\/wp\/v2\/types\/post"}],"author":[{"embeddable":true,"href":"https:\/\/elfederalmendoza.com.ar\/index.php\/wp-json\/wp\/v2\/users\/2"}],"replies":[{"embeddable":true,"href":"https:\/\/elfederalmendoza.com.ar\/index.php\/wp-json\/wp\/v2\/comments?post=31329"}],"version-history":[{"count":1,"href":"https:\/\/elfederalmendoza.com.ar\/index.php\/wp-json\/wp\/v2\/posts\/31329\/revisions"}],"predecessor-version":[{"id":31342,"href":"https:\/\/elfederalmendoza.com.ar\/index.php\/wp-json\/wp\/v2\/posts\/31329\/revisions\/31342"}],"wp:featuredmedia":[{"embeddable":true,"href":"https:\/\/elfederalmendoza.com.ar\/index.php\/wp-json\/wp\/v2\/media\/30766"}],"wp:attachment":[{"href":"https:\/\/elfederalmendoza.com.ar\/index.php\/wp-json\/wp\/v2\/media?parent=31329"}],"wp:term":[{"taxonomy":"category","embeddable":true,"href":"https:\/\/elfederalmendoza.com.ar\/index.php\/wp-json\/wp\/v2\/categories?post=31329"},{"taxonomy":"post_tag","embeddable":true,"href":"https:\/\/elfederalmendoza.com.ar\/index.php\/wp-json\/wp\/v2\/tags?post=31329"}],"curies":[{"name":"wp","href":"https:\/\/api.w.org\/{rel}","templated":true}]}}