{"id":31347,"date":"2024-01-20T06:13:00","date_gmt":"2024-01-20T09:13:00","guid":{"rendered":"https:\/\/elfederalmendoza.com\/?p=31347"},"modified":"2024-01-20T11:25:01","modified_gmt":"2024-01-20T14:25:01","slug":"la-docente-universitaria-de-san-juan-acusada-de-asesinar-a-su-amigo-lo-desnudo-le-puso-esposas-y-antifaz-y-lo-apunalo-hasta-matarlo","status":"publish","type":"post","link":"https:\/\/elfederalmendoza.com.ar\/index.php\/2024\/01\/20\/la-docente-universitaria-de-san-juan-acusada-de-asesinar-a-su-amigo-lo-desnudo-le-puso-esposas-y-antifaz-y-lo-apunalo-hasta-matarlo\/","title":{"rendered":"La docente universitaria de San Juan acusada de asesinar a su amigo: lo desnud\u00f3, le puso esposas y antifaz y lo apu\u00f1al\u00f3 hasta matarlo"},"content":{"rendered":"\n<p>Decir que el caso tiene ribetes de pel\u00edcula es poco ya que, a medida que la teor\u00eda del Ministerio P\u00fablico se profundiza, el sangriento episodio que termin\u00f3 con la vida de&nbsp;<strong>Marcelo Amarfil<\/strong>&nbsp;ofrece una trama cada vez m\u00e1s atrapante, no s\u00f3lo por la plataforma f\u00e1ctica que este viernes se conoci\u00f3, sino tambi\u00e9n por la firme postura de la acusada de declararse inocente.<a href=\"https:\/\/www.tiempodesanjuan.com\/policiales\/en-ullum-una-camioneta-conducida-un-joven-protagonizo-un-choque-contra-un-camion-n367206\"><\/a><\/p>\n\n\n\n<p>Es que\u00a0<strong>Luciana Bustos S\u00e1nchez<\/strong>, la\u00a0<strong>docente universitaria<\/strong>\u00a0que est\u00e1 sospechada por el\u00a0<strong>crimen en Las Chacritas<\/strong>, se present\u00f3 en Tribunales frente a la jueza de Garant\u00edas Celia Maldonado y escuch\u00f3 atentamente el relato de los fiscales Adri\u00e1n Riveros y Francisco Pizarro, secundados por sus ayudantes fiscales Sebasti\u00e1n G\u00f3mez y Emiliano Pugliese, quienes la se\u00f1alaron como responsable del asesinato y\u00a0<strong>la imputaron por homicidio agravado por alevos\u00eda<\/strong>.<\/p>\n\n\n\n<blockquote class=\"twitter-tweet\" data-media-max-width=\"560\"><p lang=\"es\" dir=\"ltr\">La docente universitaria acusada por el crimen en Las Chacritas asegur\u00f3 que es inocente <a href=\"https:\/\/t.co\/W5yF5gGmXp\">pic.twitter.com\/W5yF5gGmXp<\/a><\/p>&mdash; Tiempo de San Juan (@tiempodesanjuan) <a href=\"https:\/\/twitter.com\/tiempodesanjuan\/status\/1748416715115917621?ref_src=twsrc%5Etfw\">January 19, 2024<\/a><\/blockquote> <script async src=\"https:\/\/platform.twitter.com\/widgets.js\" charset=\"utf-8\"><\/script>\n\n\n\n<p>Para la fiscal\u00eda, la joven de 33 a\u00f1os que es becaria del CONICET y licenciada en Historia actu\u00f3 fr\u00edamente y se aprovech\u00f3 de la situaci\u00f3n de indefensi\u00f3n de la v\u00edctima para apu\u00f1alarlo hasta matarlo. Los investigadores sostuvieron que, tal y como se sospechaba,&nbsp;<strong>la mujer y el profesor de Educaci\u00f3n F\u00edsica estaban manteniendo relaciones sexuales minutos antes del homicidio&nbsp;<\/strong>y, cuando la acusada lo tuvo a su merced, lo atac\u00f3 hasta matarlo.<\/p>\n\n\n\n<p>El relato de los funcionarios de la UFI de Delitos Especiales describe que la v\u00edctima y la imputada era amigos, se conoc\u00edan de hac\u00eda muchos a\u00f1os y -como era habitual- se reunieron para tomar algo. Ella lo pas\u00f3 a buscar el martes 16 de enero por la noche por su casa, en el autom\u00f3vil Ford Fiesta, y se dirigieron a un bar de Santa Luc\u00eda. De las 22 a las 0.30 horas del d\u00eda siguiente, es decir, el 17 de enero, permanecieron en el sitio donde comieron y tomaron y, luego, se marcharon.<\/p>\n\n\n\n<figure class=\"wp-block-image\"><img decoding=\"async\" src=\"https:\/\/media.tiempodesanjuan.com\/p\/b9fe522bcad0b26fa1518664864d4a8c\/adjuntos\/331\/imagenes\/000\/730\/0000730761\/790x0\/smart\/2867d197-c21f-4209-98f4-1dec1cfac07cjfif.jfif\" alt=\"\" title=\"\"\/><\/figure>\n\n\n\n<p>Acorde los registros de las c\u00e1maras de seguridad en la zona, el veh\u00edculo con los involucrados se dirigi\u00f3 hasta calle Pellegrini y en el tramo que comprende Sol\u00eds y Santiago del Estero -en 9 de Julio- se estacionaron. Sin viviendas a la redonda y cercados por la oscuridad del lugar y las fincas all\u00ed emplazadas, intimaron y, seg\u00fan detall\u00f3 el MPF,&nbsp;<strong>encarnaron un juego sexual que termin\u00f3 de la peor manera<\/strong>.<\/p>\n\n\n\n<p>La teor\u00eda del caso afirma que&nbsp;<strong>la v\u00edctima se encontraba completamente desnuda<\/strong>&nbsp;y&nbsp;<strong>con sus manos atadas con unas esposas de cuero<\/strong>. Adem\u00e1s, sostiene que<strong>&nbsp;llevaba puesto un antifaz&nbsp;<\/strong>y por tanto nunca supo que ser\u00eda agredido con un cuchillo. Lo que sigui\u00f3 despu\u00e9s fue el&nbsp;<strong>ataque que le profiri\u00f3 heridas en el rostro, en el cuello y en una de sus manos<\/strong>.<\/p>\n\n\n\n<figure class=\"wp-block-image\"><img decoding=\"async\" src=\"https:\/\/media.tiempodesanjuan.com\/p\/1defb77f22f98f67e1ef07f461e8e335\/adjuntos\/331\/imagenes\/000\/730\/0000730762\/790x0\/smart\/98e29585-58e5-46fa-a532-a1732fe4308ejfif.jfif\" alt=\"\" title=\"\"\/><\/figure>\n\n\n\n<p>El informe de autopsia arroj\u00f3 que Amarfil muri\u00f3 por un shock hipovol\u00e9mico y que la lesi\u00f3n que le provoc\u00f3 el deceso fue la que sufri\u00f3 en el cuello, que fue tan profunda que hasta le cort\u00f3 la tr\u00e1quea. Un dato no menor para la fiscal\u00eda es&nbsp;<strong>la herida en la mano izquierda de la v\u00edctima<\/strong>, puesto que un cuchillazo le cort\u00f3 el dedo \u00edndice. Ese&nbsp;<strong>ser\u00eda un indicio de que existi\u00f3 un acto de defensi\u00f3n ante un ataque<\/strong>&nbsp;y contradice los dichos de la imputada, que asevera que su amigo se autoagredi\u00f3.<\/p>\n\n\n\n<p>\u00abOcultar su intenci\u00f3n de matar sin riesgo, atacando a traici\u00f3n a la v\u00edctima, eso es alevos\u00eda\u00bb, explic\u00f3 Pizarro mientras que Riveros arremeti\u00f3 con todo y, en audiencia, manifest\u00f3: \u00abSe aprovech\u00f3 del estado de indefensi\u00f3n de la v\u00edctima, que estaba con las manos sujetas y los ojos vendados. La v\u00edctima la conoc\u00eda y confiaba en ella, nunca pens\u00f3 que iba a ejecutarlo como lo hizo\u00bb.<\/p>\n\n\n\n<p>A pesar de que la defensora oficial Cecilia Mut Russo se opuso a que su defendida fuera tras las rejas, solicitando subsidiariamente que recibiera la domiciliaria, la jueza Maldonado dio lugar al pedido de prisi\u00f3n preventiva por parte de la fiscal\u00eda y, por tanto, por el t\u00e9rmino de un a\u00f1o Bustos permanecer\u00e1 tras las rejas en el Servicio Penitenciario. Mientras tanto, el caso se investigar\u00e1 un por a\u00f1o.<\/p>\n","protected":false},"excerpt":{"rendered":"<p>Decir que el caso tiene ribetes de pel\u00edcula es poco ya que, a medida que la teor\u00eda del Ministerio P\u00fablico se profundiza, el sangriento episodio que termin\u00f3 con la vida de&nbsp;Marcelo Amarfil&nbsp;ofrece una trama cada vez m\u00e1s atrapante, no s\u00f3lo por la plataforma f\u00e1ctica que este viernes se conoci\u00f3, sino tambi\u00e9n por la firme postura<a class=\"read-more\" href=\"https:\/\/elfederalmendoza.com.ar\/index.php\/2024\/01\/20\/la-docente-universitaria-de-san-juan-acusada-de-asesinar-a-su-amigo-lo-desnudo-le-puso-esposas-y-antifaz-y-lo-apunalo-hasta-matarlo\/\"> [&hellip;]<\/a><\/p>\n","protected":false},"author":2,"featured_media":31349,"comment_status":"open","ping_status":"open","sticky":false,"template":"","format":"standard","meta":{"footnotes":""},"categories":[5618],"tags":[],"class_list":["post-31347","post","type-post","status-publish","format-standard","has-post-thumbnail","hentry","category-arg"],"rttpg_featured_image_url":{"full":["https:\/\/elfederalmendoza.com.ar\/wp-content\/uploads\/2024\/01\/asesina.jpg",1379,951,false],"landscape":["https:\/\/elfederalmendoza.com.ar\/wp-content\/uploads\/2024\/01\/asesina.jpg",1379,951,false],"portraits":["https:\/\/elfederalmendoza.com.ar\/wp-content\/uploads\/2024\/01\/asesina.jpg",1379,951,false],"thumbnail":["https:\/\/elfederalmendoza.com.ar\/wp-content\/uploads\/2024\/01\/asesina-150x150.jpg",150,150,true],"medium":["https:\/\/elfederalmendoza.com.ar\/wp-content\/uploads\/2024\/01\/asesina-300x207.jpg",300,207,true],"large":["https:\/\/elfederalmendoza.com.ar\/wp-content\/uploads\/2024\/01\/asesina-1024x706.jpg",640,441,true],"1536x1536":["https:\/\/elfederalmendoza.com.ar\/wp-content\/uploads\/2024\/01\/asesina.jpg",1379,951,false],"2048x2048":["https:\/\/elfederalmendoza.com.ar\/wp-content\/uploads\/2024\/01\/asesina.jpg",1379,951,false],"ultp_layout_landscape_large":["https:\/\/elfederalmendoza.com.ar\/wp-content\/uploads\/2024\/01\/asesina-1200x800.jpg",1200,800,true],"ultp_layout_landscape":["https:\/\/elfederalmendoza.com.ar\/wp-content\/uploads\/2024\/01\/asesina-870x570.jpg",870,570,true],"ultp_layout_portrait":["https:\/\/elfederalmendoza.com.ar\/wp-content\/uploads\/2024\/01\/asesina-600x900.jpg",600,900,true],"ultp_layout_square":["https:\/\/elfederalmendoza.com.ar\/wp-content\/uploads\/2024\/01\/asesina-600x600.jpg",600,600,true],"rpwe-thumbnail":["https:\/\/elfederalmendoza.com.ar\/wp-content\/uploads\/2024\/01\/asesina-45x45.jpg",45,45,true],"advps-thumb-one":["https:\/\/elfederalmendoza.com.ar\/wp-content\/uploads\/2024\/01\/asesina-1200x420.jpg",1200,420,true]},"rttpg_author":{"display_name":"Redacci\u00f3n El Federal","author_link":"https:\/\/elfederalmendoza.com.ar\/index.php\/author\/angelflores\/"},"rttpg_comment":0,"rttpg_category":"<a href=\"https:\/\/elfederalmendoza.com.ar\/index.php\/category\/arg\/\" rel=\"category tag\">Argentina<\/a>","rttpg_excerpt":"Decir que el caso tiene ribetes de pel\u00edcula es poco ya que, a medida que la teor\u00eda del Ministerio P\u00fablico se profundiza, el sangriento episodio que termin\u00f3 con la vida de&nbsp;Marcelo Amarfil&nbsp;ofrece una trama cada vez m\u00e1s atrapante, no s\u00f3lo por la plataforma f\u00e1ctica que este viernes se conoci\u00f3, sino tambi\u00e9n por la firme postura&hellip;","_links":{"self":[{"href":"https:\/\/elfederalmendoza.com.ar\/index.php\/wp-json\/wp\/v2\/posts\/31347","targetHints":{"allow":["GET"]}}],"collection":[{"href":"https:\/\/elfederalmendoza.com.ar\/index.php\/wp-json\/wp\/v2\/posts"}],"about":[{"href":"https:\/\/elfederalmendoza.com.ar\/index.php\/wp-json\/wp\/v2\/types\/post"}],"author":[{"embeddable":true,"href":"https:\/\/elfederalmendoza.com.ar\/index.php\/wp-json\/wp\/v2\/users\/2"}],"replies":[{"embeddable":true,"href":"https:\/\/elfederalmendoza.com.ar\/index.php\/wp-json\/wp\/v2\/comments?post=31347"}],"version-history":[{"count":2,"href":"https:\/\/elfederalmendoza.com.ar\/index.php\/wp-json\/wp\/v2\/posts\/31347\/revisions"}],"predecessor-version":[{"id":31353,"href":"https:\/\/elfederalmendoza.com.ar\/index.php\/wp-json\/wp\/v2\/posts\/31347\/revisions\/31353"}],"wp:featuredmedia":[{"embeddable":true,"href":"https:\/\/elfederalmendoza.com.ar\/index.php\/wp-json\/wp\/v2\/media\/31349"}],"wp:attachment":[{"href":"https:\/\/elfederalmendoza.com.ar\/index.php\/wp-json\/wp\/v2\/media?parent=31347"}],"wp:term":[{"taxonomy":"category","embeddable":true,"href":"https:\/\/elfederalmendoza.com.ar\/index.php\/wp-json\/wp\/v2\/categories?post=31347"},{"taxonomy":"post_tag","embeddable":true,"href":"https:\/\/elfederalmendoza.com.ar\/index.php\/wp-json\/wp\/v2\/tags?post=31347"}],"curies":[{"name":"wp","href":"https:\/\/api.w.org\/{rel}","templated":true}]}}