{"id":31380,"date":"2024-01-22T11:52:55","date_gmt":"2024-01-22T14:52:55","guid":{"rendered":"https:\/\/elfederalmendoza.com\/?p=31380"},"modified":"2024-01-22T11:52:55","modified_gmt":"2024-01-22T14:52:55","slug":"la-respuesta-de-javier-milei-a-los-artistas-no-es-moral-estar-financiando-peliculas-con-el-dinero-de-la-gente","status":"publish","type":"post","link":"https:\/\/elfederalmendoza.com.ar\/index.php\/2024\/01\/22\/la-respuesta-de-javier-milei-a-los-artistas-no-es-moral-estar-financiando-peliculas-con-el-dinero-de-la-gente\/","title":{"rendered":"La respuesta de Javier Milei a los artistas: \u00abNo es moral estar financiando pel\u00edculas con el dinero de la gente\u00bb"},"content":{"rendered":"\n<p>uego de que un grupo de artistas enviara una\u00a0carta p\u00fablica\u00a0dirigida a diputados y senadores advirtiendo sobre el \u00abpeligro\u00bb de las medidas de\u00a0<strong>Javier Milei<\/strong>, el presidente no se pronunci\u00f3 directamente sobre el tema, aunque s\u00ed comparti\u00f3 unos llamativos mensajes de otros usuarios en redes sociales.<\/p>\n\n\n\n<p>\u00abQuiero que toda la plata del INCAA que Milei les va a cortar a los actores, sea destinada a comedores infantiles.&nbsp;<strong>Ser\u00e1 espectacular ver a los actores con conciencia social llorando porque su dinero se usa ahora para alimentar chicos<\/strong>\u00ab, se lee en uno de los mensajes que el mandatario retwitte\u00f3 en su cuenta de&nbsp;<em>X<\/em>.<\/p>\n\n\n\n<figure class=\"wp-block-image\"><img decoding=\"async\" src=\"https:\/\/fotos.perfil.com\/\/2024\/01\/22\/900\/0\/mensajes-retwitteados-por-javier-milei-1741738.jpg\" alt=\"Mensajes retwitteados por Javier Milei\"\/><\/figure>\n\n\n\n<p>En respuesta a la solicitada que enviaron varios\u00a0referentes culturales, entre ellos\u00a0<strong>Charly Garc\u00eda, Fito P\u00e1ez, Le\u00f3n Gieco, Cecilia Roth, Graciela Borges\u00a0<\/strong>y<strong>\u00a0Leonardo Sbaraglia<\/strong>, el presidente libertario comparti\u00f3: \u00abNadie les est\u00e1 prohibiendo que hagan pel\u00edculas, obras, etc.\u00a0<strong>lo que se est\u00e1 haciendo es que el riesgo de hacer un proyecto recaiga directamente sobre el director o la productora, NO sobre terceros<\/strong>\u00a0que son obligados a pagar la cuenta de algo que NADIE DEMANDABA\u00bb.<\/p>\n\n\n\n<p>\u00abRechazo toda planificaci\u00f3n central que intente moldear o definir la cultura. La cultura es espont\u00e1nea. No debe haber un Ministerio de la Cultura. No tenerlo, no significa que la cultura deje de importar.&nbsp;<strong>La cultura es demasiado importante para dejarla en manos del Estado<\/strong>\u00ab, sostuvo otro de los mensajes retwitteados por el mandatario.<\/p>\n\n\n\n<figure class=\"wp-block-image\"><img decoding=\"async\" src=\"https:\/\/fotos.perfil.com\/\/2024\/01\/22\/900\/0\/mensajes-retwitteados-por-javier-milei-1741737.jpg\" alt=\"Mensajes retwitteados por Javier Milei\"\/><\/figure>\n\n\n\n<p>Milei, quien apunt\u00f3 duramente contra los artistas, tambi\u00e9n comparti\u00f3: \u00ab<strong>NO es moral estar financiado pel\u00edculas con el dinero de la gente cuando existe un 45% de pobres<\/strong>, a\u00fan cuando exista 0% de pobres no es moral quitarle dinero del bolsillo a las personas para darle a un instituto o productora para hacer pel\u00edculas y sobre todo pedorras\u00bb.<\/p>\n\n\n\n<p>A su vez, el presidente libertario le dio RT a un fragmento de una entrevista del diputado&nbsp;<strong>Bertie Benegas Lynch&nbsp;<\/strong>en&nbsp;<em>La Naci\u00f3n<\/em>, donde manifest\u00f3: \u00abNo necesitan recursos ni estar comiendo como pira\u00f1as los tickets de la gente que va al cine a ver una pel\u00edcula de Schwarzenegger para hacer una pel\u00edcula nacional;&nbsp;<strong>si es buena la gente la va a comprar<\/strong>\u00ab.<\/p>\n\n\n\n<p>Otro mensaje pol\u00e9mico compartido por el presidente fue uno que menciona directamente a la cantante&nbsp;<strong>Lali Esp\u00f3sito<\/strong>, con quien ya ha tenido cruces, donde se muestra una foto de la&nbsp;<a target=\"_blank\" href=\"https:\/\/www.perfil.com\/noticias\/actualidad\/charly-fito-leonardo-sbaraglia-y-varios-referentes-culturales-firmaron-una-solicitada-en-defensa-de-la-cultura.phtml\" rel=\"noreferrer noopener\">artista<\/a>&nbsp;junto a otro de personas en situaci\u00f3n de vulnerabilidad y se indica: \u00abLa que quiere un subsidio \/\/ Los que lo pagan\u00bb.<\/p>\n\n\n\n<p>El grupo de artistas y referentes de la cultura envi\u00f3 la\u00a0carta p\u00fablica\u00a0en forma de solicitada bajo el nombre\u00a0<strong>\u00abCarta al Congreso Nacional. La cultura est\u00e1 en peligro\u00bb<\/strong>, dirigida a diputados y senadores. La misma fue publicada este domingo\u00a0por el\u00a0Frente de Soberan\u00eda Cultural.<\/p>\n\n\n\n<p>La publicaci\u00f3n manifest\u00f3&nbsp;el rechazo&nbsp; al&nbsp;<strong>DNU&nbsp;<\/strong>y la<strong>&nbsp;ley \u00f3mnibus<\/strong>&nbsp;del presidente Milei y se\u00f1al\u00f3: \u00abEl Gobierno Nacional pretende, a trav\u00e9s de la Ley \u00d3mnibus, derogar leyes vitales para la supervivencia de las industrias culturales, las artes y las ciencias, y el patrimonio cultural de nuestro pa\u00eds\u00bb<\/p>\n\n\n\n<p>\u00abNo hay en la letra de su desarrollo el mero atisbo de participaci\u00f3n&nbsp;<strong>ni inter\u00e9s alguno en el quehacer cultural<\/strong>, y, por el contrario,&nbsp;<strong>el texto tiene una mirada mercantilista&nbsp;<\/strong>que apunta sin miramientos a&nbsp;<strong>desfinanciar y anular el desarrollo de las actividades de nuestra cultura nacional<\/strong>\u00ab, advirti\u00f3 la carta sobre la Ley \u00abBases\u00bb.<\/p>\n\n\n\n<figure class=\"wp-block-image is-resized\"><img loading=\"lazy\" decoding=\"async\" src=\"https:\/\/fotos.perfil.com\/\/2024\/01\/22\/900\/0\/solicitada-de-los-artistas-contra-la-ley-omnibus-y-el-dnu-1741745.jpg\" alt=\"Solicitada de los artistas contra la Ley \u00d3mnibus y el DNU\" width=\"840\" height=\"471\"\/><\/figure>\n\n\n\n<p>Luego, el final del texto enfatiz\u00f3: \u00abLa cultura es identidad. La cultura es lo \u00fanico que no se puede importar. La hacen los pueblos. Queremos seguir teniendo una identidad propia como Naci\u00f3n. De otro modo solo nos quedar\u00e1 el destino triste de no ser. De eso se trata esta lucha.&nbsp;<strong>Un pa\u00eds es tan grande o tan peque\u00f1o como la medida de su proyecto cultural<\/strong>\u00ab.<\/p>\n\n\n\n<p>Algunos de los referentes que dejaron su firma fueron&nbsp;Palito Ortega, Luis Felipe \u00abYuyo\u00bb No\u00e9, Peteco Carabajal,&nbsp;Juana Molina, Tute, Mercedes Mor\u00e1n, Dolores Fonzi, Santiago Mitre, Paula De Luque, Luc\u00eda Puenzo, Juan Leyrado, In\u00e9s Est\u00e9vez, Daniel Fanego, Juan Minuj\u00edn, Julieta Ortega, Dar\u00edo Grandinetti, Tom\u00e1s Fonzi, Kevin Johansen, Claudia Pi\u00f1eiro y Humberto Tortonese.<\/p>\n\n\n\n<p>AS.\/fl<\/p>\n","protected":false},"excerpt":{"rendered":"<p>uego de que un grupo de artistas enviara una\u00a0carta p\u00fablica\u00a0dirigida a diputados y senadores advirtiendo sobre el \u00abpeligro\u00bb de las medidas de\u00a0Javier Milei, el presidente no se pronunci\u00f3 directamente sobre el tema, aunque s\u00ed comparti\u00f3 unos llamativos mensajes de otros usuarios en redes sociales. \u00abQuiero que toda la plata del INCAA que Milei les va<a class=\"read-more\" href=\"https:\/\/elfederalmendoza.com.ar\/index.php\/2024\/01\/22\/la-respuesta-de-javier-milei-a-los-artistas-no-es-moral-estar-financiando-peliculas-con-el-dinero-de-la-gente\/\"> [&hellip;]<\/a><\/p>\n","protected":false},"author":2,"featured_media":31382,"comment_status":"open","ping_status":"open","sticky":false,"template":"","format":"standard","meta":{"footnotes":""},"categories":[5618],"tags":[],"class_list":["post-31380","post","type-post","status-publish","format-standard","has-post-thumbnail","hentry","category-arg"],"rttpg_featured_image_url":{"full":["https:\/\/elfederalmendoza.com.ar\/wp-content\/uploads\/2024\/01\/milei-artistas.jpg",1427,795,false],"landscape":["https:\/\/elfederalmendoza.com.ar\/wp-content\/uploads\/2024\/01\/milei-artistas.jpg",1427,795,false],"portraits":["https:\/\/elfederalmendoza.com.ar\/wp-content\/uploads\/2024\/01\/milei-artistas.jpg",1427,795,false],"thumbnail":["https:\/\/elfederalmendoza.com.ar\/wp-content\/uploads\/2024\/01\/milei-artistas-150x150.jpg",150,150,true],"medium":["https:\/\/elfederalmendoza.com.ar\/wp-content\/uploads\/2024\/01\/milei-artistas-300x167.jpg",300,167,true],"large":["https:\/\/elfederalmendoza.com.ar\/wp-content\/uploads\/2024\/01\/milei-artistas-1024x570.jpg",640,356,true],"1536x1536":["https:\/\/elfederalmendoza.com.ar\/wp-content\/uploads\/2024\/01\/milei-artistas.jpg",1427,795,false],"2048x2048":["https:\/\/elfederalmendoza.com.ar\/wp-content\/uploads\/2024\/01\/milei-artistas.jpg",1427,795,false],"ultp_layout_landscape_large":["https:\/\/elfederalmendoza.com.ar\/wp-content\/uploads\/2024\/01\/milei-artistas-1200x795.jpg",1200,795,true],"ultp_layout_landscape":["https:\/\/elfederalmendoza.com.ar\/wp-content\/uploads\/2024\/01\/milei-artistas-870x570.jpg",870,570,true],"ultp_layout_portrait":["https:\/\/elfederalmendoza.com.ar\/wp-content\/uploads\/2024\/01\/milei-artistas-600x795.jpg",600,795,true],"ultp_layout_square":["https:\/\/elfederalmendoza.com.ar\/wp-content\/uploads\/2024\/01\/milei-artistas-600x600.jpg",600,600,true],"rpwe-thumbnail":["https:\/\/elfederalmendoza.com.ar\/wp-content\/uploads\/2024\/01\/milei-artistas-45x45.jpg",45,45,true],"advps-thumb-one":["https:\/\/elfederalmendoza.com.ar\/wp-content\/uploads\/2024\/01\/milei-artistas-1200x420.jpg",1200,420,true]},"rttpg_author":{"display_name":"Redacci\u00f3n El Federal","author_link":"https:\/\/elfederalmendoza.com.ar\/index.php\/author\/angelflores\/"},"rttpg_comment":0,"rttpg_category":"<a href=\"https:\/\/elfederalmendoza.com.ar\/index.php\/category\/arg\/\" rel=\"category tag\">Argentina<\/a>","rttpg_excerpt":"uego de que un grupo de artistas enviara una\u00a0carta p\u00fablica\u00a0dirigida a diputados y senadores advirtiendo sobre el \u00abpeligro\u00bb de las medidas de\u00a0Javier Milei, el presidente no se pronunci\u00f3 directamente sobre el tema, aunque s\u00ed comparti\u00f3 unos llamativos mensajes de otros usuarios en redes sociales. \u00abQuiero que toda la plata del INCAA que Milei les va&hellip;","_links":{"self":[{"href":"https:\/\/elfederalmendoza.com.ar\/index.php\/wp-json\/wp\/v2\/posts\/31380","targetHints":{"allow":["GET"]}}],"collection":[{"href":"https:\/\/elfederalmendoza.com.ar\/index.php\/wp-json\/wp\/v2\/posts"}],"about":[{"href":"https:\/\/elfederalmendoza.com.ar\/index.php\/wp-json\/wp\/v2\/types\/post"}],"author":[{"embeddable":true,"href":"https:\/\/elfederalmendoza.com.ar\/index.php\/wp-json\/wp\/v2\/users\/2"}],"replies":[{"embeddable":true,"href":"https:\/\/elfederalmendoza.com.ar\/index.php\/wp-json\/wp\/v2\/comments?post=31380"}],"version-history":[{"count":1,"href":"https:\/\/elfederalmendoza.com.ar\/index.php\/wp-json\/wp\/v2\/posts\/31380\/revisions"}],"predecessor-version":[{"id":31383,"href":"https:\/\/elfederalmendoza.com.ar\/index.php\/wp-json\/wp\/v2\/posts\/31380\/revisions\/31383"}],"wp:featuredmedia":[{"embeddable":true,"href":"https:\/\/elfederalmendoza.com.ar\/index.php\/wp-json\/wp\/v2\/media\/31382"}],"wp:attachment":[{"href":"https:\/\/elfederalmendoza.com.ar\/index.php\/wp-json\/wp\/v2\/media?parent=31380"}],"wp:term":[{"taxonomy":"category","embeddable":true,"href":"https:\/\/elfederalmendoza.com.ar\/index.php\/wp-json\/wp\/v2\/categories?post=31380"},{"taxonomy":"post_tag","embeddable":true,"href":"https:\/\/elfederalmendoza.com.ar\/index.php\/wp-json\/wp\/v2\/tags?post=31380"}],"curies":[{"name":"wp","href":"https:\/\/api.w.org\/{rel}","templated":true}]}}