{"id":31391,"date":"2024-01-22T20:09:34","date_gmt":"2024-01-22T23:09:34","guid":{"rendered":"https:\/\/elfederalmendoza.com\/?p=31391"},"modified":"2024-01-22T20:09:36","modified_gmt":"2024-01-22T23:09:36","slug":"conmocion-en-el-pais-detuvieron-a-uno-de-los-presuntos-asesinos-de-umma-la-hija-del-custodio-de-patricia-bullrich","status":"publish","type":"post","link":"https:\/\/elfederalmendoza.com.ar\/index.php\/2024\/01\/22\/conmocion-en-el-pais-detuvieron-a-uno-de-los-presuntos-asesinos-de-umma-la-hija-del-custodio-de-patricia-bullrich\/","title":{"rendered":"Conmoci\u00f3n en el pa\u00eds: detuvieron a uno de los presuntos asesinos de Umma, la hija del custodio de Patricia Bullrich"},"content":{"rendered":"\n<p>En las primeras horas de la tarde de este lunes falleci\u00f3\u00a0<strong>Umma<\/strong>, la nena de 9 a\u00f1os e hija de un custodio de la ministra de Seguridad de la Naci\u00f3n que hab\u00eda sido baleada en la nuca durante un robo en\u00a0<strong>Lomas de Zamora<\/strong>. Fue\u00a0<strong>Patricia Bullrich\u00a0<\/strong>quien confirm\u00f3 la muerte de la ni\u00f1a, quien estaba internada en el hospital Churruca. Alrededor de las 19, en tanto, fuentes del caso informaron que un sospechoso fue\u00a0<strong>detenido<\/strong>.\u00a0<strong>Tiene 22 a\u00f1os.<\/strong><a href=\"https:\/\/www.infobae.com\/sociedad\/policiales\/2024\/01\/22\/murio-la-hija-del-custodio-de-patricia-bullrich-baleada-durante-un-robo-en-lomas-de-zamora\/\" target=\"_blank\" rel=\"noreferrer noopener\"><\/a><\/p>\n\n\n\n<blockquote class=\"twitter-tweet\" data-media-max-width=\"560\"><p lang=\"es\" dir=\"ltr\">\u2b55\ud83c\udf9e\ufe0f As\u00ed fue el momento en que asesinaron a Umma, la hija de 9 a\u00f1os, del custodio de Bullrich <br>Le\u00e9 m\u00e1s \u2b07<a href=\"https:\/\/t.co\/EMeshZpeLj\">https:\/\/t.co\/EMeshZpeLj<\/a> <a href=\"https:\/\/t.co\/ZgYYOm1QKC\">pic.twitter.com\/ZgYYOm1QKC<\/a><\/p>&mdash; Noticias Argentinas (@NAagencia) <a href=\"https:\/\/twitter.com\/NAagencia\/status\/1749555306755981472?ref_src=twsrc%5Etfw\">January 22, 2024<\/a><\/blockquote> <script async src=\"https:\/\/platform.twitter.com\/widgets.js\" charset=\"utf-8\"><\/script>\n\n\n\n<p><a href=\"https:\/\/www.infobae.com\/sociedad\/policiales\/2024\/01\/22\/cronologia-del-crimen-de-umma-violento-raid-de-8-minutos-de-los-delincuentes-y-la-pista-de-un-cuarto-sospechoso\/\" target=\"_blank\" rel=\"noreferrer noopener\"><\/a><\/p>\n\n\n\n<p>El primer detenido por el crimen de Umma est\u00e1 alojado en la comisar\u00eda 7\u00aa de Lomas de Zamora. Hacia all\u00ed iban el fiscal del caso<strong>&nbsp;Pablo Rossi<\/strong>, de la UFI N\u00b018 de Lomas de Zamora.&nbsp;<strong>\u201cDicen que tiene caracter\u00edsticas similares a uno de los sospechosos\u201d<\/strong>, explicaron fuentes del caso a este medio. Tambi\u00e9n contaron que se realizaban allanamientos para dar con el resto de la banda.<\/p>\n\n\n\n<p>Lo cierto es que las c\u00e1maras de seguridad han sido una de las&nbsp;<strong>claves&nbsp;<\/strong>del caso. Los videos de la cuadra de Villa Centenario donde ocurri\u00f3 el ataque permiti\u00f3 obtener las<strong>&nbsp;im\u00e1genes de los dos sospechosos<\/strong>&nbsp;que se bajaron del Toyota Corolla para asaltar al custodio de Bullrich y que, en ese contexto, balearon a la nena: uno lleva&nbsp;<strong>remera negra y bermudas de jean y el otro, camisola blanca y gorra<\/strong>.<\/p>\n\n\n\n<p>Con esas descripciones y revisando las c\u00e1maras\u00a0<strong>dieron con ellos ocho minutos antes del ataque<\/strong>, a tan solo 10 cuadras de donde balearon a Umma: iban junto a otros dos sospechosos, que ahora se investiga si tambi\u00e9n estaban a bordo del Toyota Corolla negro.\u00a0<strong>Esos cuatro sospechosos hab\u00edan robado el coche en el que se movilizaban tres minutos antes del crimen de la nena.<\/strong><\/p>\n\n\n\n<p><img loading=\"lazy\" decoding=\"async\" alt=\"Dos de los sospechosos\" height=\"1080\" width=\"1920\" src=\"https:\/\/www.infobae.com\/new-resizer\/AFQSKLnQHdizp6okzX15D53UTfo=\/420x236\/filters:format(webp):quality(85)\/cloudfront-us-east-1.images.arcpublishing.com\/infobae\/HCOW7N6D7NBAPN6JC2MTV5LJXI.jpg%20420w\" srcset=\"https:\/\/www.infobae.com\/new-resizer\/AFQSKLnQHdizp6okzX15D53UTfo=\/420x236\/filters:format(webp):quality(85)\/cloudfront-us-east-1.images.arcpublishing.com\/infobae\/HCOW7N6D7NBAPN6JC2MTV5LJXI.jpg 420w,https:\/\/www.infobae.com\/new-resizer\/D6L3wnTLPDhVPlR1qmbrjJuOwyI=\/768x432\/filters:format(webp):quality(85)\/cloudfront-us-east-1.images.arcpublishing.com\/infobae\/HCOW7N6D7NBAPN6JC2MTV5LJXI.jpg 768w,https:\/\/www.infobae.com\/new-resizer\/3oiMXsJSRQeH2sKULmBb_8fr8EM=\/992x558\/filters:format(webp):quality(85)\/cloudfront-us-east-1.images.arcpublishing.com\/infobae\/HCOW7N6D7NBAPN6JC2MTV5LJXI.jpg 992w,https:\/\/www.infobae.com\/new-resizer\/FyHMbgoYeioos6G09A546b8dUk0=\/1200x675\/filters:format(webp):quality(85)\/cloudfront-us-east-1.images.arcpublishing.com\/infobae\/HCOW7N6D7NBAPN6JC2MTV5LJXI.jpg 1200w,https:\/\/www.infobae.com\/new-resizer\/N98TML2X-HcQW1qiyVTC9iMjM5w=\/1440x810\/filters:format(webp):quality(85)\/cloudfront-us-east-1.images.arcpublishing.com\/infobae\/HCOW7N6D7NBAPN6JC2MTV5LJXI.jpg 1440w\">Dos de los sospechosos<\/p>\n\n\n\n<h2 class=\"wp-block-heading\">El caso<\/h2>\n\n\n\n<p>Todo comenz\u00f3 esta ma\u00f1ana, 12 minutos antes de las 9 cuando el polic\u00eda Federal que integra la custodia de la ministra Bullrich sal\u00eda de su casa de la localidad de Villa Centenario, en Lomas de Zamora, a bordo de su Ford Ka. En el coche, en la parte trasera, iba Umma, la hija del medio de la pareja de oficiales. La mam\u00e1 de la nena, de 41 a\u00f1os y de la divisi\u00f3n Cient\u00edfica de la PFA, en tanto, cerraba el port\u00f3n.<strong>&nbsp;Sal\u00edan a hacer un tr\u00e1mite.<\/strong><\/p>\n\n\n\n<p>En ese contexto, un Toyota Corolla fren\u00f3 frente a la propiedad de la pareja de polic\u00edas. Se bajaron dos delincuentes armados y amenazaron al conductor.<strong>&nbsp;El custodio, de 42 a\u00f1os, atin\u00f3 a acelerar y escapar, pero los ladrones dispararon<\/strong>. El Ford Ka hizo unos metros hasta que fren\u00f3, mientras los ladrones escapaban.<\/p>\n\n\n\n<p>La imagen del custodio socorriendo a su hija es devastadora. Umma sufri\u00f3 una herida de bala en la nuca y otra en una de sus manos, por lo que fue primero trasladada de urgencia al hospital Gandulfo y luego derivada en un&nbsp;<strong>helic\u00f3ptero&nbsp;<\/strong>al hospital Churruca, donde permaneci\u00f3 internada con pron\u00f3stico reservado hasta que falleci\u00f3.<\/p>\n\n\n\n<p><img loading=\"lazy\" decoding=\"async\" alt=\"El auto que usaron los delincuentes y que fue robado a un comerciante minutos antes de balear a la nena\" height=\"900\" width=\"1600\" src=\"https:\/\/www.infobae.com\/new-resizer\/uvkm_5U5w5hORVSRhTPATstM6Mk=\/420x236\/filters:format(webp):quality(85)\/cloudfront-us-east-1.images.arcpublishing.com\/infobae\/OQ3IXLV665ERDNVPTDE6X4BOZI.jpeg%20420w\" srcset=\"https:\/\/www.infobae.com\/new-resizer\/uvkm_5U5w5hORVSRhTPATstM6Mk=\/420x236\/filters:format(webp):quality(85)\/cloudfront-us-east-1.images.arcpublishing.com\/infobae\/OQ3IXLV665ERDNVPTDE6X4BOZI.jpeg 420w,https:\/\/www.infobae.com\/new-resizer\/DAB1M3scRA5cMDkdFtcdtWq9E-E=\/768x432\/filters:format(webp):quality(85)\/cloudfront-us-east-1.images.arcpublishing.com\/infobae\/OQ3IXLV665ERDNVPTDE6X4BOZI.jpeg 768w,https:\/\/www.infobae.com\/new-resizer\/xq_mCjgDd6ezngICOu9Xv5pkiX0=\/992x558\/filters:format(webp):quality(85)\/cloudfront-us-east-1.images.arcpublishing.com\/infobae\/OQ3IXLV665ERDNVPTDE6X4BOZI.jpeg 992w,https:\/\/www.infobae.com\/new-resizer\/8xG0O_g6cfpUynjuhOjnrtYH4WY=\/1200x675\/filters:format(webp):quality(85)\/cloudfront-us-east-1.images.arcpublishing.com\/infobae\/OQ3IXLV665ERDNVPTDE6X4BOZI.jpeg 1200w,https:\/\/www.infobae.com\/new-resizer\/Dafw-XHS1THSUndorOW6UN9XlrE=\/1440x810\/filters:format(webp):quality(85)\/cloudfront-us-east-1.images.arcpublishing.com\/infobae\/OQ3IXLV665ERDNVPTDE6X4BOZI.jpeg 1440w\">El auto que usaron los delincuentes y que fue robado a un comerciante minutos antes de balear a la nena<\/p>\n\n\n\n<p>\u201cUmma ten\u00eda 9 a\u00f1os y fue asesinada cobardemente. Env\u00edo mis m\u00e1s sinceras condolencias a sus pap\u00e1s, Mar\u00eda Eugenia y Eduardo, ambos efectivos de nuestra Polic\u00eda Federal. Cuentan con mi apoyo y el de todo el Gobierno Nacional. Los delincuentes creen que siguen viviendo en la Argentina de la impunidad, pero se equivocan<strong>. Los vamos a encontrar y vamos a hacer que paguen por la vida que se llevaron y por la familia que destruyeron<\/strong>\u201d, escribi\u00f3 el presidente&nbsp;<strong>Javier Milei&nbsp;<\/strong>en la red social \u201cX\u201d, a poco de confirmarse la muerte de la ni\u00f1a.<\/p>\n\n\n\n<p>Poco antes, la ministra Bullrich hab\u00eda posteado en la misma red: \u201cAsesinaron a Umma.&nbsp;<strong>Estos criminales no tienen perd\u00f3n<\/strong>. Los vamos a buscar hasta encontrarlos. Estamos junto a sus padres, Mar\u00eda Eugenia y Eduardo, en este terrible momento y profundo dolor\u201d.<\/p>\n","protected":false},"excerpt":{"rendered":"<p>En las primeras horas de la tarde de este lunes falleci\u00f3\u00a0Umma, la nena de 9 a\u00f1os e hija de un custodio de la ministra de Seguridad de la Naci\u00f3n que hab\u00eda sido baleada en la nuca durante un robo en\u00a0Lomas de Zamora. Fue\u00a0Patricia Bullrich\u00a0quien confirm\u00f3 la muerte de la ni\u00f1a, quien estaba internada en el<a class=\"read-more\" href=\"https:\/\/elfederalmendoza.com.ar\/index.php\/2024\/01\/22\/conmocion-en-el-pais-detuvieron-a-uno-de-los-presuntos-asesinos-de-umma-la-hija-del-custodio-de-patricia-bullrich\/\"> [&hellip;]<\/a><\/p>\n","protected":false},"author":2,"featured_media":31393,"comment_status":"open","ping_status":"open","sticky":false,"template":"","format":"standard","meta":{"footnotes":""},"categories":[5618],"tags":[],"class_list":["post-31391","post","type-post","status-publish","format-standard","has-post-thumbnail","hentry","category-arg"],"rttpg_featured_image_url":{"full":["https:\/\/elfederalmendoza.com.ar\/wp-content\/uploads\/2024\/01\/deli.jpg",1231,685,false],"landscape":["https:\/\/elfederalmendoza.com.ar\/wp-content\/uploads\/2024\/01\/deli.jpg",1231,685,false],"portraits":["https:\/\/elfederalmendoza.com.ar\/wp-content\/uploads\/2024\/01\/deli.jpg",1231,685,false],"thumbnail":["https:\/\/elfederalmendoza.com.ar\/wp-content\/uploads\/2024\/01\/deli-150x150.jpg",150,150,true],"medium":["https:\/\/elfederalmendoza.com.ar\/wp-content\/uploads\/2024\/01\/deli-300x167.jpg",300,167,true],"large":["https:\/\/elfederalmendoza.com.ar\/wp-content\/uploads\/2024\/01\/deli-1024x570.jpg",640,356,true],"1536x1536":["https:\/\/elfederalmendoza.com.ar\/wp-content\/uploads\/2024\/01\/deli.jpg",1231,685,false],"2048x2048":["https:\/\/elfederalmendoza.com.ar\/wp-content\/uploads\/2024\/01\/deli.jpg",1231,685,false],"ultp_layout_landscape_large":["https:\/\/elfederalmendoza.com.ar\/wp-content\/uploads\/2024\/01\/deli-1200x685.jpg",1200,685,true],"ultp_layout_landscape":["https:\/\/elfederalmendoza.com.ar\/wp-content\/uploads\/2024\/01\/deli-870x570.jpg",870,570,true],"ultp_layout_portrait":["https:\/\/elfederalmendoza.com.ar\/wp-content\/uploads\/2024\/01\/deli-600x685.jpg",600,685,true],"ultp_layout_square":["https:\/\/elfederalmendoza.com.ar\/wp-content\/uploads\/2024\/01\/deli-600x600.jpg",600,600,true],"rpwe-thumbnail":["https:\/\/elfederalmendoza.com.ar\/wp-content\/uploads\/2024\/01\/deli-45x45.jpg",45,45,true],"advps-thumb-one":["https:\/\/elfederalmendoza.com.ar\/wp-content\/uploads\/2024\/01\/deli-1200x420.jpg",1200,420,true]},"rttpg_author":{"display_name":"Redacci\u00f3n El Federal","author_link":"https:\/\/elfederalmendoza.com.ar\/index.php\/author\/angelflores\/"},"rttpg_comment":0,"rttpg_category":"<a href=\"https:\/\/elfederalmendoza.com.ar\/index.php\/category\/arg\/\" rel=\"category tag\">Argentina<\/a>","rttpg_excerpt":"En las primeras horas de la tarde de este lunes falleci\u00f3\u00a0Umma, la nena de 9 a\u00f1os e hija de un custodio de la ministra de Seguridad de la Naci\u00f3n que hab\u00eda sido baleada en la nuca durante un robo en\u00a0Lomas de Zamora. Fue\u00a0Patricia Bullrich\u00a0quien confirm\u00f3 la muerte de la ni\u00f1a, quien estaba internada en el&hellip;","_links":{"self":[{"href":"https:\/\/elfederalmendoza.com.ar\/index.php\/wp-json\/wp\/v2\/posts\/31391","targetHints":{"allow":["GET"]}}],"collection":[{"href":"https:\/\/elfederalmendoza.com.ar\/index.php\/wp-json\/wp\/v2\/posts"}],"about":[{"href":"https:\/\/elfederalmendoza.com.ar\/index.php\/wp-json\/wp\/v2\/types\/post"}],"author":[{"embeddable":true,"href":"https:\/\/elfederalmendoza.com.ar\/index.php\/wp-json\/wp\/v2\/users\/2"}],"replies":[{"embeddable":true,"href":"https:\/\/elfederalmendoza.com.ar\/index.php\/wp-json\/wp\/v2\/comments?post=31391"}],"version-history":[{"count":1,"href":"https:\/\/elfederalmendoza.com.ar\/index.php\/wp-json\/wp\/v2\/posts\/31391\/revisions"}],"predecessor-version":[{"id":31394,"href":"https:\/\/elfederalmendoza.com.ar\/index.php\/wp-json\/wp\/v2\/posts\/31391\/revisions\/31394"}],"wp:featuredmedia":[{"embeddable":true,"href":"https:\/\/elfederalmendoza.com.ar\/index.php\/wp-json\/wp\/v2\/media\/31393"}],"wp:attachment":[{"href":"https:\/\/elfederalmendoza.com.ar\/index.php\/wp-json\/wp\/v2\/media?parent=31391"}],"wp:term":[{"taxonomy":"category","embeddable":true,"href":"https:\/\/elfederalmendoza.com.ar\/index.php\/wp-json\/wp\/v2\/categories?post=31391"},{"taxonomy":"post_tag","embeddable":true,"href":"https:\/\/elfederalmendoza.com.ar\/index.php\/wp-json\/wp\/v2\/tags?post=31391"}],"curies":[{"name":"wp","href":"https:\/\/api.w.org\/{rel}","templated":true}]}}