{"id":31397,"date":"2024-01-23T07:07:47","date_gmt":"2024-01-23T10:07:47","guid":{"rendered":"https:\/\/elfederalmendoza.com\/?p=31397"},"modified":"2024-01-23T08:24:01","modified_gmt":"2024-01-23T11:24:01","slug":"insultaron-a-cfk-en-un-aeropuerto-y-volvio-a-responder-con-un-fuck-you","status":"publish","type":"post","link":"https:\/\/elfederalmendoza.com.ar\/index.php\/2024\/01\/23\/insultaron-a-cfk-en-un-aeropuerto-y-volvio-a-responder-con-un-fuck-you\/","title":{"rendered":"Insultaron a CFK en un aeropuerto y volvi\u00f3 a responder con un \u00abfuck you\u00bb"},"content":{"rendered":"\n<p><strong>Cristina Kirchner respondi\u00f3 con un \u201cfuck you\u201d a una persona que la insult\u00f3 en el aeropuerto de El Calafate. La ex vicepresidenta reaccion\u00f3 a los gritos de una mujer y el hecho qued\u00f3 registrado en un video que se viraliz\u00f3 en las redes.<\/strong><\/p>\n\n\n\n<p>En las im\u00e1genes se la puede ver tom\u00e1ndose una foto caminando acompa\u00f1ada por dos custodios, al grito de \u201cchorra\u201d y \u201cladrona\u201d. Antes de ingresar en la manga del avi\u00f3n para embarcar, alz\u00f3 su mano derecha e hizo este gesto hacia quien la estaba criticando.<\/p>\n\n\n\n<p><\/p>\n\n\n\n<p>El video se difundi\u00f3 en pocas horas en las redes sociales y fue comparado con lo sucedido el 10 de diciembre pasado, cuando la ex presidenta tuvo la misma reacci\u00f3n al ingresar al Congreso a la ceremonia de asunci\u00f3n de Javier Milei.<\/p>\n\n\n\n<figure class=\"wp-block-embed is-type-rich is-provider-twitter wp-block-embed-twitter\"><div class=\"wp-block-embed__wrapper\">\n<blockquote class=\"twitter-tweet\" data-width=\"550\" data-dnt=\"true\"><p lang=\"es\" dir=\"ltr\">\ud83d\udea8 <a href=\"https:\/\/twitter.com\/hashtag\/URGENTE?src=hash&amp;ref_src=twsrc%5Etfw\">#URGENTE<\/a> | Le gritaron &quot;ladrona&quot; a Cristina Kirchner en el aeropuerto de El Calafate. <a href=\"https:\/\/t.co\/fZFoGccneE\">pic.twitter.com\/fZFoGccneE<\/a><\/p>&mdash; Carlos Eguia (@CarlosEguiaUno) <a href=\"https:\/\/twitter.com\/CarlosEguiaUno\/status\/1749455902116114675?ref_src=twsrc%5Etfw\">January 22, 2024<\/a><\/blockquote><script async src=\"https:\/\/platform.twitter.com\/widgets.js\" charset=\"utf-8\"><\/script>\n<\/div><\/figure>\n\n\n\n<p><strong><u>Cristina Kirchner hizo un \u201cfuck you\u201d a una persona que la insult\u00f3<\/u><\/strong><\/p>\n\n\n\n<p>El 10 de diciembre Cristina Kirchner particip\u00f3 de la ceremonia de asunci\u00f3n del presidente Javier Milei en el Congreso. En medio de un fuerte operativo de seguridad para resguardar a los funcionarios locales y a los mandatarios extranjeros que fueron invitados, la ex vicepresidenta ingres\u00f3 por uno de los costados, y al ser reconocida recibi\u00f3 un insulto.<\/p>\n\n\n\n<figure class=\"wp-block-embed is-type-video is-provider-youtube wp-block-embed-youtube wp-embed-aspect-16-9 wp-has-aspect-ratio\"><div class=\"wp-block-embed__wrapper\">\n<iframe loading=\"lazy\" title=\"Cristina Kirchner le hizo &quot;f*** you&quot; a unas personas que la insultaron cuando ingresaba al Congreso\" width=\"640\" height=\"360\" src=\"https:\/\/www.youtube.com\/embed\/yypskElX-Ps?feature=oembed\" frameborder=\"0\" allow=\"accelerometer; autoplay; clipboard-write; encrypted-media; gyroscope; picture-in-picture; web-share\" referrerpolicy=\"strict-origin-when-cross-origin\" allowfullscreen><\/iframe>\n<\/div><\/figure>\n\n\n\n<p>Si bien se desconoce el contenido de lo que le gritaron, la dirigente reaccion\u00f3 con fastidio y, de espaldas, levant\u00f3 su mano derecha para hacer el mismo gesto.<\/p>\n\n\n\n<p><strong><u>Cristina Kirchner despidi\u00f3 a la senadora Piedad C\u00f3rdoba<\/u><\/strong><br>A pesar de la viralizaci\u00f3n del video, Cristina Kirchner no hizo referencia al caso en sus redes sociales. Su \u00faltima publicaci\u00f3n en la red social X fue este s\u00e1bado, cuando despidi\u00f3 a la senadora colombiana de izquierda Piedad C\u00f3rdoba, quien falleci\u00f3 el fin de semana.<\/p>\n\n\n\n<p>\u201cNuestro adi\u00f3s a la senadora Piedad C\u00f3rdoba, dirigente pol\u00edtica latinoamericana comprometida con la paz de su amada Colombia. Querida amiga, si hay alguien que merece descansar sos vos. Te lo has ganado\u201d, escribi\u00f3.<\/p>\n","protected":false},"excerpt":{"rendered":"<p>Cristina Kirchner respondi\u00f3 con un \u201cfuck you\u201d a una persona que la insult\u00f3 en el aeropuerto de El Calafate. La ex vicepresidenta reaccion\u00f3 a los gritos de una mujer y el hecho qued\u00f3 registrado en un video que se viraliz\u00f3 en las redes. En las im\u00e1genes se la puede ver tom\u00e1ndose una foto caminando acompa\u00f1ada<a class=\"read-more\" href=\"https:\/\/elfederalmendoza.com.ar\/index.php\/2024\/01\/23\/insultaron-a-cfk-en-un-aeropuerto-y-volvio-a-responder-con-un-fuck-you\/\"> [&hellip;]<\/a><\/p>\n","protected":false},"author":2,"featured_media":31400,"comment_status":"open","ping_status":"open","sticky":false,"template":"","format":"standard","meta":{"footnotes":""},"categories":[5618],"tags":[],"class_list":["post-31397","post","type-post","status-publish","format-standard","has-post-thumbnail","hentry","category-arg"],"rttpg_featured_image_url":{"full":["https:\/\/elfederalmendoza.com.ar\/wp-content\/uploads\/2024\/01\/1705961538533.webp",1121,633,false],"landscape":["https:\/\/elfederalmendoza.com.ar\/wp-content\/uploads\/2024\/01\/1705961538533.webp",1121,633,false],"portraits":["https:\/\/elfederalmendoza.com.ar\/wp-content\/uploads\/2024\/01\/1705961538533.webp",1121,633,false],"thumbnail":["https:\/\/elfederalmendoza.com.ar\/wp-content\/uploads\/2024\/01\/1705961538533-150x150.webp",150,150,true],"medium":["https:\/\/elfederalmendoza.com.ar\/wp-content\/uploads\/2024\/01\/1705961538533-300x169.webp",300,169,true],"large":["https:\/\/elfederalmendoza.com.ar\/wp-content\/uploads\/2024\/01\/1705961538533-1024x578.webp",640,361,true],"1536x1536":["https:\/\/elfederalmendoza.com.ar\/wp-content\/uploads\/2024\/01\/1705961538533.webp",1121,633,false],"2048x2048":["https:\/\/elfederalmendoza.com.ar\/wp-content\/uploads\/2024\/01\/1705961538533.webp",1121,633,false],"ultp_layout_landscape_large":["https:\/\/elfederalmendoza.com.ar\/wp-content\/uploads\/2024\/01\/1705961538533.webp",1121,633,false],"ultp_layout_landscape":["https:\/\/elfederalmendoza.com.ar\/wp-content\/uploads\/2024\/01\/1705961538533-870x570.webp",870,570,true],"ultp_layout_portrait":["https:\/\/elfederalmendoza.com.ar\/wp-content\/uploads\/2024\/01\/1705961538533-600x633.webp",600,633,true],"ultp_layout_square":["https:\/\/elfederalmendoza.com.ar\/wp-content\/uploads\/2024\/01\/1705961538533-600x600.webp",600,600,true],"rpwe-thumbnail":["https:\/\/elfederalmendoza.com.ar\/wp-content\/uploads\/2024\/01\/1705961538533-45x45.webp",45,45,true],"advps-thumb-one":["https:\/\/elfederalmendoza.com.ar\/wp-content\/uploads\/2024\/01\/1705961538533-1121x420.webp",1121,420,true]},"rttpg_author":{"display_name":"Redacci\u00f3n El Federal","author_link":"https:\/\/elfederalmendoza.com.ar\/index.php\/author\/angelflores\/"},"rttpg_comment":0,"rttpg_category":"<a href=\"https:\/\/elfederalmendoza.com.ar\/index.php\/category\/arg\/\" rel=\"category tag\">Argentina<\/a>","rttpg_excerpt":"Cristina Kirchner respondi\u00f3 con un \u201cfuck you\u201d a una persona que la insult\u00f3 en el aeropuerto de El Calafate. La ex vicepresidenta reaccion\u00f3 a los gritos de una mujer y el hecho qued\u00f3 registrado en un video que se viraliz\u00f3 en las redes. En las im\u00e1genes se la puede ver tom\u00e1ndose una foto caminando acompa\u00f1ada&hellip;","_links":{"self":[{"href":"https:\/\/elfederalmendoza.com.ar\/index.php\/wp-json\/wp\/v2\/posts\/31397","targetHints":{"allow":["GET"]}}],"collection":[{"href":"https:\/\/elfederalmendoza.com.ar\/index.php\/wp-json\/wp\/v2\/posts"}],"about":[{"href":"https:\/\/elfederalmendoza.com.ar\/index.php\/wp-json\/wp\/v2\/types\/post"}],"author":[{"embeddable":true,"href":"https:\/\/elfederalmendoza.com.ar\/index.php\/wp-json\/wp\/v2\/users\/2"}],"replies":[{"embeddable":true,"href":"https:\/\/elfederalmendoza.com.ar\/index.php\/wp-json\/wp\/v2\/comments?post=31397"}],"version-history":[{"count":1,"href":"https:\/\/elfederalmendoza.com.ar\/index.php\/wp-json\/wp\/v2\/posts\/31397\/revisions"}],"predecessor-version":[{"id":31401,"href":"https:\/\/elfederalmendoza.com.ar\/index.php\/wp-json\/wp\/v2\/posts\/31397\/revisions\/31401"}],"wp:featuredmedia":[{"embeddable":true,"href":"https:\/\/elfederalmendoza.com.ar\/index.php\/wp-json\/wp\/v2\/media\/31400"}],"wp:attachment":[{"href":"https:\/\/elfederalmendoza.com.ar\/index.php\/wp-json\/wp\/v2\/media?parent=31397"}],"wp:term":[{"taxonomy":"category","embeddable":true,"href":"https:\/\/elfederalmendoza.com.ar\/index.php\/wp-json\/wp\/v2\/categories?post=31397"},{"taxonomy":"post_tag","embeddable":true,"href":"https:\/\/elfederalmendoza.com.ar\/index.php\/wp-json\/wp\/v2\/tags?post=31397"}],"curies":[{"name":"wp","href":"https:\/\/api.w.org\/{rel}","templated":true}]}}