{"id":31421,"date":"2024-01-23T10:24:25","date_gmt":"2024-01-23T13:24:25","guid":{"rendered":"https:\/\/elfederalmendoza.com\/?p=31421"},"modified":"2024-01-23T10:24:26","modified_gmt":"2024-01-23T13:24:26","slug":"el-dolor-de-la-familia-de-la-nena-asesinada-y-su-desgarrador-adios-ummita-segui-jugando-donde-quiera-que-estes","status":"publish","type":"post","link":"https:\/\/elfederalmendoza.com.ar\/index.php\/2024\/01\/23\/el-dolor-de-la-familia-de-la-nena-asesinada-y-su-desgarrador-adios-ummita-segui-jugando-donde-quiera-que-estes\/","title":{"rendered":"El dolor de la familia de la nena asesinada y su desgarrador adi\u00f3s: \u00abUmmita segu\u00ed jugando donde quiera que est\u00e9s\u00bb"},"content":{"rendered":"\n<p>Este lunes,\u00a0<strong>el crimen de Umma Aguilera, la hija de un custodio de Patricia Bullrich<\/strong>, conmovi\u00f3 a todo el pa\u00eds. La nena de 9 a\u00f1os se encontraba en el auto familiar cuando un grupo de delincuentes intent\u00f3 robarse el veh\u00edculo y <strong>le dispararon<\/strong>.\u00a0Horas despu\u00e9s,<strong>\u00a0la chiquita muri\u00f3 producto de una herida que sufri\u00f3 en la cabeza.<\/strong><\/p>\n\n\n\n<p>Tras ello, los reclamos de justicia se multiplicaron y sus\u00a0<strong>familiares y amigos\u00a0<\/strong>utilizaron sus redes sociales para pedir que el crimen no quede impune. Ante esto, Melanie, la t\u00eda de la v\u00edctima, hizo un desgarrador pedido:<strong>\u00a0\u201cMi sobrina necesita justicia. Lomas es tierra de nadie. Estos hijos de puta tienen que pagar\u201d<\/strong>.<\/p>\n\n\n\n<p>El posteo de la joven fue acompa\u00f1ado por una imagen que convoca a una&nbsp;<strong>marcha&nbsp;<\/strong>para este martes en la intersecci\u00f3n de las calles Pio Baroja y Mart\u00edn Rodr\u00edguez, en la localidad de Lomas de Zamora, a las 19 horas.<\/p>\n\n\n\n<p>\u201cLos vecinos de Villa Centenario nos autoconvocamos. Basta de inseguridad.\u00a0<strong>Por Umma, por todos\u201d,\u00a0<\/strong>escribieron en un flyer difundido a trav\u00e9s de las redes.<\/p>\n\n\n\n<figure class=\"wp-block-image\"><img decoding=\"async\" src=\"https:\/\/tn.com.ar\/resizer\/6mY4VAhCBjM-XUagPB8-8UgUSuY=\/767x0\/smart\/filters:format(webp)\/cloudfront-us-east-1.images.arcpublishing.com\/artear\/LQ52PEQ4EBCM5DBZRGKKCREDCY.PNG\" alt=\"El reclamo de la familia de Umma. (Foto: Facebook)\"\/><figcaption class=\"wp-element-caption\">El reclamo de la familia de Umma. (Foto: Facebook)<\/figcaption><\/figure>\n\n\n\n<p>Desde el Club Defensores de Banfield, donde la nena se jugaba al handball, emitieron un conmovedor comunicado: \u201cAcompa\u00f1amos a la familia de Umma en este terrible momento. Nos solidarizamos y estamos a disposici\u00f3n. No hay consuelo.&nbsp;<strong>Ojal\u00e1 haya justicia.<\/strong>&nbsp;<strong>Descans\u00e1 en paz Ummita, y a seguir jugando donde quiera que est\u00e9s\u201d.<\/strong><\/p>\n\n\n\n<p>Adem\u00e1s, informaron que este martes no habr\u00e1 actividades en el lugar por duelo.<\/p>\n\n\n\n<h2 class=\"wp-block-heading\">Detuvieron a uno de los cuatro sospechosos del asesinato de Umma, la hija del custodio de Patricia Bullrich<\/h2>\n\n\n\n<p>En la tarde del lunes\u00a0<strong>detuvieron a uno de los sospechosos\u00a0<\/strong>que ser\u00eda el\u00a0presunto asesino de Umma. En las im\u00e1genes de las c\u00e1maras de seguridad se pueden ver a tres hombres, pero la Justicia\u00a0<strong>investiga a cuatro.<\/strong><\/p>\n\n\n\n<p>Antes de matar a\u00a0la nena de 9 a\u00f1os, los delincuentes hicieron un trabajo de inteligencia por la zona. De acuerdo a las im\u00e1genes de las c\u00e1maras de seguridad, a las 8.40\u00a0<strong>recorrieron el barrio<\/strong>\u00a0en busca de alguna v\u00edctima.<\/p>\n\n\n\n<p>Mientras caminaban en un&nbsp;<strong>grupo de tres,&nbsp;<\/strong>robaron un Toyota Corolla negro. Con ese mismo veh\u00edculo, a las 8.48, interceptaron a Eduardo Aguilera mientras sal\u00eda de su casa en su Ford Ka gris, en la intersecci\u00f3n de las calles P\u00edo Baroja y Par\u00eds.<\/p>\n\n\n\n<figure class=\"wp-block-image\"><img decoding=\"async\" src=\"https:\/\/tn.com.ar\/resizer\/hheHOeeQdM0X4m6-JBIYYCLnCaA=\/767x0\/smart\/filters:format(webp)\/cloudfront-us-east-1.images.arcpublishing.com\/artear\/X44ACII3ONASFCYLPGXI6J4SRA.png\" alt=\"El Toyota Corolla en el que se movilizaban los delincuentes fue encontrado esta tarde. (Foto: TN)\"\/><figcaption class=\"wp-element-caption\">El Toyota Corolla en el que se movilizaban los delincuentes fue encontrado esta tarde. (Foto: TN)<\/figcaption><\/figure>\n\n\n\n<p>Los ladrones frenaron delante del Toyota e<strong>&nbsp;intentaron robarles&nbsp;<\/strong>a sus ocupantes.Seg\u00fan se puede ver en el video, Aguilera&nbsp;<strong>aceler\u00f3 su veh\u00edculo<\/strong>&nbsp;mientras violentamente uno de los delincuentes le apuntaba con un arma. Al ver que no iba a poder asaltarlo, efectu\u00f3 dos disparos. Uno de ellos impact\u00f3 en el cuello y otro en la mano de Umma.<\/p>\n\n\n\n<p>La grabaci\u00f3n muestra que el polic\u00eda fren\u00f3 su veh\u00edculo a mitad de cuadra al notar lo que hab\u00eda pasado. Desesperado, baj\u00f3 y abri\u00f3 la puerta trasera para<strong>&nbsp;asistir a su peque\u00f1a hija.&nbsp;<\/strong>Inicialmente, estuvo internada en el Hospital Gandulfo y luego fue trasladada en helic\u00f3ptero al Churruca, donde muri\u00f3 esta tarde.<\/p>\n\n\n\n<p>El Corolla en el que se movilizaban fue encontrado abandonado esta tarde en Villa Fiorito y&nbsp;<strong>est\u00e1 siendo peritado&nbsp;<\/strong>por la Polic\u00eda Cient\u00edfica. Pese a que en las im\u00e1genes se pueden ver a tres, son&nbsp;<strong>cuatro sospechosos<\/strong>&nbsp;los que est\u00e1 investigando la Justicia.<\/p>\n\n\n\n<p>El fiscal de la causa, Pablo Rossi, habl\u00f3 con los medios anoche. \u201cTenemos muchas filmaciones de los hechos que nos van a permitir identificarlos. Hay cuatro personas que&nbsp;<strong>se distribuyeron las tareas<\/strong>&nbsp;para cometer el robo del veh\u00edculo y luego asaltar a la familia\u201d, asegur\u00f3.<\/p>\n","protected":false},"excerpt":{"rendered":"<p>Este lunes,\u00a0el crimen de Umma Aguilera, la hija de un custodio de Patricia Bullrich, conmovi\u00f3 a todo el pa\u00eds. La nena de 9 a\u00f1os se encontraba en el auto familiar cuando un grupo de delincuentes intent\u00f3 robarse el veh\u00edculo y le dispararon.\u00a0Horas despu\u00e9s,\u00a0la chiquita muri\u00f3 producto de una herida que sufri\u00f3 en la cabeza. Tras<a class=\"read-more\" href=\"https:\/\/elfederalmendoza.com.ar\/index.php\/2024\/01\/23\/el-dolor-de-la-familia-de-la-nena-asesinada-y-su-desgarrador-adios-ummita-segui-jugando-donde-quiera-que-estes\/\"> [&hellip;]<\/a><\/p>\n","protected":false},"author":2,"featured_media":31423,"comment_status":"open","ping_status":"open","sticky":false,"template":"","format":"standard","meta":{"footnotes":""},"categories":[5618],"tags":[],"class_list":["post-31421","post","type-post","status-publish","format-standard","has-post-thumbnail","hentry","category-arg"],"rttpg_featured_image_url":{"full":["https:\/\/elfederalmendoza.com.ar\/wp-content\/uploads\/2024\/01\/umma.jpg",1095,665,false],"landscape":["https:\/\/elfederalmendoza.com.ar\/wp-content\/uploads\/2024\/01\/umma.jpg",1095,665,false],"portraits":["https:\/\/elfederalmendoza.com.ar\/wp-content\/uploads\/2024\/01\/umma.jpg",1095,665,false],"thumbnail":["https:\/\/elfederalmendoza.com.ar\/wp-content\/uploads\/2024\/01\/umma-150x150.jpg",150,150,true],"medium":["https:\/\/elfederalmendoza.com.ar\/wp-content\/uploads\/2024\/01\/umma-300x182.jpg",300,182,true],"large":["https:\/\/elfederalmendoza.com.ar\/wp-content\/uploads\/2024\/01\/umma-1024x622.jpg",640,389,true],"1536x1536":["https:\/\/elfederalmendoza.com.ar\/wp-content\/uploads\/2024\/01\/umma.jpg",1095,665,false],"2048x2048":["https:\/\/elfederalmendoza.com.ar\/wp-content\/uploads\/2024\/01\/umma.jpg",1095,665,false],"ultp_layout_landscape_large":["https:\/\/elfederalmendoza.com.ar\/wp-content\/uploads\/2024\/01\/umma.jpg",1095,665,false],"ultp_layout_landscape":["https:\/\/elfederalmendoza.com.ar\/wp-content\/uploads\/2024\/01\/umma-870x570.jpg",870,570,true],"ultp_layout_portrait":["https:\/\/elfederalmendoza.com.ar\/wp-content\/uploads\/2024\/01\/umma-600x665.jpg",600,665,true],"ultp_layout_square":["https:\/\/elfederalmendoza.com.ar\/wp-content\/uploads\/2024\/01\/umma-600x600.jpg",600,600,true],"rpwe-thumbnail":["https:\/\/elfederalmendoza.com.ar\/wp-content\/uploads\/2024\/01\/umma-45x45.jpg",45,45,true],"advps-thumb-one":["https:\/\/elfederalmendoza.com.ar\/wp-content\/uploads\/2024\/01\/umma-1095x420.jpg",1095,420,true]},"rttpg_author":{"display_name":"Redacci\u00f3n El Federal","author_link":"https:\/\/elfederalmendoza.com.ar\/index.php\/author\/angelflores\/"},"rttpg_comment":0,"rttpg_category":"<a href=\"https:\/\/elfederalmendoza.com.ar\/index.php\/category\/arg\/\" rel=\"category tag\">Argentina<\/a>","rttpg_excerpt":"Este lunes,\u00a0el crimen de Umma Aguilera, la hija de un custodio de Patricia Bullrich, conmovi\u00f3 a todo el pa\u00eds. La nena de 9 a\u00f1os se encontraba en el auto familiar cuando un grupo de delincuentes intent\u00f3 robarse el veh\u00edculo y le dispararon.\u00a0Horas despu\u00e9s,\u00a0la chiquita muri\u00f3 producto de una herida que sufri\u00f3 en la cabeza. Tras&hellip;","_links":{"self":[{"href":"https:\/\/elfederalmendoza.com.ar\/index.php\/wp-json\/wp\/v2\/posts\/31421","targetHints":{"allow":["GET"]}}],"collection":[{"href":"https:\/\/elfederalmendoza.com.ar\/index.php\/wp-json\/wp\/v2\/posts"}],"about":[{"href":"https:\/\/elfederalmendoza.com.ar\/index.php\/wp-json\/wp\/v2\/types\/post"}],"author":[{"embeddable":true,"href":"https:\/\/elfederalmendoza.com.ar\/index.php\/wp-json\/wp\/v2\/users\/2"}],"replies":[{"embeddable":true,"href":"https:\/\/elfederalmendoza.com.ar\/index.php\/wp-json\/wp\/v2\/comments?post=31421"}],"version-history":[{"count":1,"href":"https:\/\/elfederalmendoza.com.ar\/index.php\/wp-json\/wp\/v2\/posts\/31421\/revisions"}],"predecessor-version":[{"id":31424,"href":"https:\/\/elfederalmendoza.com.ar\/index.php\/wp-json\/wp\/v2\/posts\/31421\/revisions\/31424"}],"wp:featuredmedia":[{"embeddable":true,"href":"https:\/\/elfederalmendoza.com.ar\/index.php\/wp-json\/wp\/v2\/media\/31423"}],"wp:attachment":[{"href":"https:\/\/elfederalmendoza.com.ar\/index.php\/wp-json\/wp\/v2\/media?parent=31421"}],"wp:term":[{"taxonomy":"category","embeddable":true,"href":"https:\/\/elfederalmendoza.com.ar\/index.php\/wp-json\/wp\/v2\/categories?post=31421"},{"taxonomy":"post_tag","embeddable":true,"href":"https:\/\/elfederalmendoza.com.ar\/index.php\/wp-json\/wp\/v2\/tags?post=31421"}],"curies":[{"name":"wp","href":"https:\/\/api.w.org\/{rel}","templated":true}]}}