{"id":31463,"date":"2024-01-24T15:42:59","date_gmt":"2024-01-24T18:42:59","guid":{"rendered":"https:\/\/elfederalmendoza.com\/?p=31463"},"modified":"2024-01-24T15:43:00","modified_gmt":"2024-01-24T18:43:00","slug":"pablo-moyano-amenazo-al-ministro-de-economia-luis-caputo-si-lleva-estas-medidas-de-ajuste-lo-van-a-tirar-al-riachuelo","status":"publish","type":"post","link":"https:\/\/elfederalmendoza.com.ar\/index.php\/2024\/01\/24\/pablo-moyano-amenazo-al-ministro-de-economia-luis-caputo-si-lleva-estas-medidas-de-ajuste-lo-van-a-tirar-al-riachuelo\/","title":{"rendered":"Pablo Moyano amenaz\u00f3 al ministro de Econom\u00eda, Luis Caputo: \u00abSi lleva estas medidas de ajuste, lo van a tirar al Riachuelo\u00bb"},"content":{"rendered":"\n<p>El l\u00edder camionero apunt\u00f3 contra el funcionario durante su discurso en el acto de la CGT en el Congreso. \u201cNing\u00fan peronista puede votar este DNU y esta Ley \u00d3mnibus\u201d, expres\u00f3.<\/p>\n\n\n\n<p><strong>Pablo Moyano<\/strong>\u00a0brind\u00f3 un discurso duro este mi\u00e9rcoles en el Congreso, en el marco del paro general de la CGT. En su exposici\u00f3n, el l\u00edder camionero le apunt\u00f3 fuerte al ministro de Econom\u00eda: \u201cSi Caputo lleva adelante estas medidas, los trabajadores lo van a tirar al Riachuelo\u201d.<\/p>\n\n\n\n<p>\u201cHace pocos d\u00edas el Presidente, de forma risue\u00f1a con un periodista, ri\u00e9ndose, dec\u00eda que al Ministro de Econom\u00eda, por las medidas que estaba tomando, hay que llevarlo en andas. El mismo ministro de Econom\u00eda, que fue socio de Macri, que fug\u00f3 45.000 millones de d\u00f3lares, que tendr\u00eda que estar desfilando por los tribunales dando explicaci\u00f3n. Yo le digo que si lleva estas medidas econ\u00f3micas de ajuste, de hambre, de despido, los trabajadores, los jubilados y los m\u00e1s humildes\u00a0<strong>lo van a llevar en andas al ministro de Econom\u00eda pero para tirarlo al riachuelo<\/strong>\u201d, amenaz\u00f3.<\/p>\n\n\n\n<figure class=\"wp-block-image size-large\"><img loading=\"lazy\" decoding=\"async\" width=\"1024\" height=\"563\" src=\"https:\/\/elfederalmendoza.com\/wp-content\/uploads\/2024\/01\/moyano-1024x563.jpg\" alt=\"\" class=\"wp-image-31465\" srcset=\"https:\/\/elfederalmendoza.com.ar\/wp-content\/uploads\/2024\/01\/moyano-1024x563.jpg 1024w, https:\/\/elfederalmendoza.com.ar\/wp-content\/uploads\/2024\/01\/moyano-300x165.jpg 300w, https:\/\/elfederalmendoza.com.ar\/wp-content\/uploads\/2024\/01\/moyano-768x423.jpg 768w, https:\/\/elfederalmendoza.com.ar\/wp-content\/uploads\/2024\/01\/moyano.jpg 1354w\" sizes=\"auto, (max-width: 1024px) 100vw, 1024px\" \/><\/figure>\n\n\n\n<p>Moyano tambi\u00e9n puntualiz\u00f3 en otro tema: \u201cEste gobierno, al que votaron para que los trabajadores no paguen Ganancias, nuevamente\u00a0<strong>va a ponerle a los trabajadores el impuesto al trabajo<\/strong>\u201d.<a href=\"https:\/\/www.infobae.com\/politica\/2024\/01\/24\/el-gobierno-apunta-a-axel-kicillof-por-participar-del-paro-de-la-cgt-como-gobernador-tiene-que-cumplir-la-ley-no-violarla\/\" target=\"_blank\" rel=\"noreferrer noopener\"><\/a><\/p>\n\n\n\n<p>\u201cDiputados y senadores:&nbsp;<strong>que no se les ocurra ponerle el impuesto nuevamente a los trabajadores<\/strong>. Si son tan guapos, p\u00f3nganle el impuesto a las grandes fortunas, aumenten las retenciones, p\u00f3nganles retenciones a las mineras, pero no a los trabajadores\u201d, advirti\u00f3 el gremialista.<\/p>\n\n\n\n<p>Y continu\u00f3 su intimidaci\u00f3n: \u201cEl jueves (d\u00eda que se tratar\u00e1 en el recinto)\u00a0est\u00e1n ante una decisi\u00f3n hist\u00f3rica para\u00a0<strong>que digan si est\u00e1n con los trabajadores o con las corporaciones\u00a0<\/strong>que est\u00e1n con este modelo econ\u00f3mico que lleva adelante el presidente Milei. No traicionen a los trabajadores\u201d.<a href=\"https:\/\/www.infobae.com\/politica\/2024\/01\/24\/gabriel-katopodis-se-sumo-al-paro-en-tren-y-canto-con-pasajeros-y-militantes-militantes\/\" target=\"_blank\" rel=\"noreferrer noopener\"><\/a><\/p>\n\n\n\n<p>Luego, sin mencionar a nadie en particular, record\u00f3 a quienes&nbsp;<strong>\u201chacen campa\u00f1a cantando la marcha, con los cuadros de Per\u00f3n y Evita, pero cuando tienen que&nbsp;tratar una ley se esconden\u201d<\/strong>&nbsp;y los tienen que ir&nbsp;\u201ca buscar a su despacho\u201d.<\/p>\n\n\n\n<p>Para el camionero, \u201c<strong>ning\u00fan peronista puede votar este DNU<\/strong>&nbsp;y esta Ley \u00d3mnibus, que va en contra de los gobernadores, en contra de los jubilados y en contra de la soberan\u00eda nacional\u201d. \u201cNo podemos traicionar al peronismo, no se pueden privatizar las empresas del Estado\u201d, sigui\u00f3 su arenga.<\/p>\n\n\n\n<p>\u201cCada vez que gana un modelo liberal, ultraliberal -ya no sabemos qu\u00e9 es este gobierno-,&nbsp;<strong>lo primero que ajustan es a los trabajadores<\/strong>\u201d, se quej\u00f3 ante los manifestantes.<\/p>\n\n\n\n<p>La central sindical defini\u00f3 realizar este mi\u00e9rcoles un paro general para mostrar su\u00a0<strong>oposici\u00f3n al mega DNU y la Ley \u00d3mnibus<\/strong>\u00a0del gobierno de Javier Milei, que incluye modificaciones en el r\u00e9gimen laboral y afecta tambi\u00e9n al r\u00e9gimen de obras sociales. A tan solo 45 d\u00edas de asumido el nuevo Gobierno,\u00a0es el paro m\u00e1s r\u00e1pido organizado por la CGT a un presidente.<\/p>\n\n\n\n<p>\u201cHan llevado adelante una reforma laboral para sacarles derechos a los trabajadores y trabajadoras.<strong>&nbsp;A esta ley la escribieron Paolo Rocca y Mercado Libre<\/strong>\u201d, acus\u00f3 Moyano.<\/p>\n\n\n\n<p>El l\u00edder camionero cerr\u00f3 su discurso con un aviso:&nbsp;<strong>\u201cNadie nos va a detener, porque la patria no se vende, la patria se defiende\u201d<\/strong>.<\/p>\n","protected":false},"excerpt":{"rendered":"<p>El l\u00edder camionero apunt\u00f3 contra el funcionario durante su discurso en el acto de la CGT en el Congreso. \u201cNing\u00fan peronista puede votar este DNU y esta Ley \u00d3mnibus\u201d, expres\u00f3. Pablo Moyano\u00a0brind\u00f3 un discurso duro este mi\u00e9rcoles en el Congreso, en el marco del paro general de la CGT. En su exposici\u00f3n, el l\u00edder camionero<a class=\"read-more\" href=\"https:\/\/elfederalmendoza.com.ar\/index.php\/2024\/01\/24\/pablo-moyano-amenazo-al-ministro-de-economia-luis-caputo-si-lleva-estas-medidas-de-ajuste-lo-van-a-tirar-al-riachuelo\/\"> [&hellip;]<\/a><\/p>\n","protected":false},"author":2,"featured_media":31466,"comment_status":"open","ping_status":"open","sticky":false,"template":"","format":"standard","meta":{"footnotes":""},"categories":[5618],"tags":[],"class_list":["post-31463","post","type-post","status-publish","format-standard","has-post-thumbnail","hentry","category-arg"],"rttpg_featured_image_url":{"full":["https:\/\/elfederalmendoza.com.ar\/wp-content\/uploads\/2024\/01\/moyano1.jpg",1280,712,false],"landscape":["https:\/\/elfederalmendoza.com.ar\/wp-content\/uploads\/2024\/01\/moyano1.jpg",1280,712,false],"portraits":["https:\/\/elfederalmendoza.com.ar\/wp-content\/uploads\/2024\/01\/moyano1.jpg",1280,712,false],"thumbnail":["https:\/\/elfederalmendoza.com.ar\/wp-content\/uploads\/2024\/01\/moyano1-150x150.jpg",150,150,true],"medium":["https:\/\/elfederalmendoza.com.ar\/wp-content\/uploads\/2024\/01\/moyano1-300x167.jpg",300,167,true],"large":["https:\/\/elfederalmendoza.com.ar\/wp-content\/uploads\/2024\/01\/moyano1-1024x570.jpg",640,356,true],"1536x1536":["https:\/\/elfederalmendoza.com.ar\/wp-content\/uploads\/2024\/01\/moyano1.jpg",1280,712,false],"2048x2048":["https:\/\/elfederalmendoza.com.ar\/wp-content\/uploads\/2024\/01\/moyano1.jpg",1280,712,false],"ultp_layout_landscape_large":["https:\/\/elfederalmendoza.com.ar\/wp-content\/uploads\/2024\/01\/moyano1-1200x712.jpg",1200,712,true],"ultp_layout_landscape":["https:\/\/elfederalmendoza.com.ar\/wp-content\/uploads\/2024\/01\/moyano1-870x570.jpg",870,570,true],"ultp_layout_portrait":["https:\/\/elfederalmendoza.com.ar\/wp-content\/uploads\/2024\/01\/moyano1-600x712.jpg",600,712,true],"ultp_layout_square":["https:\/\/elfederalmendoza.com.ar\/wp-content\/uploads\/2024\/01\/moyano1-600x600.jpg",600,600,true],"rpwe-thumbnail":["https:\/\/elfederalmendoza.com.ar\/wp-content\/uploads\/2024\/01\/moyano1-45x45.jpg",45,45,true],"advps-thumb-one":["https:\/\/elfederalmendoza.com.ar\/wp-content\/uploads\/2024\/01\/moyano1-1200x420.jpg",1200,420,true]},"rttpg_author":{"display_name":"Redacci\u00f3n El Federal","author_link":"https:\/\/elfederalmendoza.com.ar\/index.php\/author\/angelflores\/"},"rttpg_comment":0,"rttpg_category":"<a href=\"https:\/\/elfederalmendoza.com.ar\/index.php\/category\/arg\/\" rel=\"category tag\">Argentina<\/a>","rttpg_excerpt":"El l\u00edder camionero apunt\u00f3 contra el funcionario durante su discurso en el acto de la CGT en el Congreso. \u201cNing\u00fan peronista puede votar este DNU y esta Ley \u00d3mnibus\u201d, expres\u00f3. Pablo Moyano\u00a0brind\u00f3 un discurso duro este mi\u00e9rcoles en el Congreso, en el marco del paro general de la CGT. En su exposici\u00f3n, el l\u00edder camionero&hellip;","_links":{"self":[{"href":"https:\/\/elfederalmendoza.com.ar\/index.php\/wp-json\/wp\/v2\/posts\/31463","targetHints":{"allow":["GET"]}}],"collection":[{"href":"https:\/\/elfederalmendoza.com.ar\/index.php\/wp-json\/wp\/v2\/posts"}],"about":[{"href":"https:\/\/elfederalmendoza.com.ar\/index.php\/wp-json\/wp\/v2\/types\/post"}],"author":[{"embeddable":true,"href":"https:\/\/elfederalmendoza.com.ar\/index.php\/wp-json\/wp\/v2\/users\/2"}],"replies":[{"embeddable":true,"href":"https:\/\/elfederalmendoza.com.ar\/index.php\/wp-json\/wp\/v2\/comments?post=31463"}],"version-history":[{"count":1,"href":"https:\/\/elfederalmendoza.com.ar\/index.php\/wp-json\/wp\/v2\/posts\/31463\/revisions"}],"predecessor-version":[{"id":31467,"href":"https:\/\/elfederalmendoza.com.ar\/index.php\/wp-json\/wp\/v2\/posts\/31463\/revisions\/31467"}],"wp:featuredmedia":[{"embeddable":true,"href":"https:\/\/elfederalmendoza.com.ar\/index.php\/wp-json\/wp\/v2\/media\/31466"}],"wp:attachment":[{"href":"https:\/\/elfederalmendoza.com.ar\/index.php\/wp-json\/wp\/v2\/media?parent=31463"}],"wp:term":[{"taxonomy":"category","embeddable":true,"href":"https:\/\/elfederalmendoza.com.ar\/index.php\/wp-json\/wp\/v2\/categories?post=31463"},{"taxonomy":"post_tag","embeddable":true,"href":"https:\/\/elfederalmendoza.com.ar\/index.php\/wp-json\/wp\/v2\/tags?post=31463"}],"curies":[{"name":"wp","href":"https:\/\/api.w.org\/{rel}","templated":true}]}}