{"id":31470,"date":"2024-01-24T16:07:16","date_gmt":"2024-01-24T19:07:16","guid":{"rendered":"https:\/\/elfederalmendoza.com\/?p=31470"},"modified":"2024-01-24T16:18:03","modified_gmt":"2024-01-24T19:18:03","slug":"video-facundo-moyano-este-paro-tendria-que-haber-sido-hace-dos-anos-yo-fui-parte-del-desastre","status":"publish","type":"post","link":"https:\/\/elfederalmendoza.com.ar\/index.php\/2024\/01\/24\/video-facundo-moyano-este-paro-tendria-que-haber-sido-hace-dos-anos-yo-fui-parte-del-desastre\/","title":{"rendered":"-VIDEO- Facundo Moyano: \u00abEste paro tendr\u00eda que haber sido hace dos a\u00f1os, yo fui parte del desastre\u00bb"},"content":{"rendered":"\n<p>Mientras se lleva adelante el paro general convocado por la Confederaci\u00f3n General del Trabajo (<em>CGT)<\/em>, el ex diputado nacional&nbsp;<strong>Facundo Moyano<\/strong>&nbsp;realiz\u00f3 una fuerte&nbsp;<strong>autocr\u00edtica&nbsp;<\/strong>al interior de la dirigencia de la central obrera y apunt\u00f3 contra el gobierno de Alberto Fern\u00e1ndez. \u201c<strong>Yo fui parte del desastre<\/strong>\u201d, asegur\u00f3.<a href=\"https:\/\/www.infobae.com\/politica\/2024\/01\/24\/el-gobierno-apunta-a-axel-kicillof-por-participar-del-paro-de-la-cgt-como-gobernador-tiene-que-cumplir-la-ley-no-violarla\/\" target=\"_blank\" rel=\"noreferrer noopener\"><\/a><\/p>\n\n\n\n<p>\u201cPara m\u00ed, m\u00e1s all\u00e1 de la manifestaci\u00f3n que creo que tiene que ser pac\u00edfica y va a ser pac\u00edfica, en mi caso particular tiene que tener un&nbsp;<strong>sentido de profunda autocr\u00edtica, del peronismo, de la CGT, de los dirigentes<\/strong>, de los que nunca la van a tener, porque&nbsp;<strong>siempre le van a echar la culpa a otros<\/strong>\u201d, dijo en declaraciones a&nbsp;<em>CNN Radio.<\/em><\/p>\n\n\n\n<p>\u201cSi hoy en la Argentina se encuentra una situaci\u00f3n de ser&nbsp;<strong>campeones del mundo en inflaci\u00f3n<\/strong>, segundo a\u00f1o consecutivo que somos campeones del mundo en algo, en inflaci\u00f3n lamentablemente,&nbsp;<strong>es por el desastre que se hizo durante los cuatro a\u00f1os del gobierno de Alberto Fern\u00e1ndez<\/strong>\u201d, sigui\u00f3 el ex secretario general del Sindicato \u00danico de Trabajadores de Peajes.<a href=\"https:\/\/www.infobae.com\/politica\/2024\/01\/24\/el-paro-contra-el-gobierno-tiene-eco-en-capitales-europeas-hay-protestas-en-berlin-y-roma\/\" target=\"_blank\" rel=\"noreferrer noopener\"><\/a><\/p>\n\n\n\n<p>Respecto de la protesta de hoy frente al Congreso Nacional, Moyano dijo: \u201cLlegu\u00e9 a la conclusi\u00f3n de que la autocr\u00edtica la tenemos que hacer todos.&nbsp;<strong>Si no hay dirigentes peronistas que hagan autocr\u00edtica, ac\u00e1 hay uno que la hace. Este paro tendr\u00eda que haber sido hace dos a\u00f1os<\/strong>\u201d.<\/p>\n\n\n\n<p>\u201c<strong>Yo fui parte del desastre, yo fui diputado nacional<\/strong>, fui en la lista de Alberto Fern\u00e1ndez, que antes de ser presidente dec\u00eda que iba a ser el presidente que iba a terminar con la grieta, que iba a construir el Frente de Todos, que termin\u00f3 siendo el \u2018frente de algunos pocos\u2019, que designaron representantes en empresas importantes y que las fundieron pr\u00e1cticamente a todas\u201d, sostuvo el dirigente pol\u00edtico tras referirse al gobierno anterior.<\/p>\n\n\n\n<figure class=\"wp-block-image size-large\"><img loading=\"lazy\" decoding=\"async\" width=\"1024\" height=\"573\" src=\"https:\/\/elfederalmendoza.com\/wp-content\/uploads\/2024\/01\/FACUNDO-MOYANO-1024x573.jpg\" alt=\"\" class=\"wp-image-31472\" srcset=\"https:\/\/elfederalmendoza.com.ar\/wp-content\/uploads\/2024\/01\/FACUNDO-MOYANO-1024x573.jpg 1024w, https:\/\/elfederalmendoza.com.ar\/wp-content\/uploads\/2024\/01\/FACUNDO-MOYANO-300x168.jpg 300w, https:\/\/elfederalmendoza.com.ar\/wp-content\/uploads\/2024\/01\/FACUNDO-MOYANO-768x430.jpg 768w, https:\/\/elfederalmendoza.com.ar\/wp-content\/uploads\/2024\/01\/FACUNDO-MOYANO.jpg 1071w\" sizes=\"auto, (max-width: 1024px) 100vw, 1024px\" \/><\/figure>\n\n\n\n<p><a href=\"https:\/\/www.infobae.com\/politica\/2024\/01\/24\/axel-kicillof-intendentes-y-gobernadores-peronistas-participan-del-paro-de-la-cgt\/\" target=\"_blank\" rel=\"noreferrer noopener\"><\/a><\/p>\n\n\n\n<p>\u201cYo te puedo hablar de mi actividad en particular, con n\u00fameros concretos, las destruyeron\u201d, sostuvo. Y complet\u00f3: \u201cSiendo diputado vot\u00e9 muchas estupideces\u201d.<\/p>\n\n\n\n<p>La protesta de la CGT fue decidida semanas atr\u00e1s, a tan s\u00f3lo 18 d\u00edas de la asunci\u00f3n del nuevo gobierno, luego de una reuni\u00f3n del Comit\u00e9 Central Confederal en la sede hist\u00f3rica de la calle Azopardo, donde participaron todos los sectores gremiales. Desde las 12, diferentes organizaciones marchan hacia el Congreso de la Naci\u00f3n, en protesta a las modificaciones a la legislaci\u00f3n laboral que incluyen el DNU de desregulaci\u00f3n de la econom\u00eda y el proyecto de ley \u00f3mnibus, llamado \u201cBases y Puntos de Partida para la Libertad de los Argentinos\u201d, impulsados por el Gobierno de\u00a0<strong>Javier Milei.<\/strong><\/p>\n\n\n\n<blockquote class=\"twitter-tweet\" data-media-max-width=\"560\"><p lang=\"es\" dir=\"ltr\">\ud83d\udde3\ufe0fUna profunda y honesta autocr\u00edtica debe ser el punto de partida para reconstruir al peronismo. Tengamos el coraje de hacernos cargo de los errores y las disputas que llevaron a Milei a la presidencia. <a href=\"https:\/\/t.co\/BNutPeg06D\">pic.twitter.com\/BNutPeg06D<\/a><\/p>&mdash; Facundo Moyano (@Facundo_Moyano) <a href=\"https:\/\/twitter.com\/Facundo_Moyano\/status\/1750224303302279314?ref_src=twsrc%5Etfw\">January 24, 2024<\/a><\/blockquote> <script async src=\"https:\/\/platform.twitter.com\/widgets.js\" charset=\"utf-8\"><\/script>\n\n\n\n<p>\u201cSi est\u00e1s con ellos, sos bueno. Pero si no est\u00e1s con ellos, sos la derecha, sos la Embajada de Estados Unidos, el imperialismo. Me pas\u00f3 a m\u00ed con Sergio Massa. Yo estaba en la lista de Massa y era traidor, era de la Embajada, era del Departamento de Estado. Y con esa l\u00f3gica estamos donde estamos. Hacia adentro hablamos todos, criticamos todos, decimos \u2018la culpa de este, la culpa del otro\u2019, pero \u00bfsabes qu\u00e9?&nbsp;<strong>La culpa es nuestra, es de todos. La culpa es m\u00eda tambi\u00e9n<\/strong>\u201d, continu\u00f3.<\/p>\n\n\n\n<p>En otro tramo de la entrevista, y en medio de un fuerte enojo, el dirigente se refiri\u00f3 a su decisi\u00f3n de abandonar su banca como diputado de la Naci\u00f3n, en 2021: \u201cYo renunci\u00e9 el 11 de agosto del a\u00f1o 2021. Renunci\u00e9 a un nuevo gobierno. Le echaron descaradamente la culpa a Mart\u00edn Guzm\u00e1n y se acab\u00f3 el gobierno de Alberto.&nbsp;<strong>\u00bfVos pens\u00e1s que esa hipocres\u00eda por parte del gobierno no se paga? \u00bfVos pens\u00e1s que no se acab\u00f3 esto? \u00bfVos pens\u00e1s que no se paga que el peronismo haya pasado a ser el partido de los trabajadores, al partido de los pobres?\u201d.<\/strong><\/p>\n\n\n\n<blockquote class=\"twitter-tweet\" data-media-max-width=\"560\"><p lang=\"es\" dir=\"ltr\">Facundo Moyano: &quot;Este paro tendr\u00eda que haber sido hace dos a\u00f1os. \u00bfQu\u00e9 propuesta laboral tiene el peronismo? \u00bfQu\u00e9 propuesta tuvo durante estos cuatro a\u00f1os? \u00bfQu\u00e9 propuesta tuvieron los dirigentes de la CGT?&quot; <a href=\"https:\/\/t.co\/FGoLCsReyj\">https:\/\/t.co\/FGoLCsReyj<\/a> <a href=\"https:\/\/t.co\/2QBMD27wya\">pic.twitter.com\/2QBMD27wya<\/a><\/p>&mdash; TN &#8211; Todo Noticias (@todonoticias) <a href=\"https:\/\/twitter.com\/todonoticias\/status\/1750186994397741337?ref_src=twsrc%5Etfw\">January 24, 2024<\/a><\/blockquote> <script async src=\"https:\/\/platform.twitter.com\/widgets.js\" charset=\"utf-8\"><\/script>\n\n\n\n<p><strong>Adem\u00e1s, consider\u00f3 que el triunfo de Milei \u201ces el efecto\u201d del gobierno anterior. \u201c<\/strong>La causa es el desastre, el papel\u00f3n institucional, el desastre econ\u00f3mico, las peleas de ego, de vanidades, de los dirigentes pol\u00edticos, entre los cuales me encuentro. Porque m\u00e1s all\u00e1 de que haya renunciado, sigo siendo dirigente pol\u00edtico del peronismo. Y renunci\u00e9, \u00bfsab\u00e9s para qu\u00e9? Para tener libertad para la cr\u00edtica\u201d, sostuvo.<\/p>\n\n\n\n<p>\u201cHay que dar la cara a la sociedad y decir, s\u00ed, nos hacemos cargo. fuimos un desastre. Desnorhamos la historia del peronismo, porque el peronismo es trabajo, el peronismo es movilidad social ascendente, el peronismo es educaci\u00f3n\u201d, agreg\u00f3.<\/p>\n\n\n\n<p>\u201cSe le puede echar la culpa a Macri, a la deuda, que la pandemia, que esto, que lo otro, la guerra fue entre Rusia y Ucrania. Dejemos de mentirnos a nosotros, dejemos de mentir a la gente. Ac\u00e1 hay responsables. Despu\u00e9s vamos a tener tiempo para criticar a Milei y las leyes, su construcci\u00f3n a partir de la bronca, su cr\u00edtica y sus contradicciones. Tenemos todo el tiempo el mundo. Ahora, \u00bfcu\u00e1ndo vamos a hacer una autocr\u00edtica?\u201d, reiter\u00f3 Moyano.<\/p>\n\n\n\n<p>En tanto, el ex legislador volvi\u00f3 a apuntar contra los dirigentes sindicales: \u201cSon responsables. Yo me incluyo tambi\u00e9n. La CGT no se mancha. El peronismo no se mancha. Los dirigentes tomamos malas decisiones. Los dirigentes somos ego\u00edstas. Pero las instituciones no se manchan. La CGT convoca y convoca. No por los dirigentes. Porque este paro tendr\u00eda que haber sido hace unos a\u00f1os\u201d.<\/p>\n\n\n\n<p><strong>\u201cEsta marcha tiene que ser una marcha en reclamo de cosas que van en contra de los trabajadores, pero tambi\u00e9n una marcha para hacer una autocr\u00edtica profunda del desastre que fuimos como gobierno\u201d, a\u00f1adi\u00f3.<\/strong><\/p>\n\n\n\n<p>\u201cMe cans\u00e9 de la hipocres\u00eda. Nosotros si somos peronistas tenemos que hablar del peronismo, de la movilidad social ascendente, del trabajo, de que el laburante se pueda ir de vacaciones, de que puede cambiar el auto, de que pueda tener una casa. Eso es lo que yo creo. Y que me puteen los dirigentes sindicales, y hay muchos que ya se tienen que jubilar, que me puteen, me hacen un favor. Ojal\u00e1 me puteen\u201d, finaliz\u00f3.<\/p>\n","protected":false},"excerpt":{"rendered":"<p>Mientras se lleva adelante el paro general convocado por la Confederaci\u00f3n General del Trabajo (CGT), el ex diputado nacional&nbsp;Facundo Moyano&nbsp;realiz\u00f3 una fuerte&nbsp;autocr\u00edtica&nbsp;al interior de la dirigencia de la central obrera y apunt\u00f3 contra el gobierno de Alberto Fern\u00e1ndez. \u201cYo fui parte del desastre\u201d, asegur\u00f3. \u201cPara m\u00ed, m\u00e1s all\u00e1 de la manifestaci\u00f3n que creo que tiene<a class=\"read-more\" href=\"https:\/\/elfederalmendoza.com.ar\/index.php\/2024\/01\/24\/video-facundo-moyano-este-paro-tendria-que-haber-sido-hace-dos-anos-yo-fui-parte-del-desastre\/\"> [&hellip;]<\/a><\/p>\n","protected":false},"author":2,"featured_media":31473,"comment_status":"open","ping_status":"open","sticky":false,"template":"","format":"standard","meta":{"footnotes":""},"categories":[5618],"tags":[],"class_list":["post-31470","post","type-post","status-publish","format-standard","has-post-thumbnail","hentry","category-arg"],"rttpg_featured_image_url":{"full":["https:\/\/elfederalmendoza.com.ar\/wp-content\/uploads\/2024\/01\/FACUNDO-MOYANO3.jpg",1243,728,false],"landscape":["https:\/\/elfederalmendoza.com.ar\/wp-content\/uploads\/2024\/01\/FACUNDO-MOYANO3.jpg",1243,728,false],"portraits":["https:\/\/elfederalmendoza.com.ar\/wp-content\/uploads\/2024\/01\/FACUNDO-MOYANO3.jpg",1243,728,false],"thumbnail":["https:\/\/elfederalmendoza.com.ar\/wp-content\/uploads\/2024\/01\/FACUNDO-MOYANO3-150x150.jpg",150,150,true],"medium":["https:\/\/elfederalmendoza.com.ar\/wp-content\/uploads\/2024\/01\/FACUNDO-MOYANO3-300x176.jpg",300,176,true],"large":["https:\/\/elfederalmendoza.com.ar\/wp-content\/uploads\/2024\/01\/FACUNDO-MOYANO3-1024x600.jpg",640,375,true],"1536x1536":["https:\/\/elfederalmendoza.com.ar\/wp-content\/uploads\/2024\/01\/FACUNDO-MOYANO3.jpg",1243,728,false],"2048x2048":["https:\/\/elfederalmendoza.com.ar\/wp-content\/uploads\/2024\/01\/FACUNDO-MOYANO3.jpg",1243,728,false],"ultp_layout_landscape_large":["https:\/\/elfederalmendoza.com.ar\/wp-content\/uploads\/2024\/01\/FACUNDO-MOYANO3-1200x728.jpg",1200,728,true],"ultp_layout_landscape":["https:\/\/elfederalmendoza.com.ar\/wp-content\/uploads\/2024\/01\/FACUNDO-MOYANO3-870x570.jpg",870,570,true],"ultp_layout_portrait":["https:\/\/elfederalmendoza.com.ar\/wp-content\/uploads\/2024\/01\/FACUNDO-MOYANO3-600x728.jpg",600,728,true],"ultp_layout_square":["https:\/\/elfederalmendoza.com.ar\/wp-content\/uploads\/2024\/01\/FACUNDO-MOYANO3-600x600.jpg",600,600,true],"rpwe-thumbnail":["https:\/\/elfederalmendoza.com.ar\/wp-content\/uploads\/2024\/01\/FACUNDO-MOYANO3-45x45.jpg",45,45,true],"advps-thumb-one":["https:\/\/elfederalmendoza.com.ar\/wp-content\/uploads\/2024\/01\/FACUNDO-MOYANO3-1200x420.jpg",1200,420,true]},"rttpg_author":{"display_name":"Redacci\u00f3n El Federal","author_link":"https:\/\/elfederalmendoza.com.ar\/index.php\/author\/angelflores\/"},"rttpg_comment":0,"rttpg_category":"<a href=\"https:\/\/elfederalmendoza.com.ar\/index.php\/category\/arg\/\" rel=\"category tag\">Argentina<\/a>","rttpg_excerpt":"Mientras se lleva adelante el paro general convocado por la Confederaci\u00f3n General del Trabajo (CGT), el ex diputado nacional&nbsp;Facundo Moyano&nbsp;realiz\u00f3 una fuerte&nbsp;autocr\u00edtica&nbsp;al interior de la dirigencia de la central obrera y apunt\u00f3 contra el gobierno de Alberto Fern\u00e1ndez. \u201cYo fui parte del desastre\u201d, asegur\u00f3. \u201cPara m\u00ed, m\u00e1s all\u00e1 de la manifestaci\u00f3n que creo que tiene&hellip;","_links":{"self":[{"href":"https:\/\/elfederalmendoza.com.ar\/index.php\/wp-json\/wp\/v2\/posts\/31470","targetHints":{"allow":["GET"]}}],"collection":[{"href":"https:\/\/elfederalmendoza.com.ar\/index.php\/wp-json\/wp\/v2\/posts"}],"about":[{"href":"https:\/\/elfederalmendoza.com.ar\/index.php\/wp-json\/wp\/v2\/types\/post"}],"author":[{"embeddable":true,"href":"https:\/\/elfederalmendoza.com.ar\/index.php\/wp-json\/wp\/v2\/users\/2"}],"replies":[{"embeddable":true,"href":"https:\/\/elfederalmendoza.com.ar\/index.php\/wp-json\/wp\/v2\/comments?post=31470"}],"version-history":[{"count":2,"href":"https:\/\/elfederalmendoza.com.ar\/index.php\/wp-json\/wp\/v2\/posts\/31470\/revisions"}],"predecessor-version":[{"id":31477,"href":"https:\/\/elfederalmendoza.com.ar\/index.php\/wp-json\/wp\/v2\/posts\/31470\/revisions\/31477"}],"wp:featuredmedia":[{"embeddable":true,"href":"https:\/\/elfederalmendoza.com.ar\/index.php\/wp-json\/wp\/v2\/media\/31473"}],"wp:attachment":[{"href":"https:\/\/elfederalmendoza.com.ar\/index.php\/wp-json\/wp\/v2\/media?parent=31470"}],"wp:term":[{"taxonomy":"category","embeddable":true,"href":"https:\/\/elfederalmendoza.com.ar\/index.php\/wp-json\/wp\/v2\/categories?post=31470"},{"taxonomy":"post_tag","embeddable":true,"href":"https:\/\/elfederalmendoza.com.ar\/index.php\/wp-json\/wp\/v2\/tags?post=31470"}],"curies":[{"name":"wp","href":"https:\/\/api.w.org\/{rel}","templated":true}]}}