{"id":31489,"date":"2024-01-25T09:02:03","date_gmt":"2024-01-25T12:02:03","guid":{"rendered":"https:\/\/elfederalmendoza.com\/?p=31489"},"modified":"2024-01-25T09:02:04","modified_gmt":"2024-01-25T12:02:04","slug":"patricia-bullrich-dijo-que-el-paro-de-la-cgt-fue-muy-flojo-cuarenta-mil-personas-es-un-numero-bajo","status":"publish","type":"post","link":"https:\/\/elfederalmendoza.com.ar\/index.php\/2024\/01\/25\/patricia-bullrich-dijo-que-el-paro-de-la-cgt-fue-muy-flojo-cuarenta-mil-personas-es-un-numero-bajo\/","title":{"rendered":"Patricia Bullrich dijo que el paro de la CGT fue \u201cmuy flojo\u201c: \u201cCuarenta mil personas es un n\u00famero bajo\u201c"},"content":{"rendered":"\n<p><strong>La ministra de Seguridad, Patricia Bullrich, calific\u00f3 como \u00abmuy flojo\u00bb el paro general de este mi\u00e9rcoles convocado por la CGT para manifestarse en contra del Gobierno de Javier Milei, m\u00e1s precisamente en rechazo del DNU y de la Ley \u00d3mnibus.<\/strong><\/p>\n\n\n\n<p>En una entrevista con TN, la funcionaria hizo un balance de la medida de fuerza encabezada por la central de trabajadores: \u00abLo vi muy flojo. Cuarenta mil personas es un n\u00famero bajo. Hab\u00eda gente en la plaza, que ni siquiera estaba tomada, y s\u00f3lo una cuadra para atr\u00e1s\u00bb.<\/p>\n\n\n\n<p>Entonces, la c\u00e1mara enfoc\u00f3 al secretario general de la CGT, H\u00e9ctor Daer, que estaba en el estudio y que, a trav\u00e9s de su celular, mostraba una imagen de la manifestaci\u00f3n en la Plaza del Congreso, intentando contradecir la pobre asistencia planteada por la ministra.<\/p>\n\n\n\n<p>Por su parte, Bullrich insisti\u00f3 y arroj\u00f3 cifras: \u00abEra s\u00f3lo el 0,19 por ciento de los trabajadores de este pa\u00eds. La mayor\u00eda de la gente decidi\u00f3 trabajar hoy. S\u00f3lo el 4 por ciento de los comercios de la Capital Federal cerraron\u00bb.<\/p>\n\n\n\n<p>\u00abEstuve recorriendo zonas comerciales y zonas de f\u00e1bricas. En todos esos lugares, la gente se acercaba y me dec\u00eda que estaba harta de que le paren el pa\u00eds, de que pierdan d\u00edas y tambi\u00e9n dinero\u00bb, agreg\u00f3.<\/p>\n\n\n\n<figure class=\"wp-block-embed is-type-video is-provider-youtube wp-block-embed-youtube wp-embed-aspect-16-9 wp-has-aspect-ratio\"><div class=\"wp-block-embed__wrapper\">\n<iframe loading=\"lazy\" title=\"PATRICIA BULLRICH I &quot;La mayor\u00eda est\u00e1 trabajando&quot;\" width=\"640\" height=\"360\" src=\"https:\/\/www.youtube.com\/embed\/nWYfg9ExUa0?feature=oembed\" frameborder=\"0\" allow=\"accelerometer; autoplay; clipboard-write; encrypted-media; gyroscope; picture-in-picture; web-share\" referrerpolicy=\"strict-origin-when-cross-origin\" allowfullscreen><\/iframe>\n<\/div><\/figure>\n\n\n\n<p>En tanto, dijo que hubo \u00abmuch\u00edsimas denuncias de aprietes\u00bb. \u00abS\u00f3lo para judicializar sobre el paro tenemos alrededor de 3.000\u00bb, indic\u00f3.<br>En ese sentido, se\u00f1al\u00f3 que \u00abhubo extorsiones y aprietes para que la gente no entrara a trabajar a las f\u00e1bricas o para que se subieran a colectivos y fueran al paros\u00bb.<\/p>\n\n\n\n<p>Durante la tarde de este mi\u00e9rcoles, mientras el paro se llevaba a cabo, la l\u00edder de la cartera de Seguridad estuvo muy activa en las redes sociales. All\u00ed comparti\u00f3 videos recorriendo diferentes barrios y hablando con la gente. \u00abAc\u00e1, desde Flores. Todos los locales abiertos. El pa\u00eds se hace trabajando\u00bb, escribi\u00f3 en su cuenta de X (ex Twitter).<\/p>\n\n\n\n<figure class=\"wp-block-embed is-type-rich is-provider-twitter wp-block-embed-twitter\"><div class=\"wp-block-embed__wrapper\">\n<blockquote class=\"twitter-tweet\" data-width=\"550\" data-dnt=\"true\"><p lang=\"es\" dir=\"ltr\">De 21 millones de trabajadores, solo el 0,19 % se moviliz\u00f3, si consideramos entre los trabajadores a La C\u00e1mpora y las organizaciones sociales. 40 mil personas. Fracaso total.<br><br>El cambio a toda marcha. <a href=\"https:\/\/t.co\/uzEYp4TTUn\">pic.twitter.com\/uzEYp4TTUn<\/a><\/p>&mdash; Patricia Bullrich (@PatoBullrich) <a href=\"https:\/\/twitter.com\/PatoBullrich\/status\/1750254276545302586?ref_src=twsrc%5Etfw\">January 24, 2024<\/a><\/blockquote><script async src=\"https:\/\/platform.twitter.com\/widgets.js\" charset=\"utf-8\"><\/script>\n<\/div><\/figure>\n\n\n\n<p>Poco despu\u00e9s, hizo un duro balance del paro, al que defini\u00f3 como un \u00abfracaso total\u00bb. \u00abDe 21 millones de trabajadores, solo el 0,19 % se moviliz\u00f3, si consideramos entre los trabajadores a La C\u00e1mpora y las organizaciones sociales. 40 mil personas\u00bb, escribi\u00f3.<\/p>\n\n\n\n<p>M\u00e1s temprano, antes del mediod\u00eda, hab\u00eda publicado un duro mensaje dirigido a los \u00absindicalistas mafiosos, gerentes de la pobreza, jueces c\u00f3mplices y pol\u00edticos corruptos\u00bb, a quienes acus\u00f3 de estar \u00abdefendiendo sus privilegios y resistiendo el cambio que decidi\u00f3 la sociedad democr\u00e1ticamente y que lidera con determinaci\u00f3n el Presidente\u00bb.<\/p>\n","protected":false},"excerpt":{"rendered":"<p>La ministra de Seguridad, Patricia Bullrich, calific\u00f3 como \u00abmuy flojo\u00bb el paro general de este mi\u00e9rcoles convocado por la CGT para manifestarse en contra del Gobierno de Javier Milei, m\u00e1s precisamente en rechazo del DNU y de la Ley \u00d3mnibus. En una entrevista con TN, la funcionaria hizo un balance de la medida de fuerza<a class=\"read-more\" href=\"https:\/\/elfederalmendoza.com.ar\/index.php\/2024\/01\/25\/patricia-bullrich-dijo-que-el-paro-de-la-cgt-fue-muy-flojo-cuarenta-mil-personas-es-un-numero-bajo\/\"> [&hellip;]<\/a><\/p>\n","protected":false},"author":2,"featured_media":31502,"comment_status":"open","ping_status":"open","sticky":false,"template":"","format":"standard","meta":{"footnotes":""},"categories":[5618],"tags":[],"class_list":["post-31489","post","type-post","status-publish","format-standard","has-post-thumbnail","hentry","category-arg"],"rttpg_featured_image_url":{"full":["https:\/\/elfederalmendoza.com.ar\/wp-content\/uploads\/2024\/01\/patricia-bullrichjpg.webp",1200,675,false],"landscape":["https:\/\/elfederalmendoza.com.ar\/wp-content\/uploads\/2024\/01\/patricia-bullrichjpg.webp",1200,675,false],"portraits":["https:\/\/elfederalmendoza.com.ar\/wp-content\/uploads\/2024\/01\/patricia-bullrichjpg.webp",1200,675,false],"thumbnail":["https:\/\/elfederalmendoza.com.ar\/wp-content\/uploads\/2024\/01\/patricia-bullrichjpg-150x150.webp",150,150,true],"medium":["https:\/\/elfederalmendoza.com.ar\/wp-content\/uploads\/2024\/01\/patricia-bullrichjpg-300x169.webp",300,169,true],"large":["https:\/\/elfederalmendoza.com.ar\/wp-content\/uploads\/2024\/01\/patricia-bullrichjpg-1024x576.webp",640,360,true],"1536x1536":["https:\/\/elfederalmendoza.com.ar\/wp-content\/uploads\/2024\/01\/patricia-bullrichjpg.webp",1200,675,false],"2048x2048":["https:\/\/elfederalmendoza.com.ar\/wp-content\/uploads\/2024\/01\/patricia-bullrichjpg.webp",1200,675,false],"ultp_layout_landscape_large":["https:\/\/elfederalmendoza.com.ar\/wp-content\/uploads\/2024\/01\/patricia-bullrichjpg.webp",1200,675,false],"ultp_layout_landscape":["https:\/\/elfederalmendoza.com.ar\/wp-content\/uploads\/2024\/01\/patricia-bullrichjpg-870x570.webp",870,570,true],"ultp_layout_portrait":["https:\/\/elfederalmendoza.com.ar\/wp-content\/uploads\/2024\/01\/patricia-bullrichjpg-600x675.webp",600,675,true],"ultp_layout_square":["https:\/\/elfederalmendoza.com.ar\/wp-content\/uploads\/2024\/01\/patricia-bullrichjpg-600x600.webp",600,600,true],"rpwe-thumbnail":["https:\/\/elfederalmendoza.com.ar\/wp-content\/uploads\/2024\/01\/patricia-bullrichjpg-45x45.webp",45,45,true],"advps-thumb-one":["https:\/\/elfederalmendoza.com.ar\/wp-content\/uploads\/2024\/01\/patricia-bullrichjpg-1200x420.webp",1200,420,true]},"rttpg_author":{"display_name":"Redacci\u00f3n El Federal","author_link":"https:\/\/elfederalmendoza.com.ar\/index.php\/author\/angelflores\/"},"rttpg_comment":0,"rttpg_category":"<a href=\"https:\/\/elfederalmendoza.com.ar\/index.php\/category\/arg\/\" rel=\"category tag\">Argentina<\/a>","rttpg_excerpt":"La ministra de Seguridad, Patricia Bullrich, calific\u00f3 como \u00abmuy flojo\u00bb el paro general de este mi\u00e9rcoles convocado por la CGT para manifestarse en contra del Gobierno de Javier Milei, m\u00e1s precisamente en rechazo del DNU y de la Ley \u00d3mnibus. En una entrevista con TN, la funcionaria hizo un balance de la medida de fuerza&hellip;","_links":{"self":[{"href":"https:\/\/elfederalmendoza.com.ar\/index.php\/wp-json\/wp\/v2\/posts\/31489","targetHints":{"allow":["GET"]}}],"collection":[{"href":"https:\/\/elfederalmendoza.com.ar\/index.php\/wp-json\/wp\/v2\/posts"}],"about":[{"href":"https:\/\/elfederalmendoza.com.ar\/index.php\/wp-json\/wp\/v2\/types\/post"}],"author":[{"embeddable":true,"href":"https:\/\/elfederalmendoza.com.ar\/index.php\/wp-json\/wp\/v2\/users\/2"}],"replies":[{"embeddable":true,"href":"https:\/\/elfederalmendoza.com.ar\/index.php\/wp-json\/wp\/v2\/comments?post=31489"}],"version-history":[{"count":1,"href":"https:\/\/elfederalmendoza.com.ar\/index.php\/wp-json\/wp\/v2\/posts\/31489\/revisions"}],"predecessor-version":[{"id":31503,"href":"https:\/\/elfederalmendoza.com.ar\/index.php\/wp-json\/wp\/v2\/posts\/31489\/revisions\/31503"}],"wp:featuredmedia":[{"embeddable":true,"href":"https:\/\/elfederalmendoza.com.ar\/index.php\/wp-json\/wp\/v2\/media\/31502"}],"wp:attachment":[{"href":"https:\/\/elfederalmendoza.com.ar\/index.php\/wp-json\/wp\/v2\/media?parent=31489"}],"wp:term":[{"taxonomy":"category","embeddable":true,"href":"https:\/\/elfederalmendoza.com.ar\/index.php\/wp-json\/wp\/v2\/categories?post=31489"},{"taxonomy":"post_tag","embeddable":true,"href":"https:\/\/elfederalmendoza.com.ar\/index.php\/wp-json\/wp\/v2\/tags?post=31489"}],"curies":[{"name":"wp","href":"https:\/\/api.w.org\/{rel}","templated":true}]}}