{"id":31506,"date":"2024-01-25T10:48:54","date_gmt":"2024-01-25T13:48:54","guid":{"rendered":"https:\/\/elfederalmendoza.com\/?p=31506"},"modified":"2024-01-25T10:48:55","modified_gmt":"2024-01-25T13:48:55","slug":"el-debate-cuantas-personas-se-manisfestaron-en-el-congreso-en-el-primer-paro-nacional-a-milei","status":"publish","type":"post","link":"https:\/\/elfederalmendoza.com.ar\/index.php\/2024\/01\/25\/el-debate-cuantas-personas-se-manisfestaron-en-el-congreso-en-el-primer-paro-nacional-a-milei\/","title":{"rendered":"El debate: \u00bfCu\u00e1ntas personas se manisfestaron en el Congreso en el primer paro nacional a Milei?"},"content":{"rendered":"\n<p>El Gobierno nacional se mostr\u00f3 satisfecho con los resultados en materia de seguridad que dej\u00f3 la p<strong>rimera jornada de paro y movilizaci\u00f3n en el gobierno de Javier Milei<\/strong>.<\/p>\n\n\n\n<p>El presidente analiz\u00f3 la situaci\u00f3n con la ministra de Seguridad, Patricia Bullrich luego que se completara la desconcentraci\u00f3n de los manifestantes del centro.<\/p>\n\n\n\n<p>El Gobierno nacional se mostr\u00f3 satisfecho con los resultados en materia de seguridad que dej\u00f3 la p<strong>rimera jornada de paro y movilizaci\u00f3n en el gobierno de Javier Milei<\/strong>.<\/p>\n\n\n\n<p>El presidente analiz\u00f3 la situaci\u00f3n con la ministra de Seguridad,<strong> Patricia Bullrich<\/strong> luego que se completara la desconcentraci\u00f3n de los manifestantes del centro.<a href=\"https:\/\/www.lavoz.com.ar\/politica\/daer-vamos-a-luchar-hasta-que-caigan-el-dnu-y-la-ley-omnibus\/\"><\/a><a href=\"https:\/\/www.lavoz.com.ar\/politica\/daer-vamos-a-luchar-hasta-que-caigan-el-dnu-y-la-ley-omnibus\/\"><\/a><\/p>\n\n\n\n<p>Bullrich consider\u00f3 \u201cque se alcanzaron los logros en materia de orden y seguridad para todos\u201d.<\/p>\n\n\n\n<blockquote class=\"twitter-tweet\"><p lang=\"es\" dir=\"ltr\">De 21 millones de trabajadores, solo el 0,19 % se moviliz\u00f3, si consideramos entre los trabajadores a La C\u00e1mpora y las organizaciones sociales. 40 mil personas. Fracaso total.<br><br>El cambio a toda marcha. <a href=\"https:\/\/t.co\/uzEYp4TTUn\">pic.twitter.com\/uzEYp4TTUn<\/a><\/p>&mdash; Patricia Bullrich (@PatoBullrich) <a href=\"https:\/\/twitter.com\/PatoBullrich\/status\/1750254276545302586?ref_src=twsrc%5Etfw\">January 24, 2024<\/a><\/blockquote> <script async src=\"https:\/\/platform.twitter.com\/widgets.js\" charset=\"utf-8\"><\/script>\n\n\n\n<p><strong>En cuanto a la cantidad de asistentes, desde la cartera de seguridad la estimaron en 40 mil personas. Los organizadores estimaron 350 mil y la Polic\u00eda Federal dej\u00f3 trascender la cifra de 80 mil. Varios medios nacionales coicidieron que la cifra rondar\u00eda en 50 mil.<\/strong><\/p>\n\n\n\n<p>Durante la ma\u00f1ana Bullrich estuvo muy activa en redes sociales con videos en los que mostraba la actividad econ\u00f3mica en la ciudad de Buenos Aires con locales abiertos y un normal funcionamiento de servicios.<\/p>\n\n\n\n<p><\/p>\n","protected":false},"excerpt":{"rendered":"<p>El Gobierno nacional se mostr\u00f3 satisfecho con los resultados en materia de seguridad que dej\u00f3 la primera jornada de paro y movilizaci\u00f3n en el gobierno de Javier Milei. El presidente analiz\u00f3 la situaci\u00f3n con la ministra de Seguridad, Patricia Bullrich luego que se completara la desconcentraci\u00f3n de los manifestantes del centro. El Gobierno nacional se<a class=\"read-more\" href=\"https:\/\/elfederalmendoza.com.ar\/index.php\/2024\/01\/25\/el-debate-cuantas-personas-se-manisfestaron-en-el-congreso-en-el-primer-paro-nacional-a-milei\/\"> [&hellip;]<\/a><\/p>\n","protected":false},"author":2,"featured_media":31509,"comment_status":"open","ping_status":"open","sticky":false,"template":"","format":"standard","meta":{"footnotes":""},"categories":[5618],"tags":[],"class_list":["post-31506","post","type-post","status-publish","format-standard","has-post-thumbnail","hentry","category-arg"],"rttpg_featured_image_url":{"full":["https:\/\/elfederalmendoza.com.ar\/wp-content\/uploads\/2024\/01\/congreso.jpg",1576,879,false],"landscape":["https:\/\/elfederalmendoza.com.ar\/wp-content\/uploads\/2024\/01\/congreso.jpg",1576,879,false],"portraits":["https:\/\/elfederalmendoza.com.ar\/wp-content\/uploads\/2024\/01\/congreso.jpg",1576,879,false],"thumbnail":["https:\/\/elfederalmendoza.com.ar\/wp-content\/uploads\/2024\/01\/congreso-150x150.jpg",150,150,true],"medium":["https:\/\/elfederalmendoza.com.ar\/wp-content\/uploads\/2024\/01\/congreso-300x167.jpg",300,167,true],"large":["https:\/\/elfederalmendoza.com.ar\/wp-content\/uploads\/2024\/01\/congreso-1024x571.jpg",640,357,true],"1536x1536":["https:\/\/elfederalmendoza.com.ar\/wp-content\/uploads\/2024\/01\/congreso-1536x857.jpg",1536,857,true],"2048x2048":["https:\/\/elfederalmendoza.com.ar\/wp-content\/uploads\/2024\/01\/congreso.jpg",1576,879,false],"ultp_layout_landscape_large":["https:\/\/elfederalmendoza.com.ar\/wp-content\/uploads\/2024\/01\/congreso-1200x800.jpg",1200,800,true],"ultp_layout_landscape":["https:\/\/elfederalmendoza.com.ar\/wp-content\/uploads\/2024\/01\/congreso-870x570.jpg",870,570,true],"ultp_layout_portrait":["https:\/\/elfederalmendoza.com.ar\/wp-content\/uploads\/2024\/01\/congreso-600x879.jpg",600,879,true],"ultp_layout_square":["https:\/\/elfederalmendoza.com.ar\/wp-content\/uploads\/2024\/01\/congreso-600x600.jpg",600,600,true],"rpwe-thumbnail":["https:\/\/elfederalmendoza.com.ar\/wp-content\/uploads\/2024\/01\/congreso-45x45.jpg",45,45,true],"advps-thumb-one":["https:\/\/elfederalmendoza.com.ar\/wp-content\/uploads\/2024\/01\/congreso-1200x420.jpg",1200,420,true]},"rttpg_author":{"display_name":"Redacci\u00f3n El Federal","author_link":"https:\/\/elfederalmendoza.com.ar\/index.php\/author\/angelflores\/"},"rttpg_comment":0,"rttpg_category":"<a href=\"https:\/\/elfederalmendoza.com.ar\/index.php\/category\/arg\/\" rel=\"category tag\">Argentina<\/a>","rttpg_excerpt":"El Gobierno nacional se mostr\u00f3 satisfecho con los resultados en materia de seguridad que dej\u00f3 la primera jornada de paro y movilizaci\u00f3n en el gobierno de Javier Milei. El presidente analiz\u00f3 la situaci\u00f3n con la ministra de Seguridad, Patricia Bullrich luego que se completara la desconcentraci\u00f3n de los manifestantes del centro. El Gobierno nacional se&hellip;","_links":{"self":[{"href":"https:\/\/elfederalmendoza.com.ar\/index.php\/wp-json\/wp\/v2\/posts\/31506","targetHints":{"allow":["GET"]}}],"collection":[{"href":"https:\/\/elfederalmendoza.com.ar\/index.php\/wp-json\/wp\/v2\/posts"}],"about":[{"href":"https:\/\/elfederalmendoza.com.ar\/index.php\/wp-json\/wp\/v2\/types\/post"}],"author":[{"embeddable":true,"href":"https:\/\/elfederalmendoza.com.ar\/index.php\/wp-json\/wp\/v2\/users\/2"}],"replies":[{"embeddable":true,"href":"https:\/\/elfederalmendoza.com.ar\/index.php\/wp-json\/wp\/v2\/comments?post=31506"}],"version-history":[{"count":1,"href":"https:\/\/elfederalmendoza.com.ar\/index.php\/wp-json\/wp\/v2\/posts\/31506\/revisions"}],"predecessor-version":[{"id":31510,"href":"https:\/\/elfederalmendoza.com.ar\/index.php\/wp-json\/wp\/v2\/posts\/31506\/revisions\/31510"}],"wp:featuredmedia":[{"embeddable":true,"href":"https:\/\/elfederalmendoza.com.ar\/index.php\/wp-json\/wp\/v2\/media\/31509"}],"wp:attachment":[{"href":"https:\/\/elfederalmendoza.com.ar\/index.php\/wp-json\/wp\/v2\/media?parent=31506"}],"wp:term":[{"taxonomy":"category","embeddable":true,"href":"https:\/\/elfederalmendoza.com.ar\/index.php\/wp-json\/wp\/v2\/categories?post=31506"},{"taxonomy":"post_tag","embeddable":true,"href":"https:\/\/elfederalmendoza.com.ar\/index.php\/wp-json\/wp\/v2\/tags?post=31506"}],"curies":[{"name":"wp","href":"https:\/\/api.w.org\/{rel}","templated":true}]}}