{"id":31513,"date":"2024-01-25T12:41:43","date_gmt":"2024-01-25T15:41:43","guid":{"rendered":"https:\/\/elfederalmendoza.com\/?p=31513"},"modified":"2024-01-25T12:41:44","modified_gmt":"2024-01-25T15:41:44","slug":"el-gobierno-confirmo-que-creara-una-fiscalia-especial-para-investigar-casos-de-corrupcion-provinciales-y-nacionales","status":"publish","type":"post","link":"https:\/\/elfederalmendoza.com.ar\/index.php\/2024\/01\/25\/el-gobierno-confirmo-que-creara-una-fiscalia-especial-para-investigar-casos-de-corrupcion-provinciales-y-nacionales\/","title":{"rendered":"El Gobierno confirm\u00f3 que crear\u00e1 una fiscal\u00eda especial para investigar casos de corrupci\u00f3n provinciales y nacionales"},"content":{"rendered":"\n<p>El vocero presidencial,<strong>\u00a0Manuel Adorni,<\/strong>\u00a0anunci\u00f3 que el ministro de Justicia,\u00a0<strong>Mariano C\u00faneo Libarona,<\/strong>\u00a0\u00able sugerir\u00e1 en lo inmediato\u00bb al \u00a0Procurador general interino,<strong>\u00a0Eduardo Casal,\u00a0<\/strong>jefe de los fiscales, \u00abla creaci\u00f3n de una\u00a0<strong>fiscal\u00eda\u00a0<\/strong>especial que se ocupe de investigar la\u00a0<strong>corrupci\u00f3n\u00a0<\/strong>de funcionarios\u00bb, en conferencia de prensa en Casa Rosada.<\/p>\n\n\n\n<figure class=\"wp-block-image size-large\"><img loading=\"lazy\" decoding=\"async\" width=\"1024\" height=\"569\" src=\"https:\/\/elfederalmendoza.com\/wp-content\/uploads\/2024\/01\/mariano-1024x569.jpg\" alt=\"\" class=\"wp-image-31515\" srcset=\"https:\/\/elfederalmendoza.com.ar\/wp-content\/uploads\/2024\/01\/mariano-1024x569.jpg 1024w, https:\/\/elfederalmendoza.com.ar\/wp-content\/uploads\/2024\/01\/mariano-300x167.jpg 300w, https:\/\/elfederalmendoza.com.ar\/wp-content\/uploads\/2024\/01\/mariano-768x427.jpg 768w, https:\/\/elfederalmendoza.com.ar\/wp-content\/uploads\/2024\/01\/mariano.jpg 1435w\" sizes=\"auto, (max-width: 1024px) 100vw, 1024px\" \/><figcaption class=\"wp-element-caption\">Ministro de Justicia,\u00a0<strong>Mariano C\u00faneo Libarona<\/strong><\/figcaption><\/figure>\n\n\n\n<p>Adorni explic\u00f3 que el organismo que propondr\u00e1n crear se centrar\u00e1 en la investigaci\u00f3n de \u00abcasos de corrupci\u00f3n de funcionarios, en especial del delito de\u00a0<strong>enriquecimiento il\u00edcito,<\/strong>\u00a0incrementos patrimoniales no justificados, que incluir\u00e1n a funcionarios nacionales y provinciales de los poderes Ejecutivo y Legislativo\u00bb:<strong> \u00abVamos a recuperar todos los bienes producto del delito. Nunca el delito puede producir beneficio\u00bb.<\/strong><\/p>\n\n\n\n<figure class=\"wp-block-embed is-type-video is-provider-youtube wp-block-embed-youtube wp-embed-aspect-16-9 wp-has-aspect-ratio\"><div class=\"wp-block-embed__wrapper\">\n<iframe loading=\"lazy\" title=\"&quot;El min de justicia crear\u00e1 una fiscal\u00eda especial para investigar la corrupci\u00f3n&quot;, Manuel Adorni\" width=\"640\" height=\"360\" src=\"https:\/\/www.youtube.com\/embed\/5UlZjFgWkkk?feature=oembed\" frameborder=\"0\" allow=\"accelerometer; autoplay; clipboard-write; encrypted-media; gyroscope; picture-in-picture; web-share\" referrerpolicy=\"strict-origin-when-cross-origin\" allowfullscreen><\/iframe>\n<\/div><\/figure>\n","protected":false},"excerpt":{"rendered":"<p>El vocero presidencial,\u00a0Manuel Adorni,\u00a0anunci\u00f3 que el ministro de Justicia,\u00a0Mariano C\u00faneo Libarona,\u00a0\u00able sugerir\u00e1 en lo inmediato\u00bb al \u00a0Procurador general interino,\u00a0Eduardo Casal,\u00a0jefe de los fiscales, \u00abla creaci\u00f3n de una\u00a0fiscal\u00eda\u00a0especial que se ocupe de investigar la\u00a0corrupci\u00f3n\u00a0de funcionarios\u00bb, en conferencia de prensa en Casa Rosada. Adorni explic\u00f3 que el organismo que propondr\u00e1n crear se centrar\u00e1 en la investigaci\u00f3n de<a class=\"read-more\" href=\"https:\/\/elfederalmendoza.com.ar\/index.php\/2024\/01\/25\/el-gobierno-confirmo-que-creara-una-fiscalia-especial-para-investigar-casos-de-corrupcion-provinciales-y-nacionales\/\"> [&hellip;]<\/a><\/p>\n","protected":false},"author":2,"featured_media":30537,"comment_status":"open","ping_status":"open","sticky":false,"template":"","format":"standard","meta":{"footnotes":""},"categories":[5618],"tags":[],"class_list":["post-31513","post","type-post","status-publish","format-standard","has-post-thumbnail","hentry","category-arg"],"rttpg_featured_image_url":{"full":["https:\/\/elfederalmendoza.com.ar\/wp-content\/uploads\/2023\/12\/adorni1.jpg",1167,827,false],"landscape":["https:\/\/elfederalmendoza.com.ar\/wp-content\/uploads\/2023\/12\/adorni1.jpg",1167,827,false],"portraits":["https:\/\/elfederalmendoza.com.ar\/wp-content\/uploads\/2023\/12\/adorni1.jpg",1167,827,false],"thumbnail":["https:\/\/elfederalmendoza.com.ar\/wp-content\/uploads\/2023\/12\/adorni1-150x150.jpg",150,150,true],"medium":["https:\/\/elfederalmendoza.com.ar\/wp-content\/uploads\/2023\/12\/adorni1-300x213.jpg",300,213,true],"large":["https:\/\/elfederalmendoza.com.ar\/wp-content\/uploads\/2023\/12\/adorni1-1024x726.jpg",640,454,true],"1536x1536":["https:\/\/elfederalmendoza.com.ar\/wp-content\/uploads\/2023\/12\/adorni1.jpg",1167,827,false],"2048x2048":["https:\/\/elfederalmendoza.com.ar\/wp-content\/uploads\/2023\/12\/adorni1.jpg",1167,827,false],"ultp_layout_landscape_large":["https:\/\/elfederalmendoza.com.ar\/wp-content\/uploads\/2023\/12\/adorni1-1167x800.jpg",1167,800,true],"ultp_layout_landscape":["https:\/\/elfederalmendoza.com.ar\/wp-content\/uploads\/2023\/12\/adorni1-870x570.jpg",870,570,true],"ultp_layout_portrait":["https:\/\/elfederalmendoza.com.ar\/wp-content\/uploads\/2023\/12\/adorni1-600x827.jpg",600,827,true],"ultp_layout_square":["https:\/\/elfederalmendoza.com.ar\/wp-content\/uploads\/2023\/12\/adorni1-600x600.jpg",600,600,true],"rpwe-thumbnail":["https:\/\/elfederalmendoza.com.ar\/wp-content\/uploads\/2023\/12\/adorni1-45x45.jpg",45,45,true],"advps-thumb-one":["https:\/\/elfederalmendoza.com.ar\/wp-content\/uploads\/2023\/12\/adorni1-1167x420.jpg",1167,420,true]},"rttpg_author":{"display_name":"Redacci\u00f3n El Federal","author_link":"https:\/\/elfederalmendoza.com.ar\/index.php\/author\/angelflores\/"},"rttpg_comment":0,"rttpg_category":"<a href=\"https:\/\/elfederalmendoza.com.ar\/index.php\/category\/arg\/\" rel=\"category tag\">Argentina<\/a>","rttpg_excerpt":"El vocero presidencial,\u00a0Manuel Adorni,\u00a0anunci\u00f3 que el ministro de Justicia,\u00a0Mariano C\u00faneo Libarona,\u00a0\u00able sugerir\u00e1 en lo inmediato\u00bb al \u00a0Procurador general interino,\u00a0Eduardo Casal,\u00a0jefe de los fiscales, \u00abla creaci\u00f3n de una\u00a0fiscal\u00eda\u00a0especial que se ocupe de investigar la\u00a0corrupci\u00f3n\u00a0de funcionarios\u00bb, en conferencia de prensa en Casa Rosada. Adorni explic\u00f3 que el organismo que propondr\u00e1n crear se centrar\u00e1 en la investigaci\u00f3n de&hellip;","_links":{"self":[{"href":"https:\/\/elfederalmendoza.com.ar\/index.php\/wp-json\/wp\/v2\/posts\/31513","targetHints":{"allow":["GET"]}}],"collection":[{"href":"https:\/\/elfederalmendoza.com.ar\/index.php\/wp-json\/wp\/v2\/posts"}],"about":[{"href":"https:\/\/elfederalmendoza.com.ar\/index.php\/wp-json\/wp\/v2\/types\/post"}],"author":[{"embeddable":true,"href":"https:\/\/elfederalmendoza.com.ar\/index.php\/wp-json\/wp\/v2\/users\/2"}],"replies":[{"embeddable":true,"href":"https:\/\/elfederalmendoza.com.ar\/index.php\/wp-json\/wp\/v2\/comments?post=31513"}],"version-history":[{"count":1,"href":"https:\/\/elfederalmendoza.com.ar\/index.php\/wp-json\/wp\/v2\/posts\/31513\/revisions"}],"predecessor-version":[{"id":31516,"href":"https:\/\/elfederalmendoza.com.ar\/index.php\/wp-json\/wp\/v2\/posts\/31513\/revisions\/31516"}],"wp:featuredmedia":[{"embeddable":true,"href":"https:\/\/elfederalmendoza.com.ar\/index.php\/wp-json\/wp\/v2\/media\/30537"}],"wp:attachment":[{"href":"https:\/\/elfederalmendoza.com.ar\/index.php\/wp-json\/wp\/v2\/media?parent=31513"}],"wp:term":[{"taxonomy":"category","embeddable":true,"href":"https:\/\/elfederalmendoza.com.ar\/index.php\/wp-json\/wp\/v2\/categories?post=31513"},{"taxonomy":"post_tag","embeddable":true,"href":"https:\/\/elfederalmendoza.com.ar\/index.php\/wp-json\/wp\/v2\/tags?post=31513"}],"curies":[{"name":"wp","href":"https:\/\/api.w.org\/{rel}","templated":true}]}}