{"id":31556,"date":"2024-01-29T11:24:10","date_gmt":"2024-01-29T14:24:10","guid":{"rendered":"https:\/\/elfederalmendoza.com\/?p=31556"},"modified":"2024-01-29T11:24:12","modified_gmt":"2024-01-29T14:24:12","slug":"las-vacaciones-del-gobernador-zamora-en-pinamar-indignan-a-santiago-del-estero","status":"publish","type":"post","link":"https:\/\/elfederalmendoza.com.ar\/index.php\/2024\/01\/29\/las-vacaciones-del-gobernador-zamora-en-pinamar-indignan-a-santiago-del-estero\/","title":{"rendered":"Las vacaciones del gobernador Zamora en Pinamar indignan a Santiago del Estero"},"content":{"rendered":"\n<p>Como se\u00f1al\u00f3 Visi\u00f3n Santiago a mediados de enero, el gobernador habr\u00eda viajado a la Costa Atl\u00e1ntica en el avi\u00f3n sanitario, seg\u00fan revel\u00f3 un sitio especializado de aeron\u00e1utica. \u201cEs una pelotudez\u201d, respondi\u00f3 fastidiado a los periodistas que lo localizaron en un exclusivo parador frente al mar.<\/p>\n\n\n\n<p>El gobernador Gerardo Zamora continuar\u00eda esta semana sus vacaciones en Pinamar, en la Costa Atl\u00e1ntica argentina, completamente ajeno a los ruegos de los empleados estatales santiague\u00f1os que piden un bono o un aumento de sueldo, despu\u00e9s de una inflaci\u00f3n que cerr\u00f3 en 211% el a\u00f1o pasado. Pero el caudillo hizo o\u00eddos sordos y prefiri\u00f3 vacacionar en el pa\u00eds, para seguir de cerca la rosca pol\u00edtica en un verano caliente.<\/p>\n\n\n\n<p>El 13 de enero Zamora se fotografi\u00f3 con los empleados de un autoservicio del balneario Ostende de Valeria del Mar, mientras realizaba compras. Visi\u00f3n Santiago se\u00f1al\u00f3 entonces que el sitio aeron\u00e1utico Modo S hab\u00eda revelado que el avi\u00f3n sanitario Lear Jet LQCPS lo hab\u00eda trasladado hacia Villa Gesell y retornado a la provincia, tras cargar combustible en Mar del Plata. El costo de ese vuelo fue calculado en 12 mil d\u00f3lares, lo que contradice el DNU que \u00e9l mismo firm\u00f3 en diciembre, con ajustes para su gobierno.<\/p>\n\n\n\n<p>Algunos militantes zamoristas y trolls salieron a defender el derecho del gobernador a tener vacaciones, una obviedad que nadie discute, pero s\u00ed que utilice bienes del Estado para su provecho, lo que alg\u00fan fiscal podr\u00eda investigar de oficio si configurar\u00eda peculado. El art\u00edculo 261 del C\u00f3digo Penal&nbsp; prev\u00e9 una pena de reclusi\u00f3n o prisi\u00f3n de 2 a 10 a\u00f1os, m\u00e1s inhabilitaci\u00f3n perpetua y absoluta. Pero es impensable que alg\u00fan fiscal se atreva, si se tiene en cuenta que el Ministerio P\u00fablico est\u00e1 encabezado por su aliado incondicional Luis de la R\u00faa.<\/p>\n\n\n\n<p>Que un funcionario usufruct\u00fae los bienes del Estado tambi\u00e9n viola la ley de \u00c9tica P\u00fablica provincial 6784, que proh\u00edbe utilizar recursos, infraestructura o personal estatal para su beneficio personal.<\/p>\n\n\n\n<p><strong>\u201cSon pelotudeces\u201d, respondi\u00f3 con p\u00e9simo humor Zamora al diario La Naci\u00f3n, que lo consult\u00f3 si hab\u00eda utilizado el avi\u00f3n que tiene por funci\u00f3n vuelos sanitarios o humanitarios.<\/strong><\/p>\n\n\n\n<figure class=\"wp-block-image size-full\"><img loading=\"lazy\" decoding=\"async\" width=\"420\" height=\"280\" src=\"https:\/\/elfederalmendoza.com\/wp-content\/uploads\/2024\/01\/image-1.png\" alt=\"\" class=\"wp-image-31557\" srcset=\"https:\/\/elfederalmendoza.com.ar\/wp-content\/uploads\/2024\/01\/image-1.png 420w, https:\/\/elfederalmendoza.com.ar\/wp-content\/uploads\/2024\/01\/image-1-300x200.png 300w\" sizes=\"auto, (max-width: 420px) 100vw, 420px\" \/><\/figure>\n\n\n\n<p>El diario porte\u00f1o indag\u00f3 el plan de vuelo de esa aeronave \u201cy confirm\u00f3 la existencia de un sospechoso vuelo desde el Aeropuerto Vicecomodoro \u00c1ngel de la Paz Aragon\u00e9s -a unos 6 km hacia el noroeste del centro de Santiago del Estero- que lleg\u00f3 a Villa Gesell, hizo escala en Mar del Plata y regres\u00f3 a la provincia\u201d.<\/p>\n\n\n\n<p>El jet despeg\u00f3 de Santiago del Estero el lunes 8 de enero a las 11.03 y aterrizo a las 12.35 en Villa Gesell. Casualmente los d\u00edas en que Zamora lleg\u00f3 al balneario, el avi\u00f3n sanitario vol\u00f3 1,35 horas para llegar al aeropuerto m\u00e1s cercano a Pinamar. Las posibilidades del vuelo no son tantas. O hubo alguna derivaci\u00f3n de urgencia desde la capital provincial a alg\u00fan hospital de la zona o alg\u00fan santiague\u00f1o tuvo que trasladarse de urgencia desde Pinamar a Santiago. Pero claro, no es posible descartar la principal hip\u00f3tesis: Zamora habr\u00eda llegado en ese vuelo, indic\u00f3 La Naci\u00f3n.<\/p>\n\n\n\n<p>Las coincidencias son demasiadas: la \u00faltima actividad oficial del gobernador fue el viernes 5 de enero y al d\u00eda siguiente festej\u00f3 su cumplea\u00f1os. Ese lunes parti\u00f3 el jet hacia la Costa.<\/p>\n\n\n\n<p>Desde la comodidad de un sill\u00f3n del balneario Boutique, parador que es propiedad del abogado V\u00edctor Stinfale, Zamora ofrec\u00eda el mi\u00e9rcoles una tajante respuesta sobre la hip\u00f3tesis de la aeronave sanitaria. \u201cNo me pienso gastar en contestar sobre esos inventos. Dicen cualquier cosa sobre m\u00ed. El a\u00f1o pasado, cuando viaj\u00e9 a Punta del Este, tambi\u00e9n intentaron escracharme. Yo solo quiero que me dejen en paz. \u00bfVos sabes qui\u00e9n soy? Lo \u00fanico que quiero es pasar tiempo con mi familia\u201d, le contest\u00f3 al diario porte\u00f1o. Zamora utiliz\u00f3 la prepotencia, desacostumbrado al periodismo no domesticado v\u00eda pauta o negocios con su gobierno.<\/p>\n\n\n\n<p>\u201cLos datos oficiales sin embargo refutan la versi\u00f3n ofrecida -con voraz convencimiento- por el gobernador de Santiago del Estero. Como se dijo, la traves\u00eda incluy\u00f3 una escala en la ciudad balnearia de Mar del Plata, despu\u00e9s de un recorrido que dur\u00f3 15 minutos. Finalmente, a las 13.59, despu\u00e9s de cargar combustible, enfil\u00f3 para Santiago del Estero. A las 15,57 retorn\u00f3 a su punto de origen, durante la misma jornada de lunes, tras un vuelo de 1,58 horas\u201d, precis\u00f3 La Naci\u00f3n.<\/p>\n\n\n\n<p>Y se record\u00f3 que no es la primera vez que Zamora se ve envuelto en una controversia con un viaje en alguna de las aeronaves de su flota: durante la primera quincena de la temporada de verano del 2022, el gobernador fue tambi\u00e9n fotografiado por viajeros en una de las playas del pa\u00eds vecino de Uruguay.<\/p>\n\n\n\n<p>El viaje hab\u00eda tenido lugar poco despu\u00e9s de que el expresidente Alberto Fern\u00e1ndez pidiera a los suyos vacacionar dentro de la Argentina como s\u00edmbolo de \u201csolidaridad\u201d, en medio de una crisis marcada por la tercera ola de Covid-19 y la falta de d\u00f3lares. Pero Zamora hizo o\u00eddos sordos.<\/p>\n\n\n\n<p><strong>A eso se debe acotar que existen sospechas sobre otros viajes al exterior, sin que fuesen misiones oficiales, como cuando en 2010 fue descubierto por Perfil en el Mundial de Sud\u00e1frica. Esto porque ni \u00e9l ni su esposa, la senadora Claudia Ledesma Abdala, suelen utilizar vuelos de l\u00ednea.<\/strong><\/p>\n\n\n\n<p>La Naci\u00f3n confirm\u00f3 de fuentes municipales que el balneario Ostende y el Club del Mar de Boutique no son los \u00fanicos dos lugares conocidos que Zamora y su esposa frecuentan. Cuando no deambulan por los sectores playeros, hacen reposo en La Herradura, uno de los barrios privados m\u00e1s exclusivos de Pinamar y cuyos terrenos disponibles se venden por US$200.000.<\/p>\n\n\n\n<p>El matutino tambi\u00e9n destac\u00f3 que el gobernador tiene como vecinos actualmente al exministro de Econom\u00eda Sergio Massa, quien vacaciona junto con su esposa, la expresidenta de AySA (Agua y Saneamientos Argentinos) Malena Galmarini. Ambos mantuvieron reuniones con intendentes del Frente Renovador y aprovecharon, adem\u00e1s, para pasear por el balneario CR en Pinamar Norte.<\/p>\n\n\n\n<p>De esto se deduce que Zamora eligi\u00f3 vacacionar este verano en el pa\u00eds, como varios de los gobernadores y dirigentes de Uni\u00f3n por la Patria, para seguir de cerca las negociaciones con el gobierno nacional y el Congreso por la ley \u00d3mnibus.<\/p>\n\n\n\n<p>Para quien considera los bienes del Estado como de su propiedad y est\u00e1 dispuesto a eternizarse en el poder directa o indirectamente -a trav\u00e9s de alg\u00fan familiar- esto podr\u00e1 parecer una estupidez, pero es una grave afrenta a los deberes de funcionario p\u00fablico. Y es m\u00e1s serio aun cuando exige austeridad a sus subordinados. \/<\/p>\n\n\n\n<p><em><a href=\"https:\/\/visionsantiago.com\/zamora-seguiria-vacacionando-en-pinamar-mientras-los-empleados-estatales-claman-por-una-recomposicion-salarial\/\">Visi\u00f3n Santiago<\/a> (Foto de Marcelo Aguilar, La Naci\u00f3n)<\/em><\/p>\n","protected":false},"excerpt":{"rendered":"<p>Como se\u00f1al\u00f3 Visi\u00f3n Santiago a mediados de enero, el gobernador habr\u00eda viajado a la Costa Atl\u00e1ntica en el avi\u00f3n sanitario, seg\u00fan revel\u00f3 un sitio especializado de aeron\u00e1utica. \u201cEs una pelotudez\u201d, respondi\u00f3 fastidiado a los periodistas que lo localizaron en un exclusivo parador frente al mar. El gobernador Gerardo Zamora continuar\u00eda esta semana sus vacaciones en<a class=\"read-more\" href=\"https:\/\/elfederalmendoza.com.ar\/index.php\/2024\/01\/29\/las-vacaciones-del-gobernador-zamora-en-pinamar-indignan-a-santiago-del-estero\/\"> [&hellip;]<\/a><\/p>\n","protected":false},"author":2,"featured_media":31559,"comment_status":"open","ping_status":"open","sticky":false,"template":"","format":"standard","meta":{"footnotes":""},"categories":[5618],"tags":[],"class_list":["post-31556","post","type-post","status-publish","format-standard","has-post-thumbnail","hentry","category-arg"],"rttpg_featured_image_url":{"full":["https:\/\/elfederalmendoza.com.ar\/wp-content\/uploads\/2024\/01\/WhatsApp-Image-2024-01-29-at-11.23.51.jpeg",420,280,false],"landscape":["https:\/\/elfederalmendoza.com.ar\/wp-content\/uploads\/2024\/01\/WhatsApp-Image-2024-01-29-at-11.23.51.jpeg",420,280,false],"portraits":["https:\/\/elfederalmendoza.com.ar\/wp-content\/uploads\/2024\/01\/WhatsApp-Image-2024-01-29-at-11.23.51.jpeg",420,280,false],"thumbnail":["https:\/\/elfederalmendoza.com.ar\/wp-content\/uploads\/2024\/01\/WhatsApp-Image-2024-01-29-at-11.23.51-150x150.jpeg",150,150,true],"medium":["https:\/\/elfederalmendoza.com.ar\/wp-content\/uploads\/2024\/01\/WhatsApp-Image-2024-01-29-at-11.23.51-300x200.jpeg",300,200,true],"large":["https:\/\/elfederalmendoza.com.ar\/wp-content\/uploads\/2024\/01\/WhatsApp-Image-2024-01-29-at-11.23.51.jpeg",420,280,false],"1536x1536":["https:\/\/elfederalmendoza.com.ar\/wp-content\/uploads\/2024\/01\/WhatsApp-Image-2024-01-29-at-11.23.51.jpeg",420,280,false],"2048x2048":["https:\/\/elfederalmendoza.com.ar\/wp-content\/uploads\/2024\/01\/WhatsApp-Image-2024-01-29-at-11.23.51.jpeg",420,280,false],"ultp_layout_landscape_large":["https:\/\/elfederalmendoza.com.ar\/wp-content\/uploads\/2024\/01\/WhatsApp-Image-2024-01-29-at-11.23.51.jpeg",420,280,false],"ultp_layout_landscape":["https:\/\/elfederalmendoza.com.ar\/wp-content\/uploads\/2024\/01\/WhatsApp-Image-2024-01-29-at-11.23.51.jpeg",420,280,false],"ultp_layout_portrait":["https:\/\/elfederalmendoza.com.ar\/wp-content\/uploads\/2024\/01\/WhatsApp-Image-2024-01-29-at-11.23.51.jpeg",420,280,false],"ultp_layout_square":["https:\/\/elfederalmendoza.com.ar\/wp-content\/uploads\/2024\/01\/WhatsApp-Image-2024-01-29-at-11.23.51.jpeg",420,280,false],"rpwe-thumbnail":["https:\/\/elfederalmendoza.com.ar\/wp-content\/uploads\/2024\/01\/WhatsApp-Image-2024-01-29-at-11.23.51-45x45.jpeg",45,45,true],"advps-thumb-one":["https:\/\/elfederalmendoza.com.ar\/wp-content\/uploads\/2024\/01\/WhatsApp-Image-2024-01-29-at-11.23.51.jpeg",420,280,false]},"rttpg_author":{"display_name":"Redacci\u00f3n El Federal","author_link":"https:\/\/elfederalmendoza.com.ar\/index.php\/author\/angelflores\/"},"rttpg_comment":0,"rttpg_category":"<a href=\"https:\/\/elfederalmendoza.com.ar\/index.php\/category\/arg\/\" rel=\"category tag\">Argentina<\/a>","rttpg_excerpt":"Como se\u00f1al\u00f3 Visi\u00f3n Santiago a mediados de enero, el gobernador habr\u00eda viajado a la Costa Atl\u00e1ntica en el avi\u00f3n sanitario, seg\u00fan revel\u00f3 un sitio especializado de aeron\u00e1utica. \u201cEs una pelotudez\u201d, respondi\u00f3 fastidiado a los periodistas que lo localizaron en un exclusivo parador frente al mar. El gobernador Gerardo Zamora continuar\u00eda esta semana sus vacaciones en&hellip;","_links":{"self":[{"href":"https:\/\/elfederalmendoza.com.ar\/index.php\/wp-json\/wp\/v2\/posts\/31556","targetHints":{"allow":["GET"]}}],"collection":[{"href":"https:\/\/elfederalmendoza.com.ar\/index.php\/wp-json\/wp\/v2\/posts"}],"about":[{"href":"https:\/\/elfederalmendoza.com.ar\/index.php\/wp-json\/wp\/v2\/types\/post"}],"author":[{"embeddable":true,"href":"https:\/\/elfederalmendoza.com.ar\/index.php\/wp-json\/wp\/v2\/users\/2"}],"replies":[{"embeddable":true,"href":"https:\/\/elfederalmendoza.com.ar\/index.php\/wp-json\/wp\/v2\/comments?post=31556"}],"version-history":[{"count":1,"href":"https:\/\/elfederalmendoza.com.ar\/index.php\/wp-json\/wp\/v2\/posts\/31556\/revisions"}],"predecessor-version":[{"id":31560,"href":"https:\/\/elfederalmendoza.com.ar\/index.php\/wp-json\/wp\/v2\/posts\/31556\/revisions\/31560"}],"wp:featuredmedia":[{"embeddable":true,"href":"https:\/\/elfederalmendoza.com.ar\/index.php\/wp-json\/wp\/v2\/media\/31559"}],"wp:attachment":[{"href":"https:\/\/elfederalmendoza.com.ar\/index.php\/wp-json\/wp\/v2\/media?parent=31556"}],"wp:term":[{"taxonomy":"category","embeddable":true,"href":"https:\/\/elfederalmendoza.com.ar\/index.php\/wp-json\/wp\/v2\/categories?post=31556"},{"taxonomy":"post_tag","embeddable":true,"href":"https:\/\/elfederalmendoza.com.ar\/index.php\/wp-json\/wp\/v2\/tags?post=31556"}],"curies":[{"name":"wp","href":"https:\/\/api.w.org\/{rel}","templated":true}]}}