{"id":31605,"date":"2024-01-31T00:56:13","date_gmt":"2024-01-31T03:56:13","guid":{"rendered":"https:\/\/elfederalmendoza.com\/?p=31605"},"modified":"2024-02-02T11:28:33","modified_gmt":"2024-02-02T14:28:33","slug":"daniel-scioli-es-el-nuevo-secretario-de-turismo-ambiente-y-deportes","status":"publish","type":"post","link":"https:\/\/elfederalmendoza.com.ar\/index.php\/2024\/01\/31\/daniel-scioli-es-el-nuevo-secretario-de-turismo-ambiente-y-deportes\/","title":{"rendered":"Daniel Scioli es el nuevo secretario de Turismo, Ambiente y Deportes"},"content":{"rendered":"\n<p>El hasta ahora embajador argentino en Brasil,\u00a0<strong>Daniel Scioli<\/strong>, fue nombrado al frente de la\u00a0<strong>Secretar\u00eda de Turismo, Ambiente y Deportes<\/strong>\u00a0del Ministerio del Interior, tal como confirm\u00f3 en su cuenta de X,\u00a0\u00a0<strong>Guillermo Francos<\/strong>.<\/p>\n\n\n\n<p>De esta manera, el ex gobernador de la provincia de Buenos Aires, formar\u00e1 parte del Gobierno de la Libertad Avanza.\u00a0\u00a0\u00abJunto al presidente<strong>\u00a0Javier Milei<\/strong>\u00a0nos reunimos con Daniel Scioli, quien asumir\u00e1 en la Secretar\u00eda de Turismo, Ambiente y Deportes del Ministerio del Interior\u00bb, dice el posteo del Ministro del Interior.<\/p>\n\n\n\n<blockquote class=\"twitter-tweet\"><p lang=\"es\" dir=\"ltr\">Junto al presidente <a href=\"https:\/\/twitter.com\/JMilei?ref_src=twsrc%5Etfw\">@JMilei<\/a> nos reunimos con <a href=\"https:\/\/twitter.com\/danielscioli?ref_src=twsrc%5Etfw\">@danielscioli<\/a>, quien asumir\u00e1 en la Secretar\u00eda de Turismo, Ambiente y Deportes de <a href=\"https:\/\/twitter.com\/MinInteriorAR?ref_src=twsrc%5Etfw\">@MinInteriorAR<\/a>. <a href=\"https:\/\/t.co\/uxTtBwfQeC\">pic.twitter.com\/uxTtBwfQeC<\/a><\/p>&mdash; Guillermo Francos (@GAFrancosOk) <a href=\"https:\/\/twitter.com\/GAFrancosOk\/status\/1752374295961940456?ref_src=twsrc%5Etfw\">January 30, 2024<\/a><\/blockquote> <script async src=\"https:\/\/platform.twitter.com\/widgets.js\" charset=\"utf-8\"><\/script>\n\n\n\n<p>En un hilo en la red social,&nbsp; Francos le agradeci\u00f3 al hist\u00f3rico peronista&nbsp; por su trabajo diplom\u00e1tico en el vecino pa\u00eds. \u00abGracias Daniel por la gran tarea realizada para nuestro pa\u00eds como Embajador en Brasil, reconocida por todos los sectores, y por dejar ese destino, para sumarte a nuestro equipo donde estamos seguros que har\u00e1s un enorme aporte\u00bb, escribi\u00f3.<\/p>\n\n\n\n<p>Daniel Scioli permaneci\u00f3 en la&nbsp; embajada&nbsp;desde la gesti\u00f3n de&nbsp;<strong>Alberto Fern\u00e1ndez<\/strong>&nbsp;hasta la actual del libertario.<\/p>\n","protected":false},"excerpt":{"rendered":"<p>El hasta ahora embajador argentino en Brasil,\u00a0Daniel Scioli, fue nombrado al frente de la\u00a0Secretar\u00eda de Turismo, Ambiente y Deportes\u00a0del Ministerio del Interior, tal como confirm\u00f3 en su cuenta de X,\u00a0\u00a0Guillermo Francos. De esta manera, el ex gobernador de la provincia de Buenos Aires, formar\u00e1 parte del Gobierno de la Libertad Avanza.\u00a0\u00a0\u00abJunto al presidente\u00a0Javier Milei\u00a0nos reunimos<a class=\"read-more\" href=\"https:\/\/elfederalmendoza.com.ar\/index.php\/2024\/01\/31\/daniel-scioli-es-el-nuevo-secretario-de-turismo-ambiente-y-deportes\/\"> [&hellip;]<\/a><\/p>\n","protected":false},"author":2,"featured_media":31606,"comment_status":"open","ping_status":"open","sticky":false,"template":"","format":"standard","meta":{"footnotes":""},"categories":[5618],"tags":[],"class_list":["post-31605","post","type-post","status-publish","format-standard","has-post-thumbnail","hentry","category-arg"],"rttpg_featured_image_url":{"full":["https:\/\/elfederalmendoza.com.ar\/wp-content\/uploads\/2024\/01\/scioli.jpg",1192,810,false],"landscape":["https:\/\/elfederalmendoza.com.ar\/wp-content\/uploads\/2024\/01\/scioli.jpg",1192,810,false],"portraits":["https:\/\/elfederalmendoza.com.ar\/wp-content\/uploads\/2024\/01\/scioli.jpg",1192,810,false],"thumbnail":["https:\/\/elfederalmendoza.com.ar\/wp-content\/uploads\/2024\/01\/scioli-150x150.jpg",150,150,true],"medium":["https:\/\/elfederalmendoza.com.ar\/wp-content\/uploads\/2024\/01\/scioli-300x204.jpg",300,204,true],"large":["https:\/\/elfederalmendoza.com.ar\/wp-content\/uploads\/2024\/01\/scioli-1024x696.jpg",640,435,true],"1536x1536":["https:\/\/elfederalmendoza.com.ar\/wp-content\/uploads\/2024\/01\/scioli.jpg",1192,810,false],"2048x2048":["https:\/\/elfederalmendoza.com.ar\/wp-content\/uploads\/2024\/01\/scioli.jpg",1192,810,false],"ultp_layout_landscape_large":["https:\/\/elfederalmendoza.com.ar\/wp-content\/uploads\/2024\/01\/scioli-1192x800.jpg",1192,800,true],"ultp_layout_landscape":["https:\/\/elfederalmendoza.com.ar\/wp-content\/uploads\/2024\/01\/scioli-870x570.jpg",870,570,true],"ultp_layout_portrait":["https:\/\/elfederalmendoza.com.ar\/wp-content\/uploads\/2024\/01\/scioli-600x810.jpg",600,810,true],"ultp_layout_square":["https:\/\/elfederalmendoza.com.ar\/wp-content\/uploads\/2024\/01\/scioli-600x600.jpg",600,600,true],"rpwe-thumbnail":["https:\/\/elfederalmendoza.com.ar\/wp-content\/uploads\/2024\/01\/scioli-45x45.jpg",45,45,true],"advps-thumb-one":["https:\/\/elfederalmendoza.com.ar\/wp-content\/uploads\/2024\/01\/scioli-1192x420.jpg",1192,420,true]},"rttpg_author":{"display_name":"Redacci\u00f3n El Federal","author_link":"https:\/\/elfederalmendoza.com.ar\/index.php\/author\/angelflores\/"},"rttpg_comment":0,"rttpg_category":"<a href=\"https:\/\/elfederalmendoza.com.ar\/index.php\/category\/arg\/\" rel=\"category tag\">Argentina<\/a>","rttpg_excerpt":"El hasta ahora embajador argentino en Brasil,\u00a0Daniel Scioli, fue nombrado al frente de la\u00a0Secretar\u00eda de Turismo, Ambiente y Deportes\u00a0del Ministerio del Interior, tal como confirm\u00f3 en su cuenta de X,\u00a0\u00a0Guillermo Francos. De esta manera, el ex gobernador de la provincia de Buenos Aires, formar\u00e1 parte del Gobierno de la Libertad Avanza.\u00a0\u00a0\u00abJunto al presidente\u00a0Javier Milei\u00a0nos reunimos&hellip;","_links":{"self":[{"href":"https:\/\/elfederalmendoza.com.ar\/index.php\/wp-json\/wp\/v2\/posts\/31605","targetHints":{"allow":["GET"]}}],"collection":[{"href":"https:\/\/elfederalmendoza.com.ar\/index.php\/wp-json\/wp\/v2\/posts"}],"about":[{"href":"https:\/\/elfederalmendoza.com.ar\/index.php\/wp-json\/wp\/v2\/types\/post"}],"author":[{"embeddable":true,"href":"https:\/\/elfederalmendoza.com.ar\/index.php\/wp-json\/wp\/v2\/users\/2"}],"replies":[{"embeddable":true,"href":"https:\/\/elfederalmendoza.com.ar\/index.php\/wp-json\/wp\/v2\/comments?post=31605"}],"version-history":[{"count":1,"href":"https:\/\/elfederalmendoza.com.ar\/index.php\/wp-json\/wp\/v2\/posts\/31605\/revisions"}],"predecessor-version":[{"id":31608,"href":"https:\/\/elfederalmendoza.com.ar\/index.php\/wp-json\/wp\/v2\/posts\/31605\/revisions\/31608"}],"wp:featuredmedia":[{"embeddable":true,"href":"https:\/\/elfederalmendoza.com.ar\/index.php\/wp-json\/wp\/v2\/media\/31606"}],"wp:attachment":[{"href":"https:\/\/elfederalmendoza.com.ar\/index.php\/wp-json\/wp\/v2\/media?parent=31605"}],"wp:term":[{"taxonomy":"category","embeddable":true,"href":"https:\/\/elfederalmendoza.com.ar\/index.php\/wp-json\/wp\/v2\/categories?post=31605"},{"taxonomy":"post_tag","embeddable":true,"href":"https:\/\/elfederalmendoza.com.ar\/index.php\/wp-json\/wp\/v2\/tags?post=31605"}],"curies":[{"name":"wp","href":"https:\/\/api.w.org\/{rel}","templated":true}]}}