{"id":31638,"date":"2024-02-03T13:57:12","date_gmt":"2024-02-03T16:57:12","guid":{"rendered":"https:\/\/elfederalmendoza.com\/?p=31638"},"modified":"2024-02-03T13:57:14","modified_gmt":"2024-02-03T16:57:14","slug":"vandalos-k-y-de-izquierda-provocaron-danos-por-50-millones-en-el-congreso-hay-13-detenidos-y-tendran-que-pagar","status":"publish","type":"post","link":"https:\/\/elfederalmendoza.com.ar\/index.php\/2024\/02\/03\/vandalos-k-y-de-izquierda-provocaron-danos-por-50-millones-en-el-congreso-hay-13-detenidos-y-tendran-que-pagar\/","title":{"rendered":"V\u00e1ndalos K y de izquierda provocaron da\u00f1os por 50 millones en el Congreso: hay 13 detenidos y tendr\u00e1n que pagar"},"content":{"rendered":"\n<p><strong>Luego de los incidentes que se registraron por tercer d\u00eda consecutivo frente al Congreso entre la polic\u00eda y los manifestantes que se opon\u00edan a la Ley \u00d3mnibus, el Gobierno de la Ciudad confirm\u00f3 que hubo un saldo de 13 detenidos y cuantific\u00f3 en 50 millones de pesos los da\u00f1os al patrimonio p\u00fablico que se registraron.<\/strong><\/p>\n\n\n\n<p>\u00abEn la noche de ayer detuvimos a 12 mayores y un menor, algunos con antecedentes policiales\u00bb, precis\u00f3 el ministro de de Seguridad porte\u00f1o, Waldo Wolff, quien aclar\u00f3 que \u00ablas personas est\u00e1n identificadas\u00bb pero por ley no pueden revelar su identidad.<\/p>\n\n\n\n<p>En di\u00e1logo con Radio Mitre, el funcionario porte\u00f1o sostuvo que \u00abel operativo del d\u00eda de ayer (por este viernes) sumado a las roturas, de tachos que han prendido fuego, y toda la provisi\u00f3n del servicio de arreglos y limpieza, nosotros estimamos que est\u00e1 arriba de los 50 millones de pesos\u00bb.<\/p>\n\n\n\n<p>\u00abVamos a hacer las acciones legales como para que lo paguen los detenidos y las organizaciones sociales que convocaron a esto e hicieron esos destrozos\u00bb, anticip\u00f3 Wolff, en sinton\u00eda con las directrices de la ministra de Seguridad nacional Patricia Bullrich.<\/p>\n\n\n\n<figure class=\"wp-block-embed is-type-rich is-provider-twitter wp-block-embed-twitter\"><div class=\"wp-block-embed__wrapper\">\n<blockquote class=\"twitter-tweet\" data-width=\"550\" data-dnt=\"true\"><p lang=\"es\" dir=\"ltr\">\u00bfQue le har\u00edas a este manifestante popular que descarga su ansiedad con un martillito contra las baldosas pobrecito?<br> <a href=\"https:\/\/t.co\/63XSZFHvVf\">pic.twitter.com\/63XSZFHvVf<\/a><\/p>&mdash; Neuroblues (@neuroblues7) <a href=\"https:\/\/twitter.com\/neuroblues7\/status\/1753608596535820588?ref_src=twsrc%5Etfw\">February 3, 2024<\/a><\/blockquote><script async src=\"https:\/\/platform.twitter.com\/widgets.js\" charset=\"utf-8\"><\/script>\n<\/div><\/figure>\n\n\n\n<p>Por su parte, el jefe de Gobierno de la Ciudad de Buenos Aires, Jorge Macri, se manifest\u00f3 en redes sociales y tild\u00f3 de \u00abdelincuentes\u00bb a los manifestantes del Congreso. Tambi\u00e9n, destac\u00f3 que instruy\u00f3 a su Ministro de Seguridad y al Procurador porte\u00f1o para que inicien demandas \u00aba todas las personas que fueron parte de la agresi\u00f3n y destrucci\u00f3n de bienes de la Ciudad\u00bb.<\/p>\n\n\n\n<p>\u00abAdem\u00e1s, reclamaremos el costo que estos da\u00f1os le generan a los bolsillos de todos los contribuyentes porte\u00f1os\u00bb, expres\u00f3 Wolff en X.<\/p>\n\n\n\n<p>\u00abCada uno de los detenidos en la zona del Congreso ya est\u00e1n a disposici\u00f3n de la Justicia. Adem\u00e1s, por expresa instrucci\u00f3n del Jefe de Gobierno Jorge Macri iniciaremos las acciones penales correspondientes\u00bb, a\u00f1adi\u00f3.<\/p>\n\n\n\n<p>\u00abTodas las filmaciones y herramientas tecnol\u00f3gicas de la Ciudad est\u00e1n a disposici\u00f3n de la Justicia para identificar y juzgar a estos delincuentes\u00bb, a\u00f1adi\u00f3 el ministro de Seguridad porte\u00f1o.<\/p>\n\n\n\n<p>Para finalizar Jorge Macri destac\u00f3 en su cuenta de X: \u00abFelicito a todas las fuerzas de Seguridad de la Ciudad y a las fuerzas Federales por su accionar y su gran compromiso\u00bb. Previamente, la Ministra de Seguridad de la Naci\u00f3n, Patricia Bullrich, tambi\u00e9n hab\u00eda asegurado que denunciar\u00eda penalmente a los manifestantes.<\/p>\n","protected":false},"excerpt":{"rendered":"<p>Luego de los incidentes que se registraron por tercer d\u00eda consecutivo frente al Congreso entre la polic\u00eda y los manifestantes que se opon\u00edan a la Ley \u00d3mnibus, el Gobierno de la Ciudad confirm\u00f3 que hubo un saldo de 13 detenidos y cuantific\u00f3 en 50 millones de pesos los da\u00f1os al patrimonio p\u00fablico que se registraron.<a class=\"read-more\" href=\"https:\/\/elfederalmendoza.com.ar\/index.php\/2024\/02\/03\/vandalos-k-y-de-izquierda-provocaron-danos-por-50-millones-en-el-congreso-hay-13-detenidos-y-tendran-que-pagar\/\"> [&hellip;]<\/a><\/p>\n","protected":false},"author":2,"featured_media":31640,"comment_status":"open","ping_status":"open","sticky":false,"template":"","format":"standard","meta":{"footnotes":""},"categories":[5618],"tags":[],"class_list":["post-31638","post","type-post","status-publish","format-standard","has-post-thumbnail","hentry","category-arg"],"rttpg_featured_image_url":{"full":["https:\/\/elfederalmendoza.com.ar\/wp-content\/uploads\/2024\/02\/Desde-el-Gobierno-denunciaran-a-manifestantes-que-causaron-destrozos-frente-al-Congreso.webp",767,431,false],"landscape":["https:\/\/elfederalmendoza.com.ar\/wp-content\/uploads\/2024\/02\/Desde-el-Gobierno-denunciaran-a-manifestantes-que-causaron-destrozos-frente-al-Congreso.webp",767,431,false],"portraits":["https:\/\/elfederalmendoza.com.ar\/wp-content\/uploads\/2024\/02\/Desde-el-Gobierno-denunciaran-a-manifestantes-que-causaron-destrozos-frente-al-Congreso.webp",767,431,false],"thumbnail":["https:\/\/elfederalmendoza.com.ar\/wp-content\/uploads\/2024\/02\/Desde-el-Gobierno-denunciaran-a-manifestantes-que-causaron-destrozos-frente-al-Congreso-150x150.webp",150,150,true],"medium":["https:\/\/elfederalmendoza.com.ar\/wp-content\/uploads\/2024\/02\/Desde-el-Gobierno-denunciaran-a-manifestantes-que-causaron-destrozos-frente-al-Congreso-300x169.webp",300,169,true],"large":["https:\/\/elfederalmendoza.com.ar\/wp-content\/uploads\/2024\/02\/Desde-el-Gobierno-denunciaran-a-manifestantes-que-causaron-destrozos-frente-al-Congreso.webp",640,360,false],"1536x1536":["https:\/\/elfederalmendoza.com.ar\/wp-content\/uploads\/2024\/02\/Desde-el-Gobierno-denunciaran-a-manifestantes-que-causaron-destrozos-frente-al-Congreso.webp",767,431,false],"2048x2048":["https:\/\/elfederalmendoza.com.ar\/wp-content\/uploads\/2024\/02\/Desde-el-Gobierno-denunciaran-a-manifestantes-que-causaron-destrozos-frente-al-Congreso.webp",767,431,false],"ultp_layout_landscape_large":["https:\/\/elfederalmendoza.com.ar\/wp-content\/uploads\/2024\/02\/Desde-el-Gobierno-denunciaran-a-manifestantes-que-causaron-destrozos-frente-al-Congreso.webp",767,431,false],"ultp_layout_landscape":["https:\/\/elfederalmendoza.com.ar\/wp-content\/uploads\/2024\/02\/Desde-el-Gobierno-denunciaran-a-manifestantes-que-causaron-destrozos-frente-al-Congreso.webp",767,431,false],"ultp_layout_portrait":["https:\/\/elfederalmendoza.com.ar\/wp-content\/uploads\/2024\/02\/Desde-el-Gobierno-denunciaran-a-manifestantes-que-causaron-destrozos-frente-al-Congreso-600x431.webp",600,431,true],"ultp_layout_square":["https:\/\/elfederalmendoza.com.ar\/wp-content\/uploads\/2024\/02\/Desde-el-Gobierno-denunciaran-a-manifestantes-que-causaron-destrozos-frente-al-Congreso-600x431.webp",600,431,true],"rpwe-thumbnail":["https:\/\/elfederalmendoza.com.ar\/wp-content\/uploads\/2024\/02\/Desde-el-Gobierno-denunciaran-a-manifestantes-que-causaron-destrozos-frente-al-Congreso-45x45.webp",45,45,true],"advps-thumb-one":["https:\/\/elfederalmendoza.com.ar\/wp-content\/uploads\/2024\/02\/Desde-el-Gobierno-denunciaran-a-manifestantes-que-causaron-destrozos-frente-al-Congreso-767x420.webp",767,420,true]},"rttpg_author":{"display_name":"Redacci\u00f3n El Federal","author_link":"https:\/\/elfederalmendoza.com.ar\/index.php\/author\/angelflores\/"},"rttpg_comment":0,"rttpg_category":"<a href=\"https:\/\/elfederalmendoza.com.ar\/index.php\/category\/arg\/\" rel=\"category tag\">Argentina<\/a>","rttpg_excerpt":"Luego de los incidentes que se registraron por tercer d\u00eda consecutivo frente al Congreso entre la polic\u00eda y los manifestantes que se opon\u00edan a la Ley \u00d3mnibus, el Gobierno de la Ciudad confirm\u00f3 que hubo un saldo de 13 detenidos y cuantific\u00f3 en 50 millones de pesos los da\u00f1os al patrimonio p\u00fablico que se registraron.&hellip;","_links":{"self":[{"href":"https:\/\/elfederalmendoza.com.ar\/index.php\/wp-json\/wp\/v2\/posts\/31638","targetHints":{"allow":["GET"]}}],"collection":[{"href":"https:\/\/elfederalmendoza.com.ar\/index.php\/wp-json\/wp\/v2\/posts"}],"about":[{"href":"https:\/\/elfederalmendoza.com.ar\/index.php\/wp-json\/wp\/v2\/types\/post"}],"author":[{"embeddable":true,"href":"https:\/\/elfederalmendoza.com.ar\/index.php\/wp-json\/wp\/v2\/users\/2"}],"replies":[{"embeddable":true,"href":"https:\/\/elfederalmendoza.com.ar\/index.php\/wp-json\/wp\/v2\/comments?post=31638"}],"version-history":[{"count":1,"href":"https:\/\/elfederalmendoza.com.ar\/index.php\/wp-json\/wp\/v2\/posts\/31638\/revisions"}],"predecessor-version":[{"id":31641,"href":"https:\/\/elfederalmendoza.com.ar\/index.php\/wp-json\/wp\/v2\/posts\/31638\/revisions\/31641"}],"wp:featuredmedia":[{"embeddable":true,"href":"https:\/\/elfederalmendoza.com.ar\/index.php\/wp-json\/wp\/v2\/media\/31640"}],"wp:attachment":[{"href":"https:\/\/elfederalmendoza.com.ar\/index.php\/wp-json\/wp\/v2\/media?parent=31638"}],"wp:term":[{"taxonomy":"category","embeddable":true,"href":"https:\/\/elfederalmendoza.com.ar\/index.php\/wp-json\/wp\/v2\/categories?post=31638"},{"taxonomy":"post_tag","embeddable":true,"href":"https:\/\/elfederalmendoza.com.ar\/index.php\/wp-json\/wp\/v2\/tags?post=31638"}],"curies":[{"name":"wp","href":"https:\/\/api.w.org\/{rel}","templated":true}]}}