{"id":31685,"date":"2024-02-06T15:20:53","date_gmt":"2024-02-06T18:20:53","guid":{"rendered":"https:\/\/elfederalmendoza.com\/?p=31685"},"modified":"2024-02-06T15:38:48","modified_gmt":"2024-02-06T18:38:48","slug":"denunciaron-irregularidades-en-la-obra-social-de-las-fuerzas-de-seguridad-durante-la-gestion-de-alberto-fernandez","status":"publish","type":"post","link":"https:\/\/elfederalmendoza.com.ar\/index.php\/2024\/02\/06\/denunciaron-irregularidades-en-la-obra-social-de-las-fuerzas-de-seguridad-durante-la-gestion-de-alberto-fernandez\/","title":{"rendered":"Denunciaron irregularidades en la obra social de las fuerzas de seguridad durante la gesti\u00f3n de Alberto Fern\u00e1ndez"},"content":{"rendered":"\n<p><strong>El presidente de la Obra Social de las Fuerzas Armadas y de Seguridad (IOSFA), Oscar Sag\u00e1s, asegur\u00f3 que \u201cse terminaron los kioscos en el IOSFA\u201d y, tras detectar \u201cnumerosas irregularidades\u201d en el manejo del organismo durante la gesti\u00f3n de Alberto Fern\u00e1ndez, dispuso encarar un plan de austeridad para reducir los gastos a la mitad, con un ahorro que estiman ser\u00e1 de 2 mil millones de pesos por a\u00f1o \u201csolo en cargos directivos\u201d.<\/strong><\/p>\n\n\n\n<p>Sag\u00e1s, m\u00e9dico cirujano y ex senador por Mendoza, designado en el cargo por el ministro de Defensa, Luis Petri, orden\u00f3 una auditor\u00eda que detect\u00f3 numerosos movimientos irregulares durante la anterior administraci\u00f3n, a cargo del ex intendente de Lan\u00fas, Dar\u00edo D\u00edaz P\u00e9rez.<\/p>\n\n\n\n<p>De acuerdo a un comunicado difundido por la obra social, se est\u00e1n analizando \u201c244 cargos extraescalafonarios de la estructura del 2023, entre los que hay contratos temporarios, gerencias, subgerencias y roles de acompa\u00f1amiento\u201d. El objetivo es reducirlo al 50% en una primera etapa. \u201cCreemos que con todos estos cambios podemos ahorrar anualmente casi 2 mil millones de pesos, solo en cargos directivos\u201d, afirm\u00f3 Sagas.<\/p>\n\n\n\n<p>Entre otras medidas que se adoptaron, se mencion\u00f3 la reapertura de 33 farmacias que permanec\u00edan clausuradas por no cumplir con las medidas reglamentarias por ley. Tambi\u00e9n se resolvi\u00f3 cortar con contratos de locaci\u00f3n de servicio y reducir la cantidad de asesores, celulares y un mayor control en los costos fijos.<\/p>\n\n\n\n<p>Seg\u00fan la nueva administraci\u00f3n, en las farmacias que la obra social tiene distribuidas en todo el pa\u00eds, \u201cla mayor\u00eda no contaba con los insumos m\u00e9dicos m\u00ednimos necesarios para atender la demanda de los afiliados\u201d. Adem\u00e1s, se suspendieron \u201clicitaciones de obras por $625 millones con el objetivo de priorizar el gasto prestacional para mejorar la cobertura a los afiliados del instituto\u201d. Sostienen que existieron \u201cdeficiencias en los pliegos\u201d y est\u00e1n analizando instrumentar ComprAR para transparentar las adquisiciones.<\/p>\n\n\n\n<p>Adem\u00e1s, detectaron que \u201cen la instituci\u00f3n hab\u00eda 153 celulares a libre disposici\u00f3n del personal pol\u00edtico (de los cuales 50 se dieron de baja autom\u00e1ticamente y los otros se est\u00e1n auditando) y vales de nafta\u201d.<\/p>\n\n\n\n<p>\u201cEncontramos una obra social con un balance en el que ingresan 20 mil millones de pesos, pero sale casi lo mismo. Si bien no hay d\u00e9ficit propiamente dicho, es dif\u00edcil mantener el sistema en funcionamiento porque el margen de gesti\u00f3n queda muy acotado por los gastos excesivos\u201d, concluy\u00f3 Sag\u00e1s.<\/p>\n\n\n\n<p>\u201cEstamos trabajando para que el afiliado tenga accesibilidad a los servicios sin importar d\u00f3nde vive, queremos hacer un organigrama m\u00e1s \u00e1gil, din\u00e1mico y que haya controles por la oposici\u00f3n\u201d, agreg\u00f3.<\/p>\n\n\n\n<p>El Instituto de Obra Social de las Fuerzas Armadas es una obra social que presta servicio a la Gendarmer\u00eda Nacional Argentina y funciona bajo la Prefectura Naval Argentina, con la fiscalizaci\u00f3n y el control del Ministerio de Defensa.<\/p>\n\n\n\n<p>Sag\u00e1s, cumpliendo con el propio mandato del presidente Javier Milei, comenz\u00f3 el ordenamiento de la gesti\u00f3n con el racionamiento de asesores y alrededor de m\u00e1s de 48 contratos de los que no se conoc\u00eda su labor espec\u00edfica, seg\u00fan se indic\u00f3.<\/p>\n\n\n\n<p>Al asumir, el funcionario sostuvo: \u201cEmpezamos un nuevo tiempo, de modernizaci\u00f3n y cambios, una etapa que quiero conducir con un estilo horizontal, delegando y empoderando a los verdaderos hacedores para potenciar al servicio de IOSFA las capacidades individuales de cada uno. Vamos a trabajar en equipo, con la visi\u00f3n compartida de brindar lo mejor de nosotros cada d\u00eda para que IOSFA siga siendo la Gran Obra Social que se merecen nuestras Fuerzas Armadas y de Seguridad\u201d.\u00a0<\/p>\n","protected":false},"excerpt":{"rendered":"<p>El presidente de la Obra Social de las Fuerzas Armadas y de Seguridad (IOSFA), Oscar Sag\u00e1s, asegur\u00f3 que \u201cse terminaron los kioscos en el IOSFA\u201d y, tras detectar \u201cnumerosas irregularidades\u201d en el manejo del organismo durante la gesti\u00f3n de Alberto Fern\u00e1ndez, dispuso encarar un plan de austeridad para reducir los gastos a la mitad, con<a class=\"read-more\" href=\"https:\/\/elfederalmendoza.com.ar\/index.php\/2024\/02\/06\/denunciaron-irregularidades-en-la-obra-social-de-las-fuerzas-de-seguridad-durante-la-gestion-de-alberto-fernandez\/\"> [&hellip;]<\/a><\/p>\n","protected":false},"author":2,"featured_media":31705,"comment_status":"open","ping_status":"open","sticky":false,"template":"","format":"standard","meta":{"footnotes":""},"categories":[5618],"tags":[],"class_list":["post-31685","post","type-post","status-publish","format-standard","has-post-thumbnail","hentry","category-arg"],"rttpg_featured_image_url":{"full":["https:\/\/elfederalmendoza.com.ar\/wp-content\/uploads\/2024\/02\/credito-iosfa-iaf_0.jpg",1366,768,false],"landscape":["https:\/\/elfederalmendoza.com.ar\/wp-content\/uploads\/2024\/02\/credito-iosfa-iaf_0.jpg",1366,768,false],"portraits":["https:\/\/elfederalmendoza.com.ar\/wp-content\/uploads\/2024\/02\/credito-iosfa-iaf_0.jpg",1366,768,false],"thumbnail":["https:\/\/elfederalmendoza.com.ar\/wp-content\/uploads\/2024\/02\/credito-iosfa-iaf_0-150x150.jpg",150,150,true],"medium":["https:\/\/elfederalmendoza.com.ar\/wp-content\/uploads\/2024\/02\/credito-iosfa-iaf_0-300x169.jpg",300,169,true],"large":["https:\/\/elfederalmendoza.com.ar\/wp-content\/uploads\/2024\/02\/credito-iosfa-iaf_0-1024x576.jpg",640,360,true],"1536x1536":["https:\/\/elfederalmendoza.com.ar\/wp-content\/uploads\/2024\/02\/credito-iosfa-iaf_0.jpg",1366,768,false],"2048x2048":["https:\/\/elfederalmendoza.com.ar\/wp-content\/uploads\/2024\/02\/credito-iosfa-iaf_0.jpg",1366,768,false],"ultp_layout_landscape_large":["https:\/\/elfederalmendoza.com.ar\/wp-content\/uploads\/2024\/02\/credito-iosfa-iaf_0-1200x768.jpg",1200,768,true],"ultp_layout_landscape":["https:\/\/elfederalmendoza.com.ar\/wp-content\/uploads\/2024\/02\/credito-iosfa-iaf_0-870x570.jpg",870,570,true],"ultp_layout_portrait":["https:\/\/elfederalmendoza.com.ar\/wp-content\/uploads\/2024\/02\/credito-iosfa-iaf_0-600x768.jpg",600,768,true],"ultp_layout_square":["https:\/\/elfederalmendoza.com.ar\/wp-content\/uploads\/2024\/02\/credito-iosfa-iaf_0-600x600.jpg",600,600,true],"rpwe-thumbnail":["https:\/\/elfederalmendoza.com.ar\/wp-content\/uploads\/2024\/02\/credito-iosfa-iaf_0-45x45.jpg",45,45,true],"advps-thumb-one":["https:\/\/elfederalmendoza.com.ar\/wp-content\/uploads\/2024\/02\/credito-iosfa-iaf_0-1200x420.jpg",1200,420,true]},"rttpg_author":{"display_name":"Redacci\u00f3n El Federal","author_link":"https:\/\/elfederalmendoza.com.ar\/index.php\/author\/angelflores\/"},"rttpg_comment":0,"rttpg_category":"<a href=\"https:\/\/elfederalmendoza.com.ar\/index.php\/category\/arg\/\" rel=\"category tag\">Argentina<\/a>","rttpg_excerpt":"El presidente de la Obra Social de las Fuerzas Armadas y de Seguridad (IOSFA), Oscar Sag\u00e1s, asegur\u00f3 que \u201cse terminaron los kioscos en el IOSFA\u201d y, tras detectar \u201cnumerosas irregularidades\u201d en el manejo del organismo durante la gesti\u00f3n de Alberto Fern\u00e1ndez, dispuso encarar un plan de austeridad para reducir los gastos a la mitad, con&hellip;","_links":{"self":[{"href":"https:\/\/elfederalmendoza.com.ar\/index.php\/wp-json\/wp\/v2\/posts\/31685","targetHints":{"allow":["GET"]}}],"collection":[{"href":"https:\/\/elfederalmendoza.com.ar\/index.php\/wp-json\/wp\/v2\/posts"}],"about":[{"href":"https:\/\/elfederalmendoza.com.ar\/index.php\/wp-json\/wp\/v2\/types\/post"}],"author":[{"embeddable":true,"href":"https:\/\/elfederalmendoza.com.ar\/index.php\/wp-json\/wp\/v2\/users\/2"}],"replies":[{"embeddable":true,"href":"https:\/\/elfederalmendoza.com.ar\/index.php\/wp-json\/wp\/v2\/comments?post=31685"}],"version-history":[{"count":1,"href":"https:\/\/elfederalmendoza.com.ar\/index.php\/wp-json\/wp\/v2\/posts\/31685\/revisions"}],"predecessor-version":[{"id":31706,"href":"https:\/\/elfederalmendoza.com.ar\/index.php\/wp-json\/wp\/v2\/posts\/31685\/revisions\/31706"}],"wp:featuredmedia":[{"embeddable":true,"href":"https:\/\/elfederalmendoza.com.ar\/index.php\/wp-json\/wp\/v2\/media\/31705"}],"wp:attachment":[{"href":"https:\/\/elfederalmendoza.com.ar\/index.php\/wp-json\/wp\/v2\/media?parent=31685"}],"wp:term":[{"taxonomy":"category","embeddable":true,"href":"https:\/\/elfederalmendoza.com.ar\/index.php\/wp-json\/wp\/v2\/categories?post=31685"},{"taxonomy":"post_tag","embeddable":true,"href":"https:\/\/elfederalmendoza.com.ar\/index.php\/wp-json\/wp\/v2\/tags?post=31685"}],"curies":[{"name":"wp","href":"https:\/\/api.w.org\/{rel}","templated":true}]}}