{"id":31715,"date":"2024-02-06T19:36:01","date_gmt":"2024-02-06T22:36:01","guid":{"rendered":"https:\/\/elfederalmendoza.com\/?p=31715"},"modified":"2024-02-06T19:36:02","modified_gmt":"2024-02-06T22:36:02","slug":"javier-milei-lloro-en-el-muro-de-los-lamentos-y-se-reunio-con-el-presidente-de-israel","status":"publish","type":"post","link":"https:\/\/elfederalmendoza.com.ar\/index.php\/2024\/02\/06\/javier-milei-lloro-en-el-muro-de-los-lamentos-y-se-reunio-con-el-presidente-de-israel\/","title":{"rendered":"Javier Milei llor\u00f3 en el Muro de los Lamentos y se reuni\u00f3 con el presidente de Israel"},"content":{"rendered":"\n<p><strong>El presidente Javier Milei arrib\u00f3 hoy a Israel para su primera gira internacional como mandatario<\/strong>&nbsp;y tuvo su escala inicial en el hist\u00f3rico&nbsp;<strong>Muro de los Lamentos<\/strong>, donde&nbsp;<strong>no pudo contener las l\u00e1grimas.<\/strong><\/p>\n\n\n\n<p>El jefe de Estado lleg\u00f3 al muro rodeado de curiosos y fot\u00f3grafos, que retrataron el momento en que se puso a llorar, en cumplimiento con el costado espiritual del viaje.<\/p>\n\n\n\n<p>Se trat\u00f3 de la primera actividad que realiz\u00f3 tras su arribo a Medio Oriente, en compa\u00f1\u00eda de&nbsp;su rabino,&nbsp;<strong>Axel Wahnish<\/strong>, quien fue designado como futuro embajador argentino en el pa\u00eds.<\/p>\n\n\n\n<p>Adem\u00e1s, de la emoci\u00f3n por la visita a los restos milenarios del Templo de Jerusal\u00e9n,\u00a0dedic\u00f3 un momento de su estad\u00eda a rezar, en soledad y junto a su rabino, y a leer La Tor\u00e1 en los antiguos t\u00faneles.<\/p>\n\n\n\n<figure class=\"wp-block-image size-full\"><img loading=\"lazy\" decoding=\"async\" width=\"900\" height=\"505\" src=\"https:\/\/elfederalmendoza.com\/wp-content\/uploads\/2024\/02\/muro1.jpg\" alt=\"\" class=\"wp-image-31718\" srcset=\"https:\/\/elfederalmendoza.com.ar\/wp-content\/uploads\/2024\/02\/muro1.jpg 900w, https:\/\/elfederalmendoza.com.ar\/wp-content\/uploads\/2024\/02\/muro1-300x168.jpg 300w, https:\/\/elfederalmendoza.com.ar\/wp-content\/uploads\/2024\/02\/muro1-768x431.jpg 768w\" sizes=\"auto, (max-width: 900px) 100vw, 900px\" \/><\/figure>\n\n\n\n<p>Luego de esa visita,<strong>&nbsp;tuvo un encuentro con el presidente del Estado de Israel, Isaac Herzog<\/strong>, en Jerusal\u00e9n, a agenda abierta, en el que se avanz\u00f3 en el compromiso entre ambas naciones y se abord\u00f3 la&nbsp;<strong>decisi\u00f3n de mudar la embajada de Argentina a Jerusal\u00e9n.<\/strong><\/p>\n\n\n\n<p>Formaron parte del intercambio la secretaria general de la Presidencia,&nbsp;<strong>Karina Milei<\/strong>; la canciller&nbsp;<strong>Diana Mondino<\/strong>&nbsp;y el embajador designado en Israel.<\/p>\n\n\n\n<p>Seg\u00fan supo la agencia Noticias Argentinas, la Orquesta de Presidencia de Israel enton\u00f3 los himnos de ambos pa\u00edses y los mandatarios intercambiaron obsequios.<\/p>\n\n\n\n<figure class=\"wp-block-image size-large\"><img loading=\"lazy\" decoding=\"async\" width=\"1024\" height=\"579\" src=\"https:\/\/elfederalmendoza.com\/wp-content\/uploads\/2024\/02\/muro-1-1024x579.jpg\" alt=\"\" class=\"wp-image-31720\" srcset=\"https:\/\/elfederalmendoza.com.ar\/wp-content\/uploads\/2024\/02\/muro-1-1024x579.jpg 1024w, https:\/\/elfederalmendoza.com.ar\/wp-content\/uploads\/2024\/02\/muro-1-300x170.jpg 300w, https:\/\/elfederalmendoza.com.ar\/wp-content\/uploads\/2024\/02\/muro-1-768x434.jpg 768w, https:\/\/elfederalmendoza.com.ar\/wp-content\/uploads\/2024\/02\/muro-1.jpg 1379w\" sizes=\"auto, (max-width: 1024px) 100vw, 1024px\" \/><\/figure>\n\n\n\n<p>En la previa al viaje, Milei anticip\u00f3 que su visita, adem\u00e1s de cumplir con una promesa de campa\u00f1a, responde a su intenci\u00f3n de concretar su&nbsp;<strong>apoyo a Israel contra los ataques del grupo Hamas.&nbsp;<\/strong><\/p>\n\n\n\n<p>El mandatario arrib\u00f3 al Aeropuerto Internacional Ben Guri\u00f3n de Tel Aviv a las 14:30 de Israel (9:30 hora argentina), y al descender del avi\u00f3n de la l\u00ednea a\u00e9rea israel\u00ed ElAl, fue recibido por el ministro de Asuntos Exteriores local,<strong>\u00a0Yisrael Katz.<\/strong><\/p>\n\n\n\n<blockquote class=\"twitter-tweet\"><p lang=\"es\" dir=\"ltr\">El Presidente Javier Milei mantuvo un encuentro con el Presidente del Estado de Israel, Isaac Herzog, en Jerusal\u00e9n. <a href=\"https:\/\/t.co\/Ly62F8vBr7\">pic.twitter.com\/Ly62F8vBr7<\/a><\/p>&mdash; Oficina del Presidente (@OPRArgentina) <a href=\"https:\/\/twitter.com\/OPRArgentina\/status\/1754907197320855710?ref_src=twsrc%5Etfw\">February 6, 2024<\/a><\/blockquote> <script async src=\"https:\/\/platform.twitter.com\/widgets.js\" charset=\"utf-8\"><\/script>\n","protected":false},"excerpt":{"rendered":"<p>El presidente Javier Milei arrib\u00f3 hoy a Israel para su primera gira internacional como mandatario&nbsp;y tuvo su escala inicial en el hist\u00f3rico&nbsp;Muro de los Lamentos, donde&nbsp;no pudo contener las l\u00e1grimas. El jefe de Estado lleg\u00f3 al muro rodeado de curiosos y fot\u00f3grafos, que retrataron el momento en que se puso a llorar, en cumplimiento con<a class=\"read-more\" href=\"https:\/\/elfederalmendoza.com.ar\/index.php\/2024\/02\/06\/javier-milei-lloro-en-el-muro-de-los-lamentos-y-se-reunio-con-el-presidente-de-israel\/\"> [&hellip;]<\/a><\/p>\n","protected":false},"author":2,"featured_media":31719,"comment_status":"open","ping_status":"open","sticky":false,"template":"","format":"standard","meta":{"footnotes":""},"categories":[5618],"tags":[],"class_list":["post-31715","post","type-post","status-publish","format-standard","has-post-thumbnail","hentry","category-arg"],"rttpg_featured_image_url":{"full":["https:\/\/elfederalmendoza.com.ar\/wp-content\/uploads\/2024\/02\/muro2.jpg",1151,759,false],"landscape":["https:\/\/elfederalmendoza.com.ar\/wp-content\/uploads\/2024\/02\/muro2.jpg",1151,759,false],"portraits":["https:\/\/elfederalmendoza.com.ar\/wp-content\/uploads\/2024\/02\/muro2.jpg",1151,759,false],"thumbnail":["https:\/\/elfederalmendoza.com.ar\/wp-content\/uploads\/2024\/02\/muro2-150x150.jpg",150,150,true],"medium":["https:\/\/elfederalmendoza.com.ar\/wp-content\/uploads\/2024\/02\/muro2-300x198.jpg",300,198,true],"large":["https:\/\/elfederalmendoza.com.ar\/wp-content\/uploads\/2024\/02\/muro2-1024x675.jpg",640,422,true],"1536x1536":["https:\/\/elfederalmendoza.com.ar\/wp-content\/uploads\/2024\/02\/muro2.jpg",1151,759,false],"2048x2048":["https:\/\/elfederalmendoza.com.ar\/wp-content\/uploads\/2024\/02\/muro2.jpg",1151,759,false],"ultp_layout_landscape_large":["https:\/\/elfederalmendoza.com.ar\/wp-content\/uploads\/2024\/02\/muro2.jpg",1151,759,false],"ultp_layout_landscape":["https:\/\/elfederalmendoza.com.ar\/wp-content\/uploads\/2024\/02\/muro2-870x570.jpg",870,570,true],"ultp_layout_portrait":["https:\/\/elfederalmendoza.com.ar\/wp-content\/uploads\/2024\/02\/muro2-600x759.jpg",600,759,true],"ultp_layout_square":["https:\/\/elfederalmendoza.com.ar\/wp-content\/uploads\/2024\/02\/muro2-600x600.jpg",600,600,true],"rpwe-thumbnail":["https:\/\/elfederalmendoza.com.ar\/wp-content\/uploads\/2024\/02\/muro2-45x45.jpg",45,45,true],"advps-thumb-one":["https:\/\/elfederalmendoza.com.ar\/wp-content\/uploads\/2024\/02\/muro2-1151x420.jpg",1151,420,true]},"rttpg_author":{"display_name":"Redacci\u00f3n El Federal","author_link":"https:\/\/elfederalmendoza.com.ar\/index.php\/author\/angelflores\/"},"rttpg_comment":0,"rttpg_category":"<a href=\"https:\/\/elfederalmendoza.com.ar\/index.php\/category\/arg\/\" rel=\"category tag\">Argentina<\/a>","rttpg_excerpt":"El presidente Javier Milei arrib\u00f3 hoy a Israel para su primera gira internacional como mandatario&nbsp;y tuvo su escala inicial en el hist\u00f3rico&nbsp;Muro de los Lamentos, donde&nbsp;no pudo contener las l\u00e1grimas. El jefe de Estado lleg\u00f3 al muro rodeado de curiosos y fot\u00f3grafos, que retrataron el momento en que se puso a llorar, en cumplimiento con&hellip;","_links":{"self":[{"href":"https:\/\/elfederalmendoza.com.ar\/index.php\/wp-json\/wp\/v2\/posts\/31715","targetHints":{"allow":["GET"]}}],"collection":[{"href":"https:\/\/elfederalmendoza.com.ar\/index.php\/wp-json\/wp\/v2\/posts"}],"about":[{"href":"https:\/\/elfederalmendoza.com.ar\/index.php\/wp-json\/wp\/v2\/types\/post"}],"author":[{"embeddable":true,"href":"https:\/\/elfederalmendoza.com.ar\/index.php\/wp-json\/wp\/v2\/users\/2"}],"replies":[{"embeddable":true,"href":"https:\/\/elfederalmendoza.com.ar\/index.php\/wp-json\/wp\/v2\/comments?post=31715"}],"version-history":[{"count":1,"href":"https:\/\/elfederalmendoza.com.ar\/index.php\/wp-json\/wp\/v2\/posts\/31715\/revisions"}],"predecessor-version":[{"id":31721,"href":"https:\/\/elfederalmendoza.com.ar\/index.php\/wp-json\/wp\/v2\/posts\/31715\/revisions\/31721"}],"wp:featuredmedia":[{"embeddable":true,"href":"https:\/\/elfederalmendoza.com.ar\/index.php\/wp-json\/wp\/v2\/media\/31719"}],"wp:attachment":[{"href":"https:\/\/elfederalmendoza.com.ar\/index.php\/wp-json\/wp\/v2\/media?parent=31715"}],"wp:term":[{"taxonomy":"category","embeddable":true,"href":"https:\/\/elfederalmendoza.com.ar\/index.php\/wp-json\/wp\/v2\/categories?post=31715"},{"taxonomy":"post_tag","embeddable":true,"href":"https:\/\/elfederalmendoza.com.ar\/index.php\/wp-json\/wp\/v2\/tags?post=31715"}],"curies":[{"name":"wp","href":"https:\/\/api.w.org\/{rel}","templated":true}]}}