{"id":31724,"date":"2024-02-07T11:06:10","date_gmt":"2024-02-07T14:06:10","guid":{"rendered":"https:\/\/elfederalmendoza.com\/?p=31724"},"modified":"2024-02-07T11:06:11","modified_gmt":"2024-02-07T14:06:11","slug":"esta-es-la-lista-de-diputados-que-milei-tildo-de-traidores-y-enemigos-de-una-mejor-argentina","status":"publish","type":"post","link":"https:\/\/elfederalmendoza.com.ar\/index.php\/2024\/02\/07\/esta-es-la-lista-de-diputados-que-milei-tildo-de-traidores-y-enemigos-de-una-mejor-argentina\/","title":{"rendered":"Esta es la lista de diputados que Milei tild\u00f3 de traidores y \u00abenemigos de una mejor Argentina\u00bb"},"content":{"rendered":"\n<p>Milei acus\u00f3 a 60 diputados nacionales, luego de que esos legisladores votaran en contra de varios art\u00edculos de la Ley \u00d3mnibus. Desde la Oficina del Presidente agradecieron por otra parte a Nieri, Verasay, Mart\u00ednez y a los tres de la Libertad Avanza.<\/p>\n\n\n\n<p>Despu\u00e9s de\u00a0acusar a todos los gobernadores por igual de\u00a0<strong>\u00abtraidores\u00bb<\/strong>\u00a0por haber tomado la decisi\u00f3n de\u00a0<strong>\u00abdestruir\u00bb la Ley \u00d3mnibus,<\/strong>\u00a0Javier Milei hizo una distinci\u00f3n entre aquellos diputados nacionales \u00ableales\u00bb y los que consider\u00f3 \u00ab<strong>enemigos\u00a0<\/strong>de una mejor Argentina\u00bb. <\/p>\n\n\n\n<p>Desde la cuenta oficial de la Oficina del Presidente se envi\u00f3 un comunicado despu\u00e9s de medianoche para&nbsp;<strong>enumerar a los diputados nacionales que acompa\u00f1aron el proyecto<\/strong>&nbsp;y votaron a favor en particular de la \u00abLey de Bases y Puntos de Partida para la Libertad de los Argentinos\u00bb, y para&nbsp;<strong>enumerar a los que votaron en contra<\/strong>&nbsp;de la mayor\u00eda de los art\u00edculos.<\/p>\n\n\n\n<p><strong>Milei consider\u00f3 \u00abtraidor\u00bb al mendocino Cobos<\/strong>\u00a0y a otros 60 diputados; mientras que\u00a0<strong>agradeci\u00f3 el voto de los mendocinos de La Libertad Avanza, Mercedes Llano, Facundo Correa Llano y Lourdes Arrieta, del de La Uni\u00f3n Mendocina \u00c1lvaro Mart\u00ednez; y de dos radicales que responden al gobernador Alfredo Cornejo: Lisandro Nieri y Pamela Verasay<\/strong>.<\/p>\n\n\n\n<figure class=\"wp-block-image\"><img decoding=\"async\" src=\"https:\/\/media.diariouno.com.ar\/p\/1ea9ec29404461c85ffb8b0dfc5ecd87\/adjuntos\/298\/imagenes\/009\/291\/0009291869\/1200x0\/smart\/ley-omnibus-congresojpg.jpg\" alt=\"\" title=\"\"\/><\/figure>\n\n\n\n<h2 class=\"wp-block-heading\">La reforma del Estado, clave en la ca\u00edda de la Ley \u00d3mnibus<\/h2>\n\n\n\n<p>Durante el tratamiento en particular de la Ley \u00d3mnibus en Diputados,&nbsp;<strong>7 de los 13 puntos que se llegaron a votar fueron rechazados<\/strong>&nbsp;al no contar con el apoyo total de los bloques opositores dialoguistas. Fue entonces, cuando La Libertad Avanza&nbsp;<strong>tom\u00f3 la decisi\u00f3n de que el proyecto volviera a foja cero<\/strong>.<\/p>\n\n\n\n<p>Si bien se aprobaron las emergencias, el cap\u00edtulo de facultades delegadas avanz\u00f3 pero con limitaciones:&nbsp;<strong>se cayeron los incisos sobre el manejo de fondos fiduciarios y las atribuciones en materia energ\u00e9tica y de seguridad&nbsp;<\/strong>debido al rechazo de parte de los dialoguistas,<strong>&nbsp;entre los que estuvo Julio Cobos<\/strong>.<\/p>\n\n\n\n<p>Despu\u00e9s de eso,&nbsp;<strong>el art\u00edculo 5 sobre la reforma del Estado<\/strong>, hizo un quiebre en el tratamiento de la ley. Al caerse casi en su totalidad, el oficialismo llam\u00f3 a cuarto intermedio. Luego, pidi\u00f3 que el proyecto volviera a comisi\u00f3n.<\/p>\n\n\n\n<h2 class=\"wp-block-heading\">La lista \u00abnegra\u00bb de Javier Milei<\/h2>\n\n\n\n<p>Despu\u00e9s del comunicado de la Oficina del Presidente, el propio Javier Milei desde Israel retuite\u00f3 el listado y lo anunci\u00f3:<strong>&nbsp;\u00abAqu\u00ed la lista de los leales y los traidores<\/strong>&nbsp;que usaron el discurso del cambio para poder rapi\u00f1ar una banca&#8230;&nbsp;<strong>Pasen y vean a los enemigos<\/strong>&nbsp;de una mejor Argentina\u00bb.<\/p>\n\n\n\n<p>En ese comunicado oficial,&nbsp;<strong>se destac\u00f3 el \u00abcompromiso legislativo del bloque Frente PRO<\/strong>, encabezado por Cristian Ritondo, del diputado&nbsp;<strong>Miguel \u00c1ngel Pichetto<\/strong>, y del sector de la UCR que acompa\u00f1\u00f3 el proyecto, as\u00ed como a todos los diputados que este martes votaron a favor en particular de la Ley de Bases y Puntos de Partida para la Libertad de los Argentinos\u00bb.<\/p>\n\n\n\n<p>El oficialismo tambi\u00e9n destac\u00f3 \u00abla traici\u00f3n a sus votantes por parte de todos los bloques que le dieron la espalda a sus promesas de campa\u00f1a por una Argentina distinta\u00bb y les advirti\u00f3 que \u00ab<strong>el pueblo jam\u00e1s olvidar\u00e1 los nombres de aquellos que, pudiendo facilitar las reformas que fueron elegidas por el 56% de los argentinos, decidieron seguir haci\u00e9ndole el juego a la casta<\/strong>\u00ab.<\/p>\n\n\n\n<p><strong>Para Milei, \u00abvotaron a favor del pueblo\u00bb<\/strong>, es decir que acompa\u00f1aron en su mayor\u00eda los art\u00edculos que alcanzaron a votarse en particular:<\/p>\n\n\n\n<ul class=\"wp-block-list\">\n<li>RITONDO (PRO)<\/li>\n\n\n\n<li>ARABIA (PRO)<\/li>\n\n\n\n<li>ARDOHAIN (PRO)<\/li>\n\n\n\n<li>AVICO (PRO)<\/li>\n\n\n\n<li>BACHEY (PRO)<\/li>\n\n\n\n<li>BALDASSI (PRO)<\/li>\n\n\n\n<li>BESANA (PRO)<\/li>\n\n\n\n<li>BIANCHETTI (PRO)<\/li>\n\n\n\n<li>BONGIOVANNI (PRO)<\/li>\n\n\n\n<li>BRAMBILLA (PRO)<\/li>\n\n\n\n<li>CAPOZZI (PRO)<\/li>\n\n\n\n<li>DE SENSI (PRO)<\/li>\n\n\n\n<li>FERNANDEZ MOLERO (PRO)<\/li>\n\n\n\n<li>FIGUEROA CASAS (PRO)<\/li>\n\n\n\n<li>FINOCCHIARO (PRO)<\/li>\n\n\n\n<li>GIUDICI (PRO)<\/li>\n\n\n\n<li>GONZALEZ (PRO)<\/li>\n\n\n\n<li>IGLESIAS (PRO)<\/li>\n\n\n\n<li>LASPINA (PRO)<\/li>\n\n\n\n<li>LOMBARDI (PRO)<\/li>\n\n\n\n<li>LOSPENNATO (PRO)<\/li>\n\n\n\n<li>MAQUIEYRA (PRO)<\/li>\n\n\n\n<li>MILMAN (PRO)<\/li>\n\n\n\n<li>NU\u00d1EZ (PRO)<\/li>\n\n\n\n<li>QUIROZ (PRO)<\/li>\n\n\n\n<li>RAZZINI (PRO)<\/li>\n\n\n\n<li>AJMECHET (PRO)<\/li>\n\n\n\n<li>RODRIGUEZ MACHADO (PRO)<\/li>\n\n\n\n<li>ROMERO (PRO)<\/li>\n\n\n\n<li>SANTILLI (PRO)<\/li>\n\n\n\n<li>SOTOLANO (PRO)<\/li>\n\n\n\n<li>STEFANI (PRO)<\/li>\n\n\n\n<li>TORTORIELLO (PRO)<\/li>\n\n\n\n<li>VASQUEZ (PRO)<\/li>\n\n\n\n<li>VIDAL (PRO)<\/li>\n\n\n\n<li>YEZA (PRO)<\/li>\n\n\n\n<li>ALMIRON (LLA)<\/li>\n\n\n\n<li>ANSALONI (LLA)<\/li>\n\n\n\n<li>ARANCIBIA RODRIGUEZ (LLA)<\/li>\n\n\n\n<li>ARAUJO (LLA)<\/li>\n\n\n\n<li>ARRIETA (LLA)<\/li>\n\n\n\n<li>BENEDIT (LLA)<\/li>\n\n\n\n<li>BENEGAS LYNCH (LLA)<\/li>\n\n\n\n<li>BONACCI (LLA)<\/li>\n\n\n\n<li>BORNORONI (LLA)<\/li>\n\n\n\n<li>CORREA LLANO (LLA)<\/li>\n\n\n\n<li>D&#8217;ALESSANDRO (LLA)<\/li>\n\n\n\n<li>DIEZ (LLA)<\/li>\n\n\n\n<li>EMMA (LLA)<\/li>\n\n\n\n<li>FALCONE (LLA)<\/li>\n\n\n\n<li>FERREYRA (LLA)<\/li>\n\n\n\n<li>GARCIA (LLA)<\/li>\n\n\n\n<li>GONZALEZ (LLA)<\/li>\n\n\n\n<li>HUESEN (LLA)<\/li>\n\n\n\n<li>IBA\u00d1EZ (LLA)<\/li>\n\n\n\n<li>LEMOINE (LLA)<\/li>\n\n\n\n<li>LLANO (LLA)<\/li>\n\n\n\n<li>MARQUEZ (LLA)<\/li>\n\n\n\n<li>MAYORAZ (LLA)<\/li>\n\n\n\n<li>MONTENEGRO (LLA)<\/li>\n\n\n\n<li>MORENO OVALLE (LLA)<\/li>\n\n\n\n<li>OROZCO (LLA)<\/li>\n\n\n\n<li>PAGANO (LLA)<\/li>\n\n\n\n<li>PAULI (LLA)<\/li>\n\n\n\n<li>PELUC (LLA)<\/li>\n\n\n\n<li>PONCE (LLA)<\/li>\n\n\n\n<li>QUINTAR (LLA)<\/li>\n\n\n\n<li>SANTILLAN JUAREZ BRAHIM (LLA)<\/li>\n\n\n\n<li>SANTURIO (LLA)<\/li>\n\n\n\n<li>TREFFINGER (LLA)<\/li>\n\n\n\n<li>VILLAVERDE (LLA)<\/li>\n\n\n\n<li>ZAGO (LLA)<\/li>\n\n\n\n<li>ZAPATA (LLA)<\/li>\n\n\n\n<li>MARTINEZ (LUM)<\/li>\n\n\n\n<li>ESPERT (AL)<\/li>\n\n\n\n<li>OMODEO (Creo)<\/li>\n\n\n\n<li>LOPEZ MURPHY (HCF)<\/li>\n\n\n\n<li>PICHETTO (HCF)<\/li>\n\n\n\n<li>FERNANDEZ, A. (Independencia)<\/li>\n\n\n\n<li>FERNANDEZ, E. (Independencia)<\/li>\n\n\n\n<li>MEDINA (Independencia)<\/li>\n\n\n\n<li>BANFI (UCR)<\/li>\n\n\n\n<li>CAMPERO (UCR)<\/li>\n\n\n\n<li>CARRIZO, S. (UCR)<\/li>\n\n\n\n<li>DE LOREDO (UCR)<\/li>\n\n\n\n<li>MONTI (UCR)<\/li>\n\n\n\n<li>NIERI (UCR)<\/li>\n\n\n\n<li>PICAT (UCR)<\/li>\n\n\n\n<li>VALLEJOS (UCR)<\/li>\n\n\n\n<li>VERASAY (UCR).<\/li>\n<\/ul>\n\n\n\n<p><strong>Y \u00abvotaron en contra del pueblo\u00bb:<\/strong><\/p>\n\n\n\n<ul class=\"wp-block-list\">\n<li>&nbsp;MASSOT (HCF)<\/li>\n\n\n\n<li>MORCHIO (HCF)<\/li>\n\n\n\n<li>AGOST CARRE\u00d1O (HCF)<\/li>\n\n\n\n<li>AVILA (HCF)<\/li>\n\n\n\n<li>BORREGO (HCF)<\/li>\n\n\n\n<li>BRUGGE (HCF)<\/li>\n\n\n\n<li>CAMPAGNOLI (HCF)<\/li>\n\n\n\n<li>DE LA SOTA (HCF)<\/li>\n\n\n\n<li>FEIN (HCF)<\/li>\n\n\n\n<li>FERRARO (HCF)<\/li>\n\n\n\n<li>FRADE (HCF)<\/li>\n\n\n\n<li>GARCIA ARESCA (HCF)<\/li>\n\n\n\n<li>GUTIERREZ (HCF)<\/li>\n\n\n\n<li>KLIPAUKA LEWTAK (HCF)<\/li>\n\n\n\n<li>LOPEZ (HCF)<\/li>\n\n\n\n<li>MONZO (HCF)<\/li>\n\n\n\n<li>OLIVETO LAGO (HCF)<\/li>\n\n\n\n<li>PAULON (HCF)<\/li>\n\n\n\n<li>RANDAZZO (HCF)<\/li>\n\n\n\n<li>STOLBIZER (HCF)<\/li>\n\n\n\n<li>TORRES (HCF)<\/li>\n\n\n\n<li>ARRUA (Innovacion)<\/li>\n\n\n\n<li>CALLETTI (Innovacion)<\/li>\n\n\n\n<li>DOMINGO (Innovacion)<\/li>\n\n\n\n<li>FERNANDEZ (Innovacion)<\/li>\n\n\n\n<li>LLANCAFILO (Innovacion)<\/li>\n\n\n\n<li>OUTES (Innovacion)<\/li>\n\n\n\n<li>RUIZ (Innovacion)<\/li>\n\n\n\n<li>VANCSIK (Innovacion)<\/li>\n\n\n\n<li>VEGA (Innovacion)<\/li>\n\n\n\n<li>ACEVEDO (Por Santa Cruz)<\/li>\n\n\n\n<li>GARRIDO (Por Santa Cruz)<\/li>\n\n\n\n<li>MORENO (PyT)<\/li>\n\n\n\n<li>PICON MARTINEZ (PyT)<\/li>\n\n\n\n<li>AGUIRRE (UCR)<\/li>\n\n\n\n<li>POLINI (UCR)<\/li>\n\n\n\n<li>REYES (UCR)<\/li>\n\n\n\n<li>TETAZ (UCR)<\/li>\n\n\n\n<li>COBOS (UCR)<\/li>\n\n\n\n<li>ANTOLA (UCR)<\/li>\n\n\n\n<li>ARJOL (UCR)<\/li>\n\n\n\n<li>BARLETTA (UCR)<\/li>\n\n\n\n<li>BENEDETTI (UCR)<\/li>\n\n\n\n<li>BROUWER DE KONING (UCR)<\/li>\n\n\n\n<li>CARBAJAL (UCR)<\/li>\n\n\n\n<li>CARRIZO, A. (UCR)<\/li>\n\n\n\n<li>CERVI (UCR)<\/li>\n\n\n\n<li>CIPOLINI (UCR)<\/li>\n\n\n\n<li>COLETTA (UCR)<\/li>\n\n\n\n<li>COLI (UCR)<\/li>\n\n\n\n<li>GALIMBERTI (UCR)<\/li>\n\n\n\n<li>GIORGI (UCR)<\/li>\n\n\n\n<li>JULIANO (UCR)<\/li>\n\n\n\n<li>MANES (UCR)<\/li>\n\n\n\n<li>QUETGLAS (UCR)<\/li>\n\n\n\n<li>RIZZOTTI (UCR)<\/li>\n\n\n\n<li>SANCHEZ (UCR)<\/li>\n\n\n\n<li>SARAPURA (UCR)<\/li>\n\n\n\n<li>TAVELA (UCR)<\/li>\n\n\n\n<li>MACYSZYN (Buenos Aires Libre)<\/li>\n\n\n\n<li>PIPARO (Buenos Aires Libre)<\/li>\n<\/ul>\n\n\n\n<h2 class=\"wp-block-heading\">La advertencia de Cobos solo dos d\u00edas antes<\/h2>\n\n\n\n<p>A pesar de que hab\u00eda votado a favor de la ley en general,&nbsp;<strong>Julio Cobos siempre mantuvo sus reparos respecto de algunos art\u00edculos y cap\u00edtulos que estaban incluidos en el dictamen<\/strong>.<\/p>\n\n\n\n<p>De hecho, como cont\u00f3&nbsp;<strong>Diario UNO<\/strong>, desde el bloque radical se hab\u00eda dado la \u00ablibertad de acci\u00f3n\u00bb para la votaci\u00f3n en particular dado que no todos estaban de acuerdo.<\/p>\n\n\n\n<p><strong>\u00abPresidente Javier Milei, el problema (&#8230;) es trabajar mal producto de la improvisaci\u00f3n y el desconocimiento\u00bb (Julio Cobos)<\/strong><\/p>\n\n\n\n<p>El domingo, una publicaci\u00f3n en redes de Javier Milei desat\u00f3 la reacci\u00f3n de Cobos, que un mensaje le dio a entender cu\u00e1les eran las tem\u00e1ticas m\u00e1s complicadas para lograr los votos: \u00ab<strong>Presidente Javier Milei, el problema no es trabajar en enero o en cualquier mes, el problema es hacerlo mal producto de la improvisaci\u00f3n y el desconocimiento<\/strong>. Si este es su logro en el Congreso, av\u00edsenos para no seguir buscando una propuesta a temas complejos como las\u00a0<strong>privatizaciones<\/strong>\u00ab.<\/p>\n\n\n\n<p>Tambi\u00e9n hizo hincapi\u00e9 en las facultades delegadas: \u00abAdem\u00e1s, podemos sesionar perfectamente todo el a\u00f1o&nbsp;<strong>as\u00ed no necesita facultades delegadas<\/strong>\u00ab.<\/p>\n\n\n\n<p>Y le tir\u00f3 un palo respecto de las medidas econ\u00f3micas y el&nbsp;<strong>alza de los precios<\/strong>: \u00abFinalmente lo importante:<strong>&nbsp;los precios no bajan por lo que uno diga en las redes<\/strong>, sino por las decisiones acertadas en materia econ\u00f3mica\u00bb.<\/p>\n","protected":false},"excerpt":{"rendered":"<p>Milei acus\u00f3 a 60 diputados nacionales, luego de que esos legisladores votaran en contra de varios art\u00edculos de la Ley \u00d3mnibus. Desde la Oficina del Presidente agradecieron por otra parte a Nieri, Verasay, Mart\u00ednez y a los tres de la Libertad Avanza. Despu\u00e9s de\u00a0acusar a todos los gobernadores por igual de\u00a0\u00abtraidores\u00bb\u00a0por haber tomado la decisi\u00f3n<a class=\"read-more\" href=\"https:\/\/elfederalmendoza.com.ar\/index.php\/2024\/02\/07\/esta-es-la-lista-de-diputados-que-milei-tildo-de-traidores-y-enemigos-de-una-mejor-argentina\/\"> [&hellip;]<\/a><\/p>\n","protected":false},"author":2,"featured_media":31725,"comment_status":"open","ping_status":"open","sticky":false,"template":"","format":"standard","meta":{"footnotes":""},"categories":[5618],"tags":[],"class_list":["post-31724","post","type-post","status-publish","format-standard","has-post-thumbnail","hentry","category-arg"],"rttpg_featured_image_url":{"full":["https:\/\/elfederalmendoza.com.ar\/wp-content\/uploads\/2024\/02\/milei4.jpg",1293,713,false],"landscape":["https:\/\/elfederalmendoza.com.ar\/wp-content\/uploads\/2024\/02\/milei4.jpg",1293,713,false],"portraits":["https:\/\/elfederalmendoza.com.ar\/wp-content\/uploads\/2024\/02\/milei4.jpg",1293,713,false],"thumbnail":["https:\/\/elfederalmendoza.com.ar\/wp-content\/uploads\/2024\/02\/milei4-150x150.jpg",150,150,true],"medium":["https:\/\/elfederalmendoza.com.ar\/wp-content\/uploads\/2024\/02\/milei4-300x165.jpg",300,165,true],"large":["https:\/\/elfederalmendoza.com.ar\/wp-content\/uploads\/2024\/02\/milei4-1024x565.jpg",640,353,true],"1536x1536":["https:\/\/elfederalmendoza.com.ar\/wp-content\/uploads\/2024\/02\/milei4.jpg",1293,713,false],"2048x2048":["https:\/\/elfederalmendoza.com.ar\/wp-content\/uploads\/2024\/02\/milei4.jpg",1293,713,false],"ultp_layout_landscape_large":["https:\/\/elfederalmendoza.com.ar\/wp-content\/uploads\/2024\/02\/milei4-1200x713.jpg",1200,713,true],"ultp_layout_landscape":["https:\/\/elfederalmendoza.com.ar\/wp-content\/uploads\/2024\/02\/milei4-870x570.jpg",870,570,true],"ultp_layout_portrait":["https:\/\/elfederalmendoza.com.ar\/wp-content\/uploads\/2024\/02\/milei4-600x713.jpg",600,713,true],"ultp_layout_square":["https:\/\/elfederalmendoza.com.ar\/wp-content\/uploads\/2024\/02\/milei4-600x600.jpg",600,600,true],"rpwe-thumbnail":["https:\/\/elfederalmendoza.com.ar\/wp-content\/uploads\/2024\/02\/milei4-45x45.jpg",45,45,true],"advps-thumb-one":["https:\/\/elfederalmendoza.com.ar\/wp-content\/uploads\/2024\/02\/milei4-1200x420.jpg",1200,420,true]},"rttpg_author":{"display_name":"Redacci\u00f3n El Federal","author_link":"https:\/\/elfederalmendoza.com.ar\/index.php\/author\/angelflores\/"},"rttpg_comment":0,"rttpg_category":"<a href=\"https:\/\/elfederalmendoza.com.ar\/index.php\/category\/arg\/\" rel=\"category tag\">Argentina<\/a>","rttpg_excerpt":"Milei acus\u00f3 a 60 diputados nacionales, luego de que esos legisladores votaran en contra de varios art\u00edculos de la Ley \u00d3mnibus. Desde la Oficina del Presidente agradecieron por otra parte a Nieri, Verasay, Mart\u00ednez y a los tres de la Libertad Avanza. Despu\u00e9s de\u00a0acusar a todos los gobernadores por igual de\u00a0\u00abtraidores\u00bb\u00a0por haber tomado la decisi\u00f3n&hellip;","_links":{"self":[{"href":"https:\/\/elfederalmendoza.com.ar\/index.php\/wp-json\/wp\/v2\/posts\/31724","targetHints":{"allow":["GET"]}}],"collection":[{"href":"https:\/\/elfederalmendoza.com.ar\/index.php\/wp-json\/wp\/v2\/posts"}],"about":[{"href":"https:\/\/elfederalmendoza.com.ar\/index.php\/wp-json\/wp\/v2\/types\/post"}],"author":[{"embeddable":true,"href":"https:\/\/elfederalmendoza.com.ar\/index.php\/wp-json\/wp\/v2\/users\/2"}],"replies":[{"embeddable":true,"href":"https:\/\/elfederalmendoza.com.ar\/index.php\/wp-json\/wp\/v2\/comments?post=31724"}],"version-history":[{"count":1,"href":"https:\/\/elfederalmendoza.com.ar\/index.php\/wp-json\/wp\/v2\/posts\/31724\/revisions"}],"predecessor-version":[{"id":31726,"href":"https:\/\/elfederalmendoza.com.ar\/index.php\/wp-json\/wp\/v2\/posts\/31724\/revisions\/31726"}],"wp:featuredmedia":[{"embeddable":true,"href":"https:\/\/elfederalmendoza.com.ar\/index.php\/wp-json\/wp\/v2\/media\/31725"}],"wp:attachment":[{"href":"https:\/\/elfederalmendoza.com.ar\/index.php\/wp-json\/wp\/v2\/media?parent=31724"}],"wp:term":[{"taxonomy":"category","embeddable":true,"href":"https:\/\/elfederalmendoza.com.ar\/index.php\/wp-json\/wp\/v2\/categories?post=31724"},{"taxonomy":"post_tag","embeddable":true,"href":"https:\/\/elfederalmendoza.com.ar\/index.php\/wp-json\/wp\/v2\/tags?post=31724"}],"curies":[{"name":"wp","href":"https:\/\/api.w.org\/{rel}","templated":true}]}}