{"id":31735,"date":"2024-02-07T13:42:42","date_gmt":"2024-02-07T16:42:42","guid":{"rendered":"https:\/\/elfederalmendoza.com\/?p=31735"},"modified":"2024-02-07T13:42:42","modified_gmt":"2024-02-07T16:42:42","slug":"bullrich-larreta-y-otros-sectores-de-lo-que-fue-jxc-ahora-se-unieron-al-kirchnerismo-y-quieren-echar-a-milei","status":"publish","type":"post","link":"https:\/\/elfederalmendoza.com.ar\/index.php\/2024\/02\/07\/bullrich-larreta-y-otros-sectores-de-lo-que-fue-jxc-ahora-se-unieron-al-kirchnerismo-y-quieren-echar-a-milei\/","title":{"rendered":"Bullrich: Larreta y otros sectores de lo que fue JxC ahora \u00abse unieron al kirchnerismo\u00bb y quieren echar a Milei"},"content":{"rendered":"\n<p><strong>Convencida de que la ley \u00f3mnibus \u201cno vuelve m\u00e1s al recinto\u201d despu\u00e9s de haberse ca\u00eddo la sesi\u00f3n, la ministra de Seguridad, Patricia Bullrich, arremeti\u00f3 el martes por la noche contra sus exsocios pol\u00edticos. Mientras que liber\u00f3 de toda cr\u00edtica al bloque Pro en Diputados por votar a favor de la Casa Rosada, la referente de ese partido plegada a los libertarios hizo una dura r\u00e9plica a su excompetidor en la interna, Horacio Rodr\u00edguez Larreta, y tambi\u00e9n asegur\u00f3 que una parte de Juntos por el Cambio -al que entendi\u00f3 en una etapa \u201cpost mortem\u201d- se uni\u00f3 al kirchnerismo. \u201c\u00bfQuieren que haya un cambio de gobierno ya?\u201d, les pregunt\u00f3 incluso.<\/strong><\/p>\n\n\n\n<p>Al antes jefe de Gobierno porte\u00f1o lo apunt\u00f3 por un mensaje que emiti\u00f3 despu\u00e9s de que el tratamiento en la C\u00e1mara baja se suspendiera y la ley \u00f3mnibus volviera a comisi\u00f3n por falta de acuerdos sobre puntos claves de la iniciativa. \u201cViva el consenso, carajo\u201d, areng\u00f3 Rodr\u00edguez Larreta en su cuenta de X (ex Twitter) tras la derrota de la administraci\u00f3n mile\u00edsta, a la vez que los critic\u00f3 por -seg\u00fan su visi\u00f3n- \u201cdespreciar\u201d ese consenso y la gesti\u00f3n.<\/p>\n\n\n\n<p>\u201cEsto que dice Horacio Rodr\u00edguez Larreta&#8230; esto ya perdi\u00f3. Es la tercera vez\u201d, sentenci\u00f3 Bullrich en LN+. \u201cPerdi\u00f3 en las internas, gan\u00f3 el cambio. Perdimos en la elecci\u00f3n por habernos mezclado de nuevo en algo que la gente dec\u00eda: \u2018\u00bfSer\u00e1n cambio o no ser\u00e1n?\u2019. Algo de raz\u00f3n ten\u00eda la gente, porque no todos quer\u00edan el cambio. Y perdi\u00f3 ahora porque \u00bfqu\u00e9 es el consenso? Uno discute dos meses en el Parlamento&#8230; \u00bfPor qu\u00e9 no hubo consenso? Si el Gobierno dice \u2018denme este instrumento\u2019, \u00bfel consenso es \u2018no te lo doy\u2019? \u00bfC\u00f3mo se llega al consenso cuando el Gobierno sac\u00f3 un mont\u00f3n [de art\u00edculos]? Hoy hasta ingenuamente salieron a decir \u2018van a ir a votar todos porque ya est\u00e1 todo arreglado\u2019 y de golpe empezaron a perder votos. Es mentira que no hay consenso, lo que hay es defensa de intereses distintos\u201d, ahond\u00f3.<\/p>\n\n\n\n<p>Pero no fue solo eso. Despu\u00e9s fue contra otros integrantes de lo que supo ser Juntos por el Cambio que decidieron votar contra varios incisos de art\u00edculos importantes como el de facultades delegadas o el de reorganizaci\u00f3n de la administraci\u00f3n p\u00fablica. \u201cA los que fueron de Juntos por el Cambio, que ya estamos hablando post mortem de Juntos por el Cambio, les pregunto:&nbsp;<strong>tantas veces se impidi\u00f3 el cambio en la Argentina, el kirchnerismo pisote\u00f3 a las minor\u00edas, y ahora que se pod\u00eda construir una capacidad de unir voluntades y lograr algo que no era ni todo lo que quer\u00eda el Gobierno ni todo lo que quer\u00edan estos sectores, que acaba de representar Rodr\u00edguez Larreta [con el tuit], se terminan uniendo al kirchnerismo para jorobar al Gobierno\u201d, se quej\u00f3.<\/strong><\/p>\n\n\n\n<p>Puntualiz\u00f3, adem\u00e1s, en que en ese momento que sus exsocios ten\u00edan la posibilidad de ir hacia el cambio se fueron \u201cpara el otro lado totalmente\u201d y se unieron \u201ca su peor enemigo\u201d, en relaci\u00f3n con el sector de Uni\u00f3n por la Patria (UP), que vot\u00f3 en contra de todo el proyecto al igual que la izquierda. \u201cMi pregunta es: \u00bfquieren que haya un recambio de gobierno ya? \u00bfEso es lo que se busca?\u201d, marc\u00f3 y asever\u00f3: \u201cBueno, conmigo se van a encontrar. Yo no me rindo, ni un minuto me rindo\u201d.<\/p>\n","protected":false},"excerpt":{"rendered":"<p>Convencida de que la ley \u00f3mnibus \u201cno vuelve m\u00e1s al recinto\u201d despu\u00e9s de haberse ca\u00eddo la sesi\u00f3n, la ministra de Seguridad, Patricia Bullrich, arremeti\u00f3 el martes por la noche contra sus exsocios pol\u00edticos. Mientras que liber\u00f3 de toda cr\u00edtica al bloque Pro en Diputados por votar a favor de la Casa Rosada, la referente de<a class=\"read-more\" href=\"https:\/\/elfederalmendoza.com.ar\/index.php\/2024\/02\/07\/bullrich-larreta-y-otros-sectores-de-lo-que-fue-jxc-ahora-se-unieron-al-kirchnerismo-y-quieren-echar-a-milei\/\"> [&hellip;]<\/a><\/p>\n","protected":false},"author":2,"featured_media":31502,"comment_status":"open","ping_status":"open","sticky":false,"template":"","format":"standard","meta":{"footnotes":""},"categories":[5618],"tags":[],"class_list":["post-31735","post","type-post","status-publish","format-standard","has-post-thumbnail","hentry","category-arg"],"rttpg_featured_image_url":{"full":["https:\/\/elfederalmendoza.com.ar\/wp-content\/uploads\/2024\/01\/patricia-bullrichjpg.webp",1200,675,false],"landscape":["https:\/\/elfederalmendoza.com.ar\/wp-content\/uploads\/2024\/01\/patricia-bullrichjpg.webp",1200,675,false],"portraits":["https:\/\/elfederalmendoza.com.ar\/wp-content\/uploads\/2024\/01\/patricia-bullrichjpg.webp",1200,675,false],"thumbnail":["https:\/\/elfederalmendoza.com.ar\/wp-content\/uploads\/2024\/01\/patricia-bullrichjpg-150x150.webp",150,150,true],"medium":["https:\/\/elfederalmendoza.com.ar\/wp-content\/uploads\/2024\/01\/patricia-bullrichjpg-300x169.webp",300,169,true],"large":["https:\/\/elfederalmendoza.com.ar\/wp-content\/uploads\/2024\/01\/patricia-bullrichjpg-1024x576.webp",640,360,true],"1536x1536":["https:\/\/elfederalmendoza.com.ar\/wp-content\/uploads\/2024\/01\/patricia-bullrichjpg.webp",1200,675,false],"2048x2048":["https:\/\/elfederalmendoza.com.ar\/wp-content\/uploads\/2024\/01\/patricia-bullrichjpg.webp",1200,675,false],"ultp_layout_landscape_large":["https:\/\/elfederalmendoza.com.ar\/wp-content\/uploads\/2024\/01\/patricia-bullrichjpg.webp",1200,675,false],"ultp_layout_landscape":["https:\/\/elfederalmendoza.com.ar\/wp-content\/uploads\/2024\/01\/patricia-bullrichjpg-870x570.webp",870,570,true],"ultp_layout_portrait":["https:\/\/elfederalmendoza.com.ar\/wp-content\/uploads\/2024\/01\/patricia-bullrichjpg-600x675.webp",600,675,true],"ultp_layout_square":["https:\/\/elfederalmendoza.com.ar\/wp-content\/uploads\/2024\/01\/patricia-bullrichjpg-600x600.webp",600,600,true],"rpwe-thumbnail":["https:\/\/elfederalmendoza.com.ar\/wp-content\/uploads\/2024\/01\/patricia-bullrichjpg-45x45.webp",45,45,true],"advps-thumb-one":["https:\/\/elfederalmendoza.com.ar\/wp-content\/uploads\/2024\/01\/patricia-bullrichjpg-1200x420.webp",1200,420,true]},"rttpg_author":{"display_name":"Redacci\u00f3n El Federal","author_link":"https:\/\/elfederalmendoza.com.ar\/index.php\/author\/angelflores\/"},"rttpg_comment":0,"rttpg_category":"<a href=\"https:\/\/elfederalmendoza.com.ar\/index.php\/category\/arg\/\" rel=\"category tag\">Argentina<\/a>","rttpg_excerpt":"Convencida de que la ley \u00f3mnibus \u201cno vuelve m\u00e1s al recinto\u201d despu\u00e9s de haberse ca\u00eddo la sesi\u00f3n, la ministra de Seguridad, Patricia Bullrich, arremeti\u00f3 el martes por la noche contra sus exsocios pol\u00edticos. Mientras que liber\u00f3 de toda cr\u00edtica al bloque Pro en Diputados por votar a favor de la Casa Rosada, la referente de&hellip;","_links":{"self":[{"href":"https:\/\/elfederalmendoza.com.ar\/index.php\/wp-json\/wp\/v2\/posts\/31735","targetHints":{"allow":["GET"]}}],"collection":[{"href":"https:\/\/elfederalmendoza.com.ar\/index.php\/wp-json\/wp\/v2\/posts"}],"about":[{"href":"https:\/\/elfederalmendoza.com.ar\/index.php\/wp-json\/wp\/v2\/types\/post"}],"author":[{"embeddable":true,"href":"https:\/\/elfederalmendoza.com.ar\/index.php\/wp-json\/wp\/v2\/users\/2"}],"replies":[{"embeddable":true,"href":"https:\/\/elfederalmendoza.com.ar\/index.php\/wp-json\/wp\/v2\/comments?post=31735"}],"version-history":[{"count":1,"href":"https:\/\/elfederalmendoza.com.ar\/index.php\/wp-json\/wp\/v2\/posts\/31735\/revisions"}],"predecessor-version":[{"id":31740,"href":"https:\/\/elfederalmendoza.com.ar\/index.php\/wp-json\/wp\/v2\/posts\/31735\/revisions\/31740"}],"wp:featuredmedia":[{"embeddable":true,"href":"https:\/\/elfederalmendoza.com.ar\/index.php\/wp-json\/wp\/v2\/media\/31502"}],"wp:attachment":[{"href":"https:\/\/elfederalmendoza.com.ar\/index.php\/wp-json\/wp\/v2\/media?parent=31735"}],"wp:term":[{"taxonomy":"category","embeddable":true,"href":"https:\/\/elfederalmendoza.com.ar\/index.php\/wp-json\/wp\/v2\/categories?post=31735"},{"taxonomy":"post_tag","embeddable":true,"href":"https:\/\/elfederalmendoza.com.ar\/index.php\/wp-json\/wp\/v2\/tags?post=31735"}],"curies":[{"name":"wp","href":"https:\/\/api.w.org\/{rel}","templated":true}]}}