{"id":31819,"date":"2024-02-10T11:51:36","date_gmt":"2024-02-10T14:51:36","guid":{"rendered":"https:\/\/elfederalmendoza.com\/?p=31819"},"modified":"2024-02-10T11:51:37","modified_gmt":"2024-02-10T14:51:37","slug":"javier-milei-volvio-a-criticar-a-los-politicos-corruptos-y-advirtio-que-profundizara-el-ajuste-a-las-provincias","status":"publish","type":"post","link":"https:\/\/elfederalmendoza.com.ar\/index.php\/2024\/02\/10\/javier-milei-volvio-a-criticar-a-los-politicos-corruptos-y-advirtio-que-profundizara-el-ajuste-a-las-provincias\/","title":{"rendered":"Javier Milei volvi\u00f3 a criticar a los pol\u00edticos \u201ccorruptos\u201d y advirti\u00f3 que profundizar\u00e1 el ajuste a las provincias"},"content":{"rendered":"\n<p>El Presidente volvi\u00f3 a apuntar contra los gobernadores y, tras la quita de los subsidios al transporte, adelant\u00f3 m\u00e1s recortes. Dijo que con el retiro de la Ley \u00d3mnibus dej\u00f3 \u201cen evidencia qui\u00e9nes son la mugre de la pol\u00edtica\u201d.<\/p>\n\n\n\n<p>Desde Roma, donde tiene previsto participar de\u00a0<strong>la canonizaci\u00f3n de Mama Antula<\/strong>\u00a0y mantener una audiencia privada con el papa Francisco, el presidente<strong>\u00a0Javier Milei\u00a0<\/strong>volvi\u00f3 a atacar con dureza a diputados y gobernadores tras la ca\u00edda de la Ley \u00d3mnibus, advirti\u00f3 por m\u00e1s recortes a las provincias y asegur\u00f3 que no va a negociar su plan econ\u00f3mico.<\/p>\n\n\n\n<p>El mandatario dijo adem\u00e1s que lo que ocurri\u00f3 con el debate de la\u00a0Ley \u00d3mnibus\u00a0fue \u201cmaravilloso\u201d porque, al ordenar que se retire el proyecto de la discusi\u00f3n en el recinto, dej\u00f3\u00a0<strong>\u201cen evidencia qui\u00e9nes son la mugre de la pol\u00edtica\u201d<\/strong>.<\/p>\n\n\n\n<p>\u201cObviamente, cuantas menos herramientas tenga, m\u00e1s tengo que profundizar el ajuste del gasto p\u00fablico\u201d, respondi\u00f3 cuando el periodista Marcelo Bonelli le pregunt\u00f3 en radio&nbsp;<em>Mitre&nbsp;<\/em>si habr\u00e1 m\u00e1s recortes en los fondos que el Gobierno nacional env\u00eda a las provincias. \u201c\u00bfAcaso no lo puedo hacer? \u00bfAcaso las provincias no tienen sus propios recursos?&nbsp;<strong>Yo no voy a negociar de ninguna manera mi programa econ\u00f3mico<\/strong>, no voy a negociar bajo ning\u00fan punto de vista la meta del d\u00e9ficit cero, no voy a negociar de ninguna manera el saneamiento del Banco Central. La econom\u00eda va a salir adelante. Voy a exterminar la inflaci\u00f3n, voy a terminar con la inseguridad y, en el medio, voy dejando en evidencia qui\u00e9nes son los pol\u00edticos corruptos\u201d, a\u00f1adi\u00f3.<\/p>\n\n\n\n<p><a href=\"https:\/\/www.infobae.com\/politica\/2024\/02\/10\/javier-milei-define-en-soledad-una-profunda-reforma-del-gobierno-que-iniciara-cuando-regrese-de-roma\/\" target=\"_blank\" rel=\"noreferrer noopener\"><\/a><\/p>\n\n\n\n<figure class=\"wp-block-image\"><a href=\"https:\/\/www.infobae.com\/politica\/2024\/02\/10\/javier-milei-define-en-soledad-una-profunda-reforma-del-gobierno-que-iniciara-cuando-regrese-de-roma\/\" target=\"_blank\" rel=\"noreferrer noopener\"><img decoding=\"async\" src=\"https:\/\/www.infobae.com\/new-resizer\/phXjX0A1MNXagrjOPWy7B5xE7S8=\/1200x900\/filters:format(webp):quality(85)\/cloudfront-us-east-1.images.arcpublishing.com\/infobae\/Z3OXAEIN25BQXBSJVPK53IBIFA.PNG\" alt=\"Javier Milei define en soledad una profunda reforma del Gobierno que iniciar\u00e1 cuando regrese de Roma\"\/><\/a><\/figure>\n\n\n\n<p>Al ser consultado por la ca\u00edda de la sesi\u00f3n en la C\u00e1mara baja, en la cual se debat\u00eda la Ley \u00d3mnibus, el mandatario nacional volvi\u00f3 a ser muy duro con los legisladores que votaron en contra del proyecto. \u201cLos diputados que han traicionado las ideas de la libertad y que&nbsp;<strong>han enga\u00f1ado al electorado&nbsp;<\/strong>diciendo que ven\u00edan por el cambio demostraron que estaban dispuestos a desguazar la ley con tal de no tocar sus privilegios de casta. Lo que ha pasado es muy interesante porque&nbsp;<strong>demostr\u00f3 qui\u00e9nes son los que est\u00e1n del lado del cambio y qui\u00e9nes son los estafadores y est\u00e1n en pol\u00edtica no para servirle a la gente sino para hacer negocios<\/strong>. Eso es muy positivo, como principio de revelaci\u00f3n es fabuloso lo que ha pasado\u201d, reflexion\u00f3 en declaraciones radiales.<\/p>\n\n\n\n<p><img loading=\"lazy\" decoding=\"async\" height=\"1667\" width=\"2500\" srcset=\"https:\/\/www.infobae.com\/new-resizer\/CzMqek-ifx7CD7HJ7jmn_aqTJqo=\/420x280\/filters:format(webp):quality(85)\/cloudfront-us-east-1.images.arcpublishing.com\/infobae\/6TD3CGY7RFFMXBLDFYRHAT2SS4.jpg 420w,https:\/\/www.infobae.com\/new-resizer\/9UFD12HYEOWSsSZ473E0xxpTMUg=\/768x512\/filters:format(webp):quality(85)\/cloudfront-us-east-1.images.arcpublishing.com\/infobae\/6TD3CGY7RFFMXBLDFYRHAT2SS4.jpg 768w,https:\/\/www.infobae.com\/new-resizer\/QKNd8ZOEiBNvwQpQlghE60Glmiw=\/1200x800\/filters:format(webp):quality(85)\/cloudfront-us-east-1.images.arcpublishing.com\/infobae\/6TD3CGY7RFFMXBLDFYRHAT2SS4.jpg 1200w,https:\/\/www.infobae.com\/new-resizer\/KCkNrMtPO0TH9topVjCMgQge_PU=\/1440x960\/filters:format(webp):quality(85)\/cloudfront-us-east-1.images.arcpublishing.com\/infobae\/6TD3CGY7RFFMXBLDFYRHAT2SS4.jpg 1440w\" src=\"https:\/\/www.infobae.com\/new-resizer\/CzMqek-ifx7CD7HJ7jmn_aqTJqo=\/420x280\/filters:format(webp):quality(85)\/cloudfront-us-east-1.images.arcpublishing.com\/infobae\/6TD3CGY7RFFMXBLDFYRHAT2SS4.jpg%20420w\" alt=\"El debate de la Ley \u00d3mnibus se cay\u00f3 durante la sesi\u00f3n del pasado 6 de febrero. (Maxmiliano Luna(\">El debate de la Ley \u00d3mnibus se cay\u00f3 durante la sesi\u00f3n del pasado 6 de febrero. <\/p>\n\n\n\n<p>Y en la misma l\u00ednea, a\u00f1adi\u00f3:\u00a0<strong>\u201cLos que hablan de consenso son unos corruptos.<\/strong>\u00a0Viva el consenso es viva la corrupci\u00f3n, viva el toma y daca, viva la entrega de cargos a cambio de plata. Esto no deber\u00eda sorprendernos. Ya en alg\u00fan momento, alg\u00fan diputado del radicalismo me amenaz\u00f3 con que si quer\u00eda sacar las leyes ten\u00eda que entregar cargos y favores a la pol\u00edtica. Nosotros no estamos dispuestos a hacer pol\u00edtica de esa manera mugrosa, de esa manera perversa, donde se hacen negocios\u201d.<a href=\"https:\/\/www.infobae.com\/politica\/2024\/02\/10\/milei-tensa-al-maximo-la-politica-se-cierra-en-su-circulo-y-por-eso-mismo-necesita-mostrar-que-tiene-plan-b\/\" target=\"_blank\" rel=\"noreferrer noopener\"><\/a><\/p>\n\n\n\n<p>Te puede interesar:<strong>Milei tensa al m\u00e1ximo la pol\u00edtica, se cierra en su c\u00edrculo y por eso mismo necesita mostrar que tiene Plan B<\/strong><\/p>\n\n\n\n<p>Con evidente molestia por el traspi\u00e9 sufrido en el Palacio Legislativo, el presidente Milei destac\u00f3 que el inconveniente central con la oposici\u00f3n comenz\u00f3 \u201c<strong>cuando se empez\u00f3 a tratar el tema de los fideicomisos, que son cajas donde roba la pol\u00edtica\u201d.<\/strong><\/p>\n\n\n\n<p>\u201cHay que explic\u00e1rselo a la gente. Esto estall\u00f3 cuando empezaron a tocar la caja de donde roba la pol\u00edtica, entonces muchos diputados dejaron los dedos marcados.&nbsp;<strong>Es maravillosos lo que pas\u00f3, por eso di la orden de bajar la ley, porque dej\u00e9 en evidencia qui\u00e9nes son la casta, los corruptos, la mugre de la pol\u00edtica, qui\u00e9nes son los que arruionan la vida de los argentinos<\/strong>\u201d, sentenci\u00f3 en otro tramo de la entrevista.<\/p>\n\n\n\n<p>En cuanto a la quita de subsidios a las empresas de transporte en el interior,\u00a0fuertemente rechazada por los gobernadores, Milei explic\u00f3 que esta medida busca \u201c<strong>dejar en claro el despilfarro y la corrupci\u00f3n que hay en las distintas provincias\u201d.<\/strong><\/p>\n\n\n\n<p>\u201cEl gobernador de C\u00f3rdoba (Mart\u00edn Llaryora) llorando por 20 mil millones de pesos por los subsidios y sucede que paga en pauta oficial 27 mil millones de pesos.&nbsp;<strong>Que deje de arreglar con los medios para que hablen bien de \u00e9l y no lo critiquen.&nbsp;<\/strong>Lo mismo le pasa el gobernador de Santa Fe (Maximiliano Pullaro). Lo que vamos a hacer es mostrar qui\u00e9nes votan en contra de la gente y dejar en claro el despilfarro y la corrupci\u00f3n que hay en las distintas provincias. Vinimos a cambiar de cuajo este pa\u00eds corrupto\u201d, asegur\u00f3.<\/p>\n\n\n\n<p>Firme en su postura, el Jefe de Estado continu\u00f3: \u201cNosotros hemos avisado que, dado los desmadres que estaban llevando a cabo, dimos una primera se\u00f1al de que estaban actuando mal cuando quitamos el cap\u00edtulo cuatro. Nosotros cre\u00edamos que lleg\u00e1bamos al equilibrio primario en enero y al equilibrio financiero en marzo. Lo logramos en enero.&nbsp;<strong>Hemos avisado que si no nos daban las herramientas, \u00edbamos a recrudecer los ajustes y que esos ajustes iban a caer sobre las provincias.&nbsp;<\/strong>Nosotros les hemos bajado las transferencias un 98%. La gente quer\u00eda que hici\u00e9ramos el ajuste y que el ajuste lo haga la pol\u00edtica. Que ahora los gobernadores hagan el ajuste, que es lo que tienen que hacer. Yo tengo que afrontar un ajuste de 15 puntos del PBI y ellos, todos juntos, no pueden afrontar un ajuste de 1,5 puntos.&nbsp;<strong>Que dejen de gastar de manera espuria<\/strong>, que dejen de contratar tanta pauta oficial para que los medios y los periodistas corruptos hablen bien de ellos, que dejen de gastar en recitales para contratar periodistas que despu\u00e9s hablen bien de ellos\u201d.<\/p>\n\n\n\n<p>A pesar de que su proyecto ahora volvi\u00f3 a comisiones, el presidente Milei se mostr\u00f3 optimista sobre el futuro pol\u00edtico del pa\u00eds, al considerar que el sistema electoral se encargar\u00e1 de ir \u201cdepurando\u201d el Congreso, raz\u00f3n por la cual vaticin\u00f3 que para 2025 habr\u00e1 un recinto \u201cmucho m\u00e1s comprometido con las ideas de la libertad\u201d.<\/p>\n\n\n\n<h2 class=\"wp-block-heading\">Dolarizaci\u00f3n y la relaci\u00f3n con Mauricio Macri<\/h2>\n\n\n\n<p>Durante otro tramo de la entrevista, Milei fue consultado por uno de sus principales pilares de campa\u00f1a:&nbsp;<strong>la dolarizaci\u00f3n.<\/strong>&nbsp;El mandatario nacional sostuvo que se est\u00e1<strong>&nbsp;\u201cmuy cerca\u201d<\/strong>&nbsp;de concretar dicho proceso. \u201cTenemos cerca de 7 mil millones de d\u00f3lares de reserva, estamos a 500 millones, o sea nada, y la base monetaria son 8 mil millones\u201d, explic\u00f3 con optimismo.<\/p>\n\n\n\n<p>No obstante, aclar\u00f3: \u201cPero antes hay que hacer reformas dentro del sistema financiero para que sea apto para un sistema dolarizado\u201d.<\/p>\n\n\n\n<p>Al referirse a la relaci\u00f3n que mantiene con el ex presidente Mauricio Macri y\u00a0la posibilidad de una fusi\u00f3n con el PRO, \u00e9l prefiri\u00f3 hablar de\u00a0<strong>\u201cun ordenamiento pol\u00edtico\u201d<\/strong>\u00a0con ese espacio.<\/p>\n\n\n\n<p><img loading=\"lazy\" decoding=\"async\" alt=\"El presidente Javier Milei junto al ex mandatario Mauricio Macri, la ministra de Seguridad Patricia Bullrich y el ministro de Defensa, Luis Petri. \" height=\"1474\" width=\"1920\" src=\"https:\/\/www.infobae.com\/new-resizer\/zTlHM9Pw5i4zTxNfD5lFGuYu788=\/420x315\/filters:format(webp):quality(85)\/cloudfront-us-east-1.images.arcpublishing.com\/infobae\/W6JK5GHEOZCYJLCNFDWL2HK2ZU.jpg%20420w\" srcset=\"https:\/\/www.infobae.com\/new-resizer\/zTlHM9Pw5i4zTxNfD5lFGuYu788=\/420x315\/filters:format(webp):quality(85)\/cloudfront-us-east-1.images.arcpublishing.com\/infobae\/W6JK5GHEOZCYJLCNFDWL2HK2ZU.jpg 420w,https:\/\/www.infobae.com\/new-resizer\/Wpp41KNbePuWN9oeBkDuJXNCrRI=\/768x576\/filters:format(webp):quality(85)\/cloudfront-us-east-1.images.arcpublishing.com\/infobae\/W6JK5GHEOZCYJLCNFDWL2HK2ZU.jpg 768w,https:\/\/www.infobae.com\/new-resizer\/xuyXRGHAKm1kcPptQp7fz_LBhDw=\/1200x900\/filters:format(webp):quality(85)\/cloudfront-us-east-1.images.arcpublishing.com\/infobae\/W6JK5GHEOZCYJLCNFDWL2HK2ZU.jpg 1200w,https:\/\/www.infobae.com\/new-resizer\/BiPpnz1QloC6A8-duKM05iEtqYA=\/1440x1080\/filters:format(webp):quality(85)\/cloudfront-us-east-1.images.arcpublishing.com\/infobae\/W6JK5GHEOZCYJLCNFDWL2HK2ZU.jpg 1440w\">El presidente Javier Milei junto al ex mandatario Mauricio Macri, la ministra de Seguridad Patricia Bullrich y el ministro de Defensa, Luis Petri.<\/p>\n\n\n\n<p>\u201cSiempre habl\u00e9 de un ordenamiento pol\u00edtico, si no la ven, no la ven.<strong>&nbsp;Yo tengo un di\u00e1logo fluido con el presidente Macri, nos llevamos muy bien,&nbsp;<\/strong>y adem\u00e1s estoy infinitamente orgulloso y plenamente satisfecho de Patricia Bullrich y Luis Petri (sus ministros de Seguridad y Defensa, respectivamente-.\u201d<\/p>\n","protected":false},"excerpt":{"rendered":"<p>El Presidente volvi\u00f3 a apuntar contra los gobernadores y, tras la quita de los subsidios al transporte, adelant\u00f3 m\u00e1s recortes. Dijo que con el retiro de la Ley \u00d3mnibus dej\u00f3 \u201cen evidencia qui\u00e9nes son la mugre de la pol\u00edtica\u201d. Desde Roma, donde tiene previsto participar de\u00a0la canonizaci\u00f3n de Mama Antula\u00a0y mantener una audiencia privada con<a class=\"read-more\" href=\"https:\/\/elfederalmendoza.com.ar\/index.php\/2024\/02\/10\/javier-milei-volvio-a-criticar-a-los-politicos-corruptos-y-advirtio-que-profundizara-el-ajuste-a-las-provincias\/\"> [&hellip;]<\/a><\/p>\n","protected":false},"author":2,"featured_media":31382,"comment_status":"open","ping_status":"open","sticky":false,"template":"","format":"standard","meta":{"footnotes":""},"categories":[5618],"tags":[],"class_list":["post-31819","post","type-post","status-publish","format-standard","has-post-thumbnail","hentry","category-arg"],"rttpg_featured_image_url":{"full":["https:\/\/elfederalmendoza.com.ar\/wp-content\/uploads\/2024\/01\/milei-artistas.jpg",1427,795,false],"landscape":["https:\/\/elfederalmendoza.com.ar\/wp-content\/uploads\/2024\/01\/milei-artistas.jpg",1427,795,false],"portraits":["https:\/\/elfederalmendoza.com.ar\/wp-content\/uploads\/2024\/01\/milei-artistas.jpg",1427,795,false],"thumbnail":["https:\/\/elfederalmendoza.com.ar\/wp-content\/uploads\/2024\/01\/milei-artistas-150x150.jpg",150,150,true],"medium":["https:\/\/elfederalmendoza.com.ar\/wp-content\/uploads\/2024\/01\/milei-artistas-300x167.jpg",300,167,true],"large":["https:\/\/elfederalmendoza.com.ar\/wp-content\/uploads\/2024\/01\/milei-artistas-1024x570.jpg",640,356,true],"1536x1536":["https:\/\/elfederalmendoza.com.ar\/wp-content\/uploads\/2024\/01\/milei-artistas.jpg",1427,795,false],"2048x2048":["https:\/\/elfederalmendoza.com.ar\/wp-content\/uploads\/2024\/01\/milei-artistas.jpg",1427,795,false],"ultp_layout_landscape_large":["https:\/\/elfederalmendoza.com.ar\/wp-content\/uploads\/2024\/01\/milei-artistas-1200x795.jpg",1200,795,true],"ultp_layout_landscape":["https:\/\/elfederalmendoza.com.ar\/wp-content\/uploads\/2024\/01\/milei-artistas-870x570.jpg",870,570,true],"ultp_layout_portrait":["https:\/\/elfederalmendoza.com.ar\/wp-content\/uploads\/2024\/01\/milei-artistas-600x795.jpg",600,795,true],"ultp_layout_square":["https:\/\/elfederalmendoza.com.ar\/wp-content\/uploads\/2024\/01\/milei-artistas-600x600.jpg",600,600,true],"rpwe-thumbnail":["https:\/\/elfederalmendoza.com.ar\/wp-content\/uploads\/2024\/01\/milei-artistas-45x45.jpg",45,45,true],"advps-thumb-one":["https:\/\/elfederalmendoza.com.ar\/wp-content\/uploads\/2024\/01\/milei-artistas-1200x420.jpg",1200,420,true]},"rttpg_author":{"display_name":"Redacci\u00f3n El Federal","author_link":"https:\/\/elfederalmendoza.com.ar\/index.php\/author\/angelflores\/"},"rttpg_comment":0,"rttpg_category":"<a href=\"https:\/\/elfederalmendoza.com.ar\/index.php\/category\/arg\/\" rel=\"category tag\">Argentina<\/a>","rttpg_excerpt":"El Presidente volvi\u00f3 a apuntar contra los gobernadores y, tras la quita de los subsidios al transporte, adelant\u00f3 m\u00e1s recortes. Dijo que con el retiro de la Ley \u00d3mnibus dej\u00f3 \u201cen evidencia qui\u00e9nes son la mugre de la pol\u00edtica\u201d. Desde Roma, donde tiene previsto participar de\u00a0la canonizaci\u00f3n de Mama Antula\u00a0y mantener una audiencia privada con&hellip;","_links":{"self":[{"href":"https:\/\/elfederalmendoza.com.ar\/index.php\/wp-json\/wp\/v2\/posts\/31819","targetHints":{"allow":["GET"]}}],"collection":[{"href":"https:\/\/elfederalmendoza.com.ar\/index.php\/wp-json\/wp\/v2\/posts"}],"about":[{"href":"https:\/\/elfederalmendoza.com.ar\/index.php\/wp-json\/wp\/v2\/types\/post"}],"author":[{"embeddable":true,"href":"https:\/\/elfederalmendoza.com.ar\/index.php\/wp-json\/wp\/v2\/users\/2"}],"replies":[{"embeddable":true,"href":"https:\/\/elfederalmendoza.com.ar\/index.php\/wp-json\/wp\/v2\/comments?post=31819"}],"version-history":[{"count":1,"href":"https:\/\/elfederalmendoza.com.ar\/index.php\/wp-json\/wp\/v2\/posts\/31819\/revisions"}],"predecessor-version":[{"id":31821,"href":"https:\/\/elfederalmendoza.com.ar\/index.php\/wp-json\/wp\/v2\/posts\/31819\/revisions\/31821"}],"wp:featuredmedia":[{"embeddable":true,"href":"https:\/\/elfederalmendoza.com.ar\/index.php\/wp-json\/wp\/v2\/media\/31382"}],"wp:attachment":[{"href":"https:\/\/elfederalmendoza.com.ar\/index.php\/wp-json\/wp\/v2\/media?parent=31819"}],"wp:term":[{"taxonomy":"category","embeddable":true,"href":"https:\/\/elfederalmendoza.com.ar\/index.php\/wp-json\/wp\/v2\/categories?post=31819"},{"taxonomy":"post_tag","embeddable":true,"href":"https:\/\/elfederalmendoza.com.ar\/index.php\/wp-json\/wp\/v2\/tags?post=31819"}],"curies":[{"name":"wp","href":"https:\/\/api.w.org\/{rel}","templated":true}]}}