{"id":31844,"date":"2024-02-11T09:47:55","date_gmt":"2024-02-11T12:47:55","guid":{"rendered":"https:\/\/elfederalmendoza.com\/?p=31844"},"modified":"2024-02-11T09:47:57","modified_gmt":"2024-02-11T12:47:57","slug":"fotos-y-video-el-primer-encuentro-publico-entre-milei-y-el-papa-francisco-con-un-saludo-inusual-y-un-abrazo-fuera-de-protocolo","status":"publish","type":"post","link":"https:\/\/elfederalmendoza.com.ar\/index.php\/2024\/02\/11\/fotos-y-video-el-primer-encuentro-publico-entre-milei-y-el-papa-francisco-con-un-saludo-inusual-y-un-abrazo-fuera-de-protocolo\/","title":{"rendered":"-FOTOS Y VIDEO- El primer encuentro p\u00fablico entre Milei y el Papa Francisco con un saludo inusual y un abrazo fuera de protocolo"},"content":{"rendered":"\n<p><strong>Javier Milei y Francisco se encontraron en la ceremonia de\u00a0canonizaci\u00f3n de \u201cMama Antula\u201d,<\/strong>\u00a0que tuvo como escenario la Bas\u00edlica de San Pedro. Luego de un breve contacto en la previa del acto, el primer saludo formal y p\u00fablico ocurri\u00f3 una vez finalizado el evento, cuando\u00a0<strong>el Sumo Pont\u00edfice se acerc\u00f3 hasta el presidente argentino<\/strong>, intercambiaron unas palabras y se fundieron en un abrazo, un gesto que sorprendi\u00f3 al mandatario.<\/p>\n\n\n\n<p>Ma\u00f1ana ser\u00e1 momento de la audiencia oficial entre ambos en el Palacio Apost\u00f3lico.<\/p>\n\n\n\n<p>Milei y Francisco se enfrentaron durante la campa\u00f1a electoral y estas reuniones funcionar\u00edan como un punto de inflexi\u00f3n tras el pedido de disculpas del jefe de Estado y la invitaci\u00f3n a la audiencia realizada por el Santo Padre.<\/p>\n\n\n\n<p>Milei lleg\u00f3 al Vaticano acompa\u00f1ado por la canciller&nbsp;<strong>Diana Mondino<\/strong>, la ministra de Capital Humano,&nbsp;<strong>Sandra Pettovello,<\/strong>&nbsp;el ministro del Interior,&nbsp;<strong>Guillermo Francos,<\/strong>&nbsp;y la secretaria general de la Presidencia,<strong>&nbsp;Karina Milei<\/strong>, vestida seg\u00fan marca del protocolo. Junto a la comitiva oficial se sumar\u00e1&nbsp;<strong>una delegaci\u00f3n de empresarios argentinos<\/strong>&nbsp;encabezada por Daniel Funes de Rioja, titular de la UIA.<\/p>\n\n\n\n<p><img loading=\"lazy\" decoding=\"async\" alt=\"Milei y la comitiva de funcionarios argentinos junto al Papa Francisco (REUTERS\/Remo Casilli)\" height=\"3485\" width=\"4993\" src=\"https:\/\/www.infobae.com\/new-resizer\/BIDf4Zz2NGhhxDYGaKDXLhv2i1g=\/420x280\/filters:format(webp):quality(85)\/cloudfront-us-east-1.images.arcpublishing.com\/infobae\/WCLOXON5AN4SRQZY2DRJPVF4OM.jpg%20420w\" srcset=\"https:\/\/www.infobae.com\/new-resizer\/BIDf4Zz2NGhhxDYGaKDXLhv2i1g=\/420x280\/filters:format(webp):quality(85)\/cloudfront-us-east-1.images.arcpublishing.com\/infobae\/WCLOXON5AN4SRQZY2DRJPVF4OM.jpg 420w,https:\/\/www.infobae.com\/new-resizer\/6MiVbGcDZptlb_JteTnfwGE0RGg=\/768x512\/filters:format(webp):quality(85)\/cloudfront-us-east-1.images.arcpublishing.com\/infobae\/WCLOXON5AN4SRQZY2DRJPVF4OM.jpg 768w,https:\/\/www.infobae.com\/new-resizer\/8tZ0AtVzO9dvS6N_1uDQqcSpShU=\/1200x800\/filters:format(webp):quality(85)\/cloudfront-us-east-1.images.arcpublishing.com\/infobae\/WCLOXON5AN4SRQZY2DRJPVF4OM.jpg 1200w,https:\/\/www.infobae.com\/new-resizer\/Y6HnUJBF2sewO4NjJEIri_Eo_zI=\/1440x960\/filters:format(webp):quality(85)\/cloudfront-us-east-1.images.arcpublishing.com\/infobae\/WCLOXON5AN4SRQZY2DRJPVF4OM.jpg 1440w\">Milei y la comitiva de funcionarios argentinos junto al Papa Francisco (REUTERS\/Remo Casilli)<\/p>\n\n\n\n<p>En cuanto ingres\u00f3 al lugar de la ceremonia, Milei remarc\u00f3 a&nbsp;<strong>Infobae&nbsp;<\/strong>que el encuentro con el Papa Francisco representa \u201c<strong>un momento importante para la historia argentina<\/strong>\u201d.<\/p>\n\n\n\n<figure class=\"wp-block-video\"><video controls src=\"https:\/\/elfederalmendoza.com\/wp-content\/uploads\/2024\/02\/X2Twitter.com_GGDQfE5W4AA0T-b900p.mp4\"><\/video><\/figure>\n\n\n\n<p><a href=\"https:\/\/www.infobae.com\/politica\/2024\/02\/11\/la-secreta-rebelion-en-el-pro-a-la-fusion-con-los-libertarios-de-milei-y-el-temor-a-una-inevitable-disolucion\/\" target=\"_blank\" rel=\"noreferrer noopener\"><\/a><\/p>\n\n\n\n<p>Adem\u00e1s del Presidente, el Sumo Pont\u00edfice tambi\u00e9n salud\u00f3 a KarinaMilei, a la canciller Diana Mondino, y a Guillermo Francos, a quien Jorge Bergoglio tuvo como alumno.<\/p>\n\n\n\n<p>Minutos antes de la ceremonia de canonizaci\u00f3n, Milei mantuvo un encuentro reservado, y por fuera del protocolo oficial, donde se salud\u00f3 con Francisco. El mismo se produjo antes de las 9 de la ma\u00f1ana (5 horas en Argentina). Luego, el mandatario aprovech\u00f3 el tiempo de espera para hacerse selfies y dialogar con los argentinos que se encontraban en la primera fila de la Santa Sede.<\/p>\n\n\n\n<p>Al iniciar el ritual eucar\u00edstico, el Presidente estuvo sentado en la primera fila y a un costado del Papa Francisco. Como parte del protocolo, Francisco afirm\u00f3: \u201cDeclaramos y definimos santa la beata Mar\u00eda Antonia de Paz y Figueroa y la inscribimos en el cat\u00e1logo de los santos\u201d.<\/p>\n\n\n\n<figure class=\"wp-block-image size-full\"><img loading=\"lazy\" decoding=\"async\" width=\"835\" height=\"552\" src=\"https:\/\/elfederalmendoza.com\/wp-content\/uploads\/2024\/02\/abrazo1.jpg\" alt=\"\" class=\"wp-image-31848\" srcset=\"https:\/\/elfederalmendoza.com.ar\/wp-content\/uploads\/2024\/02\/abrazo1.jpg 835w, https:\/\/elfederalmendoza.com.ar\/wp-content\/uploads\/2024\/02\/abrazo1-300x198.jpg 300w, https:\/\/elfederalmendoza.com.ar\/wp-content\/uploads\/2024\/02\/abrazo1-768x508.jpg 768w\" sizes=\"auto, (max-width: 835px) 100vw, 835px\" \/><\/figure>\n\n\n\n<p>Al margen de la ceremonia de canonizaci\u00f3n de \u201cMama Antula\u201d, conocida en su tiempo como Mar\u00eda Antonia de San Jos\u00e9 de Paz y Figueroa, la clave pol\u00edtica en la Bas\u00edlica de San Pedro estuvo centrada en el primer contacto oficial entre Milei y Francisco. El jefe de Estado y el Papa se cruzaron en la campa\u00f1a electoral y despu\u00e9s -cada uno a su estilo-&nbsp;<strong>abri\u00f3 un sendero para desembocar en una tregua institucional.<\/strong><\/p>\n\n\n\n<p><img loading=\"lazy\" decoding=\"async\" alt=\"El presidente Javier Milei durante la ceremonia en la Bas\u00edlica de San Pedro (REUTERS\/Remo Casilli)\" height=\"4000\" width=\"6000\" src=\"https:\/\/www.infobae.com\/new-resizer\/6pkmERJW64mFFG0vUqbB8WYYt6k=\/420x280\/filters:format(webp):quality(85)\/cloudfront-us-east-1.images.arcpublishing.com\/infobae\/MSI6MCCNUCN7WJ6CAGCUOXD7DA.jpg%20420w\" srcset=\"https:\/\/www.infobae.com\/new-resizer\/6pkmERJW64mFFG0vUqbB8WYYt6k=\/420x280\/filters:format(webp):quality(85)\/cloudfront-us-east-1.images.arcpublishing.com\/infobae\/MSI6MCCNUCN7WJ6CAGCUOXD7DA.jpg 420w,https:\/\/www.infobae.com\/new-resizer\/AhAscfc304sKloxDNgqrDzoeano=\/768x512\/filters:format(webp):quality(85)\/cloudfront-us-east-1.images.arcpublishing.com\/infobae\/MSI6MCCNUCN7WJ6CAGCUOXD7DA.jpg 768w,https:\/\/www.infobae.com\/new-resizer\/-noPWCiVOpnk6opti1gcmn9XI88=\/1200x800\/filters:format(webp):quality(85)\/cloudfront-us-east-1.images.arcpublishing.com\/infobae\/MSI6MCCNUCN7WJ6CAGCUOXD7DA.jpg 1200w,https:\/\/www.infobae.com\/new-resizer\/VigXAjWL6mCMhDjUPTyG65d0XYs=\/1440x960\/filters:format(webp):quality(85)\/cloudfront-us-east-1.images.arcpublishing.com\/infobae\/MSI6MCCNUCN7WJ6CAGCUOXD7DA.jpg 1440w\">El presidente Javier Milei durante la ceremonia en la Bas\u00edlica de San Pedro (REUTERS\/Remo Casilli)<\/p>\n\n\n\n<p><img loading=\"lazy\" decoding=\"async\" alt=\"El presidente Javier Milei, rodeado por su hermana Karina, secreteria general de la Presidencia, y por Guillermo Francos, ministro de Interior (REUTERS\/Remo Casilli)\" height=\"1895\" width=\"2733\" src=\"https:\/\/www.infobae.com\/new-resizer\/OWS4ZLNsvSQlVaA9CHHdrZIEXjQ=\/420x280\/filters:format(webp):quality(85)\/cloudfront-us-east-1.images.arcpublishing.com\/infobae\/NCM2WTU6S2WDYZTH3XSXN3TPCE.jpg%20420w\" srcset=\"https:\/\/www.infobae.com\/new-resizer\/OWS4ZLNsvSQlVaA9CHHdrZIEXjQ=\/420x280\/filters:format(webp):quality(85)\/cloudfront-us-east-1.images.arcpublishing.com\/infobae\/NCM2WTU6S2WDYZTH3XSXN3TPCE.jpg 420w,https:\/\/www.infobae.com\/new-resizer\/GwWRnE3flVCqSfjlBeZfkef2HgI=\/768x512\/filters:format(webp):quality(85)\/cloudfront-us-east-1.images.arcpublishing.com\/infobae\/NCM2WTU6S2WDYZTH3XSXN3TPCE.jpg 768w,https:\/\/www.infobae.com\/new-resizer\/BLUq2YuSsEgSQVgF5TgrS7mcqr0=\/1200x800\/filters:format(webp):quality(85)\/cloudfront-us-east-1.images.arcpublishing.com\/infobae\/NCM2WTU6S2WDYZTH3XSXN3TPCE.jpg 1200w,https:\/\/www.infobae.com\/new-resizer\/-GM2ohD2E4ktpqb4_Lg1Gjkg8DQ=\/1440x960\/filters:format(webp):quality(85)\/cloudfront-us-east-1.images.arcpublishing.com\/infobae\/NCM2WTU6S2WDYZTH3XSXN3TPCE.jpg 1440w\">El presidente Javier Milei, rodeado por su hermana Karina, secreteria general de la Presidencia, y por Guillermo Francos, ministro de Interior (REUTERS\/Remo Casilli)<\/p>\n\n\n\n<p>Ayer, en Roma,adelantaron a este enviado especial que la audiencia oficial entre Milei y Francisco transcurrir\u00eda sin mayores sobresaltos, mientras que&nbsp;<strong>el Presidente promovi\u00f3 un gesto diplom\u00e1tico adicional para el Papa durante su visita a Jerusal\u00e9n.<\/strong><\/p>\n\n\n\n<p><img loading=\"lazy\" decoding=\"async\" alt=\"Jorge Macri y Gerardo Zamora junto a sus esposas Mar\u00eda Bel\u00e9n Ludue\u00f1a y Claudia Ledesma Abdala, presidenta provisional del Senador, en la Bas\u00edlica de San Pedro\" height=\"1600\" width=\"900\" src=\"https:\/\/www.infobae.com\/new-resizer\/7n2r6dYQUz4l4_D2qP8kn_C8s4E=\/420x747\/filters:format(webp):quality(85)\/cloudfront-us-east-1.images.arcpublishing.com\/infobae\/43JCKMPEKBELPDBEIG6IC4L2FM.jpeg%20420w\" srcset=\"https:\/\/www.infobae.com\/new-resizer\/7n2r6dYQUz4l4_D2qP8kn_C8s4E=\/420x747\/filters:format(webp):quality(85)\/cloudfront-us-east-1.images.arcpublishing.com\/infobae\/43JCKMPEKBELPDBEIG6IC4L2FM.jpeg 420w,https:\/\/www.infobae.com\/new-resizer\/YYlz4Mlqum73HLwNskTzlaDDMMU=\/768x1365\/filters:format(webp):quality(85)\/cloudfront-us-east-1.images.arcpublishing.com\/infobae\/43JCKMPEKBELPDBEIG6IC4L2FM.jpeg 768w,https:\/\/www.infobae.com\/new-resizer\/DYPbgRN0JPsn5Ts6k_bTnF-gmkA=\/1200x2133\/filters:format(webp):quality(85)\/cloudfront-us-east-1.images.arcpublishing.com\/infobae\/43JCKMPEKBELPDBEIG6IC4L2FM.jpeg 1200w\">Jorge Macri y Gerardo Zamora junto a sus esposas Mar\u00eda Bel\u00e9n Ludue\u00f1a y Claudia Ledesma Abdala, presidenta provisional del Senador, en la Bas\u00edlica de San Pedro<\/p>\n\n\n\n<p>En este contexto de se\u00f1ales pol\u00edticas convergentes, Milei y su hermana Karina -con much\u00edsimo peso propio en el Gobierno-<strong>&nbsp;encendieron velas en el Santo Sepulcro<\/strong>, adonde se cree que resucit\u00f3 Jesucristo al tercer d\u00eda de su muerte. El presidente hab\u00eda cancelado su visita a la ciudad antigua de Jerusal\u00e9n, pero pidi\u00f3 ir al Santo Sepulcro antes de abandonar Israel rumbo al Vaticano.<\/p>\n\n\n\n<p>0 seconds of 24 secondsVolume 0%La comitiva de Argentina a la espera de la llegada del Papa Francisco<\/p>\n\n\n\n<p>Tanto en Santa Marta como en la delegaci\u00f3n oficial mantuvieron en reserva la agenda de asuntos de Estado que abordar\u00e1n el Presidente y el Papa, pero hay un tema oficial que Milei propondr\u00e1 durante la audiencia en el Palacio Pontificio:&nbsp;<strong>la invitaci\u00f3n formal a Francisco para que visite la Argentina.<\/strong><\/p>\n\n\n\n<p>Te puede interesar:<strong>Tras su viaje por Israel, Javier Milei lleg\u00f3 a Roma para reunirse con el Papa Francisco<\/strong><\/p>\n\n\n\n<p><strong>Milei y su comitiva aguardan con expectativa qu\u00e9 contestar\u00e1 el Santo Padre.<\/strong>&nbsp;Francisco extra\u00f1a caminar por las calles de Buenos Aires, y en Argentina hay millones de creyentes que esperan una misa del Papa que lleg\u00f3 al Vaticano desde&nbsp;<em>el fin del mundo.<\/em><\/p>\n\n\n\n<p><img loading=\"lazy\" decoding=\"async\" alt=\"Milei y Francisco, un abrazo luego de las cr\u00edticas cruzadas entre ambos (Reuters)\" height=\"4725\" width=\"7087\" src=\"https:\/\/www.infobae.com\/new-resizer\/o6Gan4-LOmo4s4IasZ6X1TmlluQ=\/420x280\/filters:format(webp):quality(85)\/cloudfront-us-east-1.images.arcpublishing.com\/infobae\/QFC5BXF3D2IDUORUXUYMNBNPXQ.jpg%20420w\" srcset=\"https:\/\/www.infobae.com\/new-resizer\/o6Gan4-LOmo4s4IasZ6X1TmlluQ=\/420x280\/filters:format(webp):quality(85)\/cloudfront-us-east-1.images.arcpublishing.com\/infobae\/QFC5BXF3D2IDUORUXUYMNBNPXQ.jpg 420w,https:\/\/www.infobae.com\/new-resizer\/0JLd6km04wUO56G8x_s750rcxEo=\/768x512\/filters:format(webp):quality(85)\/cloudfront-us-east-1.images.arcpublishing.com\/infobae\/QFC5BXF3D2IDUORUXUYMNBNPXQ.jpg 768w,https:\/\/www.infobae.com\/new-resizer\/qV98VwgUJxJhRMyEZekgmF9o9Ds=\/1200x800\/filters:format(webp):quality(85)\/cloudfront-us-east-1.images.arcpublishing.com\/infobae\/QFC5BXF3D2IDUORUXUYMNBNPXQ.jpg 1200w,https:\/\/www.infobae.com\/new-resizer\/hec8EewRYASHaRJMoNcPXyWQEyY=\/1440x960\/filters:format(webp):quality(85)\/cloudfront-us-east-1.images.arcpublishing.com\/infobae\/QFC5BXF3D2IDUORUXUYMNBNPXQ.jpg 1440w\">Milei y Francisco, un abrazo luego de las cr\u00edticas cruzadas entre ambos (Reuters)<\/p>\n\n\n\n<p><img loading=\"lazy\" decoding=\"async\" alt=\"El Papa Francisco saluda a la canciller Diana Mondino\" height=\"4725\" width=\"7087\" src=\"https:\/\/www.infobae.com\/new-resizer\/IXjG3XMnCpDRkXOo8lQIf1xxgbM=\/420x280\/filters:format(webp):quality(85)\/cloudfront-us-east-1.images.arcpublishing.com\/infobae\/VLLAE4ARKXR4MURJI736BK4DBY.jpg%20420w\" srcset=\"https:\/\/www.infobae.com\/new-resizer\/IXjG3XMnCpDRkXOo8lQIf1xxgbM=\/420x280\/filters:format(webp):quality(85)\/cloudfront-us-east-1.images.arcpublishing.com\/infobae\/VLLAE4ARKXR4MURJI736BK4DBY.jpg 420w,https:\/\/www.infobae.com\/new-resizer\/IkBu4rwiK6mBYMQduwDNVz6T2Uk=\/768x512\/filters:format(webp):quality(85)\/cloudfront-us-east-1.images.arcpublishing.com\/infobae\/VLLAE4ARKXR4MURJI736BK4DBY.jpg 768w,https:\/\/www.infobae.com\/new-resizer\/eqvJp0FCeant0YudDLBVZc9oR10=\/1200x800\/filters:format(webp):quality(85)\/cloudfront-us-east-1.images.arcpublishing.com\/infobae\/VLLAE4ARKXR4MURJI736BK4DBY.jpg 1200w,https:\/\/www.infobae.com\/new-resizer\/qsIFGF8j1pb2bthYVdCTiB5f0B4=\/1440x960\/filters:format(webp):quality(85)\/cloudfront-us-east-1.images.arcpublishing.com\/infobae\/VLLAE4ARKXR4MURJI736BK4DBY.jpg 1440w\">El Papa Francisco saluda a la canciller Diana Mondino<\/p>\n\n\n\n<p><img loading=\"lazy\" decoding=\"async\" alt=\"Karina Milei tambi\u00e9n salud\u00f3 al Papa Francisco (Reuters) \" height=\"4725\" width=\"7087\" src=\"https:\/\/www.infobae.com\/new-resizer\/LfTJEnwucE_eOwLehp2ESjk_szw=\/420x280\/filters:format(webp):quality(85)\/cloudfront-us-east-1.images.arcpublishing.com\/infobae\/5JVPGVVEROHBW5AB4AUF5N6UBE.jpg%20420w\" srcset=\"https:\/\/www.infobae.com\/new-resizer\/LfTJEnwucE_eOwLehp2ESjk_szw=\/420x280\/filters:format(webp):quality(85)\/cloudfront-us-east-1.images.arcpublishing.com\/infobae\/5JVPGVVEROHBW5AB4AUF5N6UBE.jpg 420w,https:\/\/www.infobae.com\/new-resizer\/scp85fCZSZb8MtAUf71s4KWrcEA=\/768x512\/filters:format(webp):quality(85)\/cloudfront-us-east-1.images.arcpublishing.com\/infobae\/5JVPGVVEROHBW5AB4AUF5N6UBE.jpg 768w,https:\/\/www.infobae.com\/new-resizer\/3u2F5MTzESooghLg-HcWqkzRlyc=\/1200x800\/filters:format(webp):quality(85)\/cloudfront-us-east-1.images.arcpublishing.com\/infobae\/5JVPGVVEROHBW5AB4AUF5N6UBE.jpg 1200w,https:\/\/www.infobae.com\/new-resizer\/Vpmjc-8GFFbjS94en8GoTweRGc8=\/1440x960\/filters:format(webp):quality(85)\/cloudfront-us-east-1.images.arcpublishing.com\/infobae\/5JVPGVVEROHBW5AB4AUF5N6UBE.jpg 1440w\">Karina Milei tambi\u00e9n salud\u00f3 al Papa Francisco (Reuters)<\/p>\n\n\n\n<p>El lunes, a la 9, (cuatro horas antes en la Argentina), Milei y su delegaci\u00f3n oficial arribar\u00e1n al Patio San Damaso, adonde ser\u00e1n recibidos por una guardia de honor. Desde all\u00ed, el presidente ser\u00e1 conducido hasta la presencia de Francisco,&nbsp;<strong>que tiene todos los detalles de la actualidad pol\u00edtica y econ\u00f3mica del pa\u00eds.<\/strong><\/p>\n\n\n\n<p>Te puede interesar:<strong>Javier Milei parti\u00f3 rumbo a Israel y al Vaticano para ratificar su condena al terrorismo internacional e iniciar su v\u00ednculo pol\u00edtico con Francisco<\/strong><\/p>\n\n\n\n<p><strong>El tiempo de la audiencia ser\u00e1 clave para entender si funcion\u00f3 la tregua pol\u00edtica<\/strong>&nbsp;y si se abri\u00f3 un cap\u00edtulo de relaci\u00f3n personal entre el Papa y Milei. Cuando lleg\u00f3 por primera vez al Vaticano para reunirse con Francisco -en Buenos Aires, lo llamaba Jorge Bergoglio-, Mauricio Macri se encontr\u00f3 con un ambiente fr\u00edo y distante, y la audiencia dur\u00f3&nbsp;<em>solo 22 minutos.<\/em><\/p>\n","protected":false},"excerpt":{"rendered":"<p>Javier Milei y Francisco se encontraron en la ceremonia de\u00a0canonizaci\u00f3n de \u201cMama Antula\u201d,\u00a0que tuvo como escenario la Bas\u00edlica de San Pedro. Luego de un breve contacto en la previa del acto, el primer saludo formal y p\u00fablico ocurri\u00f3 una vez finalizado el evento, cuando\u00a0el Sumo Pont\u00edfice se acerc\u00f3 hasta el presidente argentino, intercambiaron unas palabras<a class=\"read-more\" href=\"https:\/\/elfederalmendoza.com.ar\/index.php\/2024\/02\/11\/fotos-y-video-el-primer-encuentro-publico-entre-milei-y-el-papa-francisco-con-un-saludo-inusual-y-un-abrazo-fuera-de-protocolo\/\"> [&hellip;]<\/a><\/p>\n","protected":false},"author":2,"featured_media":31846,"comment_status":"open","ping_status":"open","sticky":false,"template":"","format":"standard","meta":{"footnotes":""},"categories":[5618],"tags":[],"class_list":["post-31844","post","type-post","status-publish","format-standard","has-post-thumbnail","hentry","category-arg"],"rttpg_featured_image_url":{"full":["https:\/\/elfederalmendoza.com.ar\/wp-content\/uploads\/2024\/02\/abrazo.jpg",1132,756,false],"landscape":["https:\/\/elfederalmendoza.com.ar\/wp-content\/uploads\/2024\/02\/abrazo.jpg",1132,756,false],"portraits":["https:\/\/elfederalmendoza.com.ar\/wp-content\/uploads\/2024\/02\/abrazo.jpg",1132,756,false],"thumbnail":["https:\/\/elfederalmendoza.com.ar\/wp-content\/uploads\/2024\/02\/abrazo-150x150.jpg",150,150,true],"medium":["https:\/\/elfederalmendoza.com.ar\/wp-content\/uploads\/2024\/02\/abrazo-300x200.jpg",300,200,true],"large":["https:\/\/elfederalmendoza.com.ar\/wp-content\/uploads\/2024\/02\/abrazo-1024x684.jpg",640,428,true],"1536x1536":["https:\/\/elfederalmendoza.com.ar\/wp-content\/uploads\/2024\/02\/abrazo.jpg",1132,756,false],"2048x2048":["https:\/\/elfederalmendoza.com.ar\/wp-content\/uploads\/2024\/02\/abrazo.jpg",1132,756,false],"ultp_layout_landscape_large":["https:\/\/elfederalmendoza.com.ar\/wp-content\/uploads\/2024\/02\/abrazo.jpg",1132,756,false],"ultp_layout_landscape":["https:\/\/elfederalmendoza.com.ar\/wp-content\/uploads\/2024\/02\/abrazo-870x570.jpg",870,570,true],"ultp_layout_portrait":["https:\/\/elfederalmendoza.com.ar\/wp-content\/uploads\/2024\/02\/abrazo-600x756.jpg",600,756,true],"ultp_layout_square":["https:\/\/elfederalmendoza.com.ar\/wp-content\/uploads\/2024\/02\/abrazo-600x600.jpg",600,600,true],"rpwe-thumbnail":["https:\/\/elfederalmendoza.com.ar\/wp-content\/uploads\/2024\/02\/abrazo-45x45.jpg",45,45,true],"advps-thumb-one":["https:\/\/elfederalmendoza.com.ar\/wp-content\/uploads\/2024\/02\/abrazo-1132x420.jpg",1132,420,true]},"rttpg_author":{"display_name":"Redacci\u00f3n El Federal","author_link":"https:\/\/elfederalmendoza.com.ar\/index.php\/author\/angelflores\/"},"rttpg_comment":0,"rttpg_category":"<a href=\"https:\/\/elfederalmendoza.com.ar\/index.php\/category\/arg\/\" rel=\"category tag\">Argentina<\/a>","rttpg_excerpt":"Javier Milei y Francisco se encontraron en la ceremonia de\u00a0canonizaci\u00f3n de \u201cMama Antula\u201d,\u00a0que tuvo como escenario la Bas\u00edlica de San Pedro. Luego de un breve contacto en la previa del acto, el primer saludo formal y p\u00fablico ocurri\u00f3 una vez finalizado el evento, cuando\u00a0el Sumo Pont\u00edfice se acerc\u00f3 hasta el presidente argentino, intercambiaron unas palabras&hellip;","_links":{"self":[{"href":"https:\/\/elfederalmendoza.com.ar\/index.php\/wp-json\/wp\/v2\/posts\/31844","targetHints":{"allow":["GET"]}}],"collection":[{"href":"https:\/\/elfederalmendoza.com.ar\/index.php\/wp-json\/wp\/v2\/posts"}],"about":[{"href":"https:\/\/elfederalmendoza.com.ar\/index.php\/wp-json\/wp\/v2\/types\/post"}],"author":[{"embeddable":true,"href":"https:\/\/elfederalmendoza.com.ar\/index.php\/wp-json\/wp\/v2\/users\/2"}],"replies":[{"embeddable":true,"href":"https:\/\/elfederalmendoza.com.ar\/index.php\/wp-json\/wp\/v2\/comments?post=31844"}],"version-history":[{"count":1,"href":"https:\/\/elfederalmendoza.com.ar\/index.php\/wp-json\/wp\/v2\/posts\/31844\/revisions"}],"predecessor-version":[{"id":31849,"href":"https:\/\/elfederalmendoza.com.ar\/index.php\/wp-json\/wp\/v2\/posts\/31844\/revisions\/31849"}],"wp:featuredmedia":[{"embeddable":true,"href":"https:\/\/elfederalmendoza.com.ar\/index.php\/wp-json\/wp\/v2\/media\/31846"}],"wp:attachment":[{"href":"https:\/\/elfederalmendoza.com.ar\/index.php\/wp-json\/wp\/v2\/media?parent=31844"}],"wp:term":[{"taxonomy":"category","embeddable":true,"href":"https:\/\/elfederalmendoza.com.ar\/index.php\/wp-json\/wp\/v2\/categories?post=31844"},{"taxonomy":"post_tag","embeddable":true,"href":"https:\/\/elfederalmendoza.com.ar\/index.php\/wp-json\/wp\/v2\/tags?post=31844"}],"curies":[{"name":"wp","href":"https:\/\/api.w.org\/{rel}","templated":true}]}}