{"id":31852,"date":"2024-02-11T06:29:00","date_gmt":"2024-02-11T09:29:00","guid":{"rendered":"https:\/\/elfederalmendoza.com\/?p=31852"},"modified":"2024-02-11T10:44:25","modified_gmt":"2024-02-11T13:44:25","slug":"videos-polemica-actuacion-de-lali-esposito-y-dillom-en-cosquin-rock-con-fuertes-criticas-a-javier-milei-y-luis-caputo","status":"publish","type":"post","link":"https:\/\/elfederalmendoza.com.ar\/index.php\/2024\/02\/11\/videos-polemica-actuacion-de-lali-esposito-y-dillom-en-cosquin-rock-con-fuertes-criticas-a-javier-milei-y-luis-caputo\/","title":{"rendered":"-VIDEOS- Pol\u00e9mica actuaci\u00f3n de Lali Esp\u00f3sito y Dillom en Cosqu\u00edn Rock con fuertes cr\u00edticas a Javier Milei y Luis Caputo"},"content":{"rendered":"\n<p>Distintos videos se hicieron tendencia en redes sociales, ya que el festival que se celebra en C\u00f3rdoba se puede ver por la plataforma de streaming Star+.<\/p>\n\n\n\n<p>Este s\u00e1bado se marc\u00f3 el comienzo de una nueva edici\u00f3n del festival Cosqu\u00edn Rock 2024, que concluir\u00e1 ma\u00f1ana y se celebra en el aer\u00f3dromo Santa Mar\u00eda de Punilla, una peque\u00f1a localidad distante 50km hacia el noroeste de la ciudad de C\u00f3rdoba, sobre la Ruta Nacional 38, y a escasos 3km al sur de la ciudad de Cosqu\u00edn. Dos de los principales artistas del primer d\u00eda, como lo son Lali Esp\u00f3sito y Dillom generaron pol\u00e9mica al manifestarse duramente contra del gobierno, cada uno a su manera.<\/p>\n\n\n\n<p>Distintos videos de los exabruptos se hicieron tendencia en redes sociales, ya que el festival se puede ver por la plataforma de streaming Star+.<\/p>\n\n\n\n<p>Lali, en medio de su show, expres\u00f3: \u00bbEsto que somos los argentinos, esta uni\u00f3n que genera el arte, la m\u00fasica, la cultura, nadie nos lo va a sacar jam\u00e1s\u00bb y le dedic\u00f3 su siguiente canci\u00f3n a \u00ablas malas personas y los antipatria\u00bb. En su canci\u00f3n \u00ab\u00bfQui\u00e9nes son?\u00bb cambi\u00f3 la letra y expres\u00f3: \u00abQue si fumo, que si vivo, que si digo, que si bebo, que si vivo del Estado\u00bb.<\/p>\n\n\n\n<blockquote class=\"twitter-tweet\" data-media-max-width=\"560\"><p lang=\"es\" dir=\"ltr\">&quot;Esta canci\u00f3n es para los mentirosos, los que me valoran, los antipatria, todos&quot; emocionante discurso de Lali en Cosqu\u00edn. Una artista que por un tuit se gan\u00f3 el hostigamiento de todo el arco libertario. Esto se suma a la palabra de Dillom. Que no digan que juventud es de derecha. <a href=\"https:\/\/t.co\/waWopDuKPf\">pic.twitter.com\/waWopDuKPf<\/a><\/p>&mdash; Marcelo Puella (@puellaok) <a href=\"https:\/\/twitter.com\/puellaok\/status\/1756488044717187342?ref_src=twsrc%5Etfw\">February 11, 2024<\/a><\/blockquote> <script async src=\"https:\/\/platform.twitter.com\/widgets.js\" charset=\"utf-8\"><\/script>\n\n\n\n<p>Por su parte, Dillom despert\u00f3 fuertes pol\u00e9micas en redes al cantar fuerte contra el ministro de Econom\u00eda, Luis Caputo. Al realizar un cover de Sr. Cobranza (canci\u00f3n de Las Manos de Filippi popularizada por La Bersuit) cambi\u00f3 el verso de \u00abNorma Pl\u00e1 a Cavallo lo tiene que matar\u00bb por \u00bbA Caputo en la plaza lo tienen que matar\u00bb.<\/p>\n\n\n\n<blockquote class=\"twitter-tweet\"><p lang=\"es\" dir=\"ltr\">\u201cA Caputo en la plaza lo tienen que matar\u201d acaba de tirar Dillom en el Cosqu\u00edn Rock cantando Sr. Cobranza <a href=\"https:\/\/t.co\/962H6JfieD\">pic.twitter.com\/962H6JfieD<\/a><\/p>&mdash; Gabriel Sotelo (@gabrielsotelo93) <a href=\"https:\/\/twitter.com\/gabrielsotelo93\/status\/1756463833030263051?ref_src=twsrc%5Etfw\">February 10, 2024<\/a><\/blockquote> <script async src=\"https:\/\/platform.twitter.com\/widgets.js\" charset=\"utf-8\"><\/script>\n","protected":false},"excerpt":{"rendered":"<p>Distintos videos se hicieron tendencia en redes sociales, ya que el festival que se celebra en C\u00f3rdoba se puede ver por la plataforma de streaming Star+. Este s\u00e1bado se marc\u00f3 el comienzo de una nueva edici\u00f3n del festival Cosqu\u00edn Rock 2024, que concluir\u00e1 ma\u00f1ana y se celebra en el aer\u00f3dromo Santa Mar\u00eda de Punilla, una<a class=\"read-more\" href=\"https:\/\/elfederalmendoza.com.ar\/index.php\/2024\/02\/11\/videos-polemica-actuacion-de-lali-esposito-y-dillom-en-cosquin-rock-con-fuertes-criticas-a-javier-milei-y-luis-caputo\/\"> [&hellip;]<\/a><\/p>\n","protected":false},"author":2,"featured_media":31854,"comment_status":"open","ping_status":"open","sticky":false,"template":"","format":"standard","meta":{"footnotes":""},"categories":[5618],"tags":[],"class_list":["post-31852","post","type-post","status-publish","format-standard","has-post-thumbnail","hentry","category-arg"],"rttpg_featured_image_url":{"full":["https:\/\/elfederalmendoza.com.ar\/wp-content\/uploads\/2024\/02\/lali-dillom.jpg",1107,730,false],"landscape":["https:\/\/elfederalmendoza.com.ar\/wp-content\/uploads\/2024\/02\/lali-dillom.jpg",1107,730,false],"portraits":["https:\/\/elfederalmendoza.com.ar\/wp-content\/uploads\/2024\/02\/lali-dillom.jpg",1107,730,false],"thumbnail":["https:\/\/elfederalmendoza.com.ar\/wp-content\/uploads\/2024\/02\/lali-dillom-150x150.jpg",150,150,true],"medium":["https:\/\/elfederalmendoza.com.ar\/wp-content\/uploads\/2024\/02\/lali-dillom-300x198.jpg",300,198,true],"large":["https:\/\/elfederalmendoza.com.ar\/wp-content\/uploads\/2024\/02\/lali-dillom-1024x675.jpg",640,422,true],"1536x1536":["https:\/\/elfederalmendoza.com.ar\/wp-content\/uploads\/2024\/02\/lali-dillom.jpg",1107,730,false],"2048x2048":["https:\/\/elfederalmendoza.com.ar\/wp-content\/uploads\/2024\/02\/lali-dillom.jpg",1107,730,false],"ultp_layout_landscape_large":["https:\/\/elfederalmendoza.com.ar\/wp-content\/uploads\/2024\/02\/lali-dillom.jpg",1107,730,false],"ultp_layout_landscape":["https:\/\/elfederalmendoza.com.ar\/wp-content\/uploads\/2024\/02\/lali-dillom-870x570.jpg",870,570,true],"ultp_layout_portrait":["https:\/\/elfederalmendoza.com.ar\/wp-content\/uploads\/2024\/02\/lali-dillom-600x730.jpg",600,730,true],"ultp_layout_square":["https:\/\/elfederalmendoza.com.ar\/wp-content\/uploads\/2024\/02\/lali-dillom-600x600.jpg",600,600,true],"rpwe-thumbnail":["https:\/\/elfederalmendoza.com.ar\/wp-content\/uploads\/2024\/02\/lali-dillom-45x45.jpg",45,45,true],"advps-thumb-one":["https:\/\/elfederalmendoza.com.ar\/wp-content\/uploads\/2024\/02\/lali-dillom-1107x420.jpg",1107,420,true]},"rttpg_author":{"display_name":"Redacci\u00f3n El Federal","author_link":"https:\/\/elfederalmendoza.com.ar\/index.php\/author\/angelflores\/"},"rttpg_comment":0,"rttpg_category":"<a href=\"https:\/\/elfederalmendoza.com.ar\/index.php\/category\/arg\/\" rel=\"category tag\">Argentina<\/a>","rttpg_excerpt":"Distintos videos se hicieron tendencia en redes sociales, ya que el festival que se celebra en C\u00f3rdoba se puede ver por la plataforma de streaming Star+. Este s\u00e1bado se marc\u00f3 el comienzo de una nueva edici\u00f3n del festival Cosqu\u00edn Rock 2024, que concluir\u00e1 ma\u00f1ana y se celebra en el aer\u00f3dromo Santa Mar\u00eda de Punilla, una&hellip;","_links":{"self":[{"href":"https:\/\/elfederalmendoza.com.ar\/index.php\/wp-json\/wp\/v2\/posts\/31852","targetHints":{"allow":["GET"]}}],"collection":[{"href":"https:\/\/elfederalmendoza.com.ar\/index.php\/wp-json\/wp\/v2\/posts"}],"about":[{"href":"https:\/\/elfederalmendoza.com.ar\/index.php\/wp-json\/wp\/v2\/types\/post"}],"author":[{"embeddable":true,"href":"https:\/\/elfederalmendoza.com.ar\/index.php\/wp-json\/wp\/v2\/users\/2"}],"replies":[{"embeddable":true,"href":"https:\/\/elfederalmendoza.com.ar\/index.php\/wp-json\/wp\/v2\/comments?post=31852"}],"version-history":[{"count":1,"href":"https:\/\/elfederalmendoza.com.ar\/index.php\/wp-json\/wp\/v2\/posts\/31852\/revisions"}],"predecessor-version":[{"id":31855,"href":"https:\/\/elfederalmendoza.com.ar\/index.php\/wp-json\/wp\/v2\/posts\/31852\/revisions\/31855"}],"wp:featuredmedia":[{"embeddable":true,"href":"https:\/\/elfederalmendoza.com.ar\/index.php\/wp-json\/wp\/v2\/media\/31854"}],"wp:attachment":[{"href":"https:\/\/elfederalmendoza.com.ar\/index.php\/wp-json\/wp\/v2\/media?parent=31852"}],"wp:term":[{"taxonomy":"category","embeddable":true,"href":"https:\/\/elfederalmendoza.com.ar\/index.php\/wp-json\/wp\/v2\/categories?post=31852"},{"taxonomy":"post_tag","embeddable":true,"href":"https:\/\/elfederalmendoza.com.ar\/index.php\/wp-json\/wp\/v2\/tags?post=31852"}],"curies":[{"name":"wp","href":"https:\/\/api.w.org\/{rel}","templated":true}]}}