{"id":31866,"date":"2024-02-14T10:30:15","date_gmt":"2024-02-14T13:30:15","guid":{"rendered":"https:\/\/elfederalmendoza.com\/?p=31866"},"modified":"2024-02-14T10:30:16","modified_gmt":"2024-02-14T13:30:16","slug":"despues-de-ajustar-a-los-gobernadores-javier-milei-quiere-recortar-fondos-que-financian-a-los-gremios","status":"publish","type":"post","link":"https:\/\/elfederalmendoza.com.ar\/index.php\/2024\/02\/14\/despues-de-ajustar-a-los-gobernadores-javier-milei-quiere-recortar-fondos-que-financian-a-los-gremios\/","title":{"rendered":"Despu\u00e9s de ajustar a los gobernadores, Javier Milei quiere recortar fondos que financian a los gremios"},"content":{"rendered":"\n<p>En Harvard,\u00a0<strong>Federico Sturzenegger\u00a0<\/strong>llam\u00f3\u00a0\u00aba empobrecer a los grupos de inter\u00e9s para ganarles\u00bb\u00a0y entre ellos identific\u00f3 claramente a los sindicatos. Y Las versiones que surgieron en estas horas desde el Gobierno van en esa misma l\u00ednea. <\/p>\n\n\n\n<p>Despu\u00e9s del ajuste contra los gobernadores en represalia por el fracaso de la Ley \u00d3mnibus, ahora el objetivo son los\u00a0<strong>gremios<\/strong>, que organizaron un paro acompa\u00f1ado de una fuerte movilizaci\u00f3n cuando todav\u00eda no se hab\u00edan cumplido 45 d\u00edas de la asunci\u00f3n.\u00a0<strong>Javier Milei\u00a0<\/strong>\u00a0eval\u00faa una\u00a0<strong>fuerte reducci\u00f3n\u00a0<\/strong>de los recursos destinados al financiamiento de las obras sociales que administran los principales l\u00edderes de la\u00a0<strong>CGT<\/strong>.<\/p>\n\n\n\n<p>El&nbsp;<a target=\"_blank\" href=\"https:\/\/www.perfil.com\/noticias\/politica\/federico-sturzenegger-en-harvard-hay-que-empobrecer-a-los-grupos-de-interes-para-ganarles-la-pelea.phtml\" rel=\"noreferrer noopener\">recorte<\/a>&nbsp;se producir\u00eda en el reparto que se instrumenta desde la Superintendencia de Servicios de la Salud (SSS), a cargo de&nbsp;<strong>Gabriel Oriolo<\/strong>. Pol\u00edticamente, y en el \u00abrelato\u00bb del Gobierno,<em>&nbsp;linkea&nbsp;<\/em>con la l\u00f3gica de&nbsp;<strong>desplazar a los intermediarios<\/strong>&nbsp;del manejo de fondos, algo que tambi\u00e9n pretende instalar con los movimientos sociales en la gesti\u00f3n de planes y asistencia a los comedores.&nbsp;&nbsp;<\/p>\n\n\n\n<p>Este cap\u00edtulo \u00abmotosierra\u00bb&nbsp;ya se puso en marcha en enero, cuando el Gobierno&nbsp;<strong>no gir\u00f3 a las prestadoras sindicales unos $5.000 millones<\/strong>&nbsp;correspondientes al programa SUR que subsidia los tratamientos de alta complejidad y los medicamentos de alto costo.<\/p>\n\n\n\n<p>Pero&nbsp;el&nbsp;<a target=\"_blank\" href=\"https:\/\/www.perfil.com\/noticias\/politica\/federico-sturzenegger-en-harvard-hay-que-empobrecer-a-los-grupos-de-interes-para-ganarles-la-pelea.phtml\" rel=\"noreferrer noopener\">recorte<\/a>&nbsp;apunta a ser mucho m\u00e1s amplio y amenaza afectar el financiamiento de servicios para discapacitados y la atenci\u00f3n m\u00e9dica de jubilados y monotributistas. Se proyecta una reducci\u00f3n de alrededor de un tercio de los recursos del&nbsp;<strong>Fondo Solidario de Redistribuci\u00f3n (FSR)<\/strong>, que son destinados&nbsp; pagar los servicios de transporte y educaci\u00f3n para discapacitados, lo que obligar\u00eda a las obras sociales a sostenerlos con recursos propios.<\/p>\n\n\n\n<p><strong>\u00abSi avanzan con el recorte vamos a ir a la Justicia a frenarlo\u00bb<\/strong>, advirtieron desde la c\u00fapula de la CGT, alineados con la&nbsp;contraofensiva judicial que lanzaron algunos gobernadores tras la quita de los subsidios al transporte y del Fondo de Incentivo Docente.<\/p>\n\n\n\n<figure class=\"wp-block-image\"><img decoding=\"async\" src=\"https:\/\/fotos.perfil.com\/\/2024\/01\/24\/900\/0\/paro-de-la-cgt-1743540.jpg\" alt=\"Paro de la CGT\"\/><\/figure>\n\n\n\n<p>Desde la\u00a0central obrera\u00a0recordaron que desde hace varios a\u00f1os intentan que el Estado asuma en forma directa el costo de los servicios para evitar desfinanciar el FSR que, en principio, estaba solo destinado al pago de los tratamientos m\u00e1s costosos.<\/p>\n\n\n\n<p>Durante la gesti\u00f3n de Alberto Fern\u00e1ndez, con Sergio Massa en Econom\u00eda, se incluy\u00f3 en el Presupuesto 2023 una partida de&nbsp;<strong>$132.000 millones<\/strong>&nbsp;destinados a los rubros de discapacidad por fuera del FSR. No obstante, hasta diciembre&nbsp;solo se transfirieron $ 70.000 millones y&nbsp;<strong>la gesti\u00f3n de Milei anticip\u00f3 que no continuar\u00e1 con dichas transferencias<\/strong>.<\/p>\n\n\n\n<p>\u00abNo entienden que no est\u00e1n castigando a los sindicalistas.&nbsp;<strong>Esto lo pagan los trabajadores, la gente y la salud p\u00fablica que ya est\u00e1 colapsada<\/strong>\u00ab, expres\u00f3 en di\u00e1logo con&nbsp;<em>Clar\u00edn<\/em>&nbsp;<strong>Jos\u00e9 Luis Lingeri<\/strong>, jefe del gremio de Obras Sanitarias y referente de la conducci\u00f3n de la&nbsp;<a target=\"_blank\" href=\"https:\/\/www.perfil.com\/noticias\/modo-fontevecchia\/la-cgt-reclama-que-el-haber-minimo-debe-tener-un-piso-de-aumento-del-85-la-entidad-lo-anticipo-en-un-comunicado-en-redes-tras-la-convocat.phtml\" rel=\"noreferrer noopener\">CGT<\/a>&nbsp;encargado&nbsp;de la problem\u00e1tica de las obras sociales.<\/p>\n\n\n\n<p>Ahora que las\u00a0prestadoras\u00a0deber\u00e1n pagar una parte de los servicios, el dirigente advirti\u00f3 que la situaci\u00f3n del FSR, el cual se alimenta de un porcentaje de los aportes de los trabajadores,\u00a0es\u00a0<strong>\u00abcr\u00edtica\u00bb<\/strong>, dado que los recursos no son suficientes para financiar el sistema que actualmente responde a m\u00e1s de\u00a014 millones de personas.<\/p>\n\n\n\n<p>En enero el FSR recaud\u00f3\u00a0$55.200 millones frente a $50.505 millones en gastos por discapacidad, tomando un\u00a0<strong>90% de los recursos<\/strong>. La\u00a0central obrera\u00a0calcul\u00f3 que, de mantenerse dicha situaci\u00f3n, las obras sociales llegar\u00edan a fin de a\u00f1o con un\u00a0<strong>rojo de $200.000 millones<\/strong>, un n\u00famero que no podr\u00eda ser financiado solo con los aportes de cada sindicato.<\/p>\n\n\n\n<p>Al complejo escenario se suma el hecho de que el Gobierno quiere&nbsp;<strong>dar de baja los subsidios autom\u00e1ticos de SUMA, SUMA+&nbsp;<\/strong>y<strong>&nbsp;SANO<\/strong>, destinados a compensar los aportes realizados a las obras sociales por monotributistas, jubilados y trabajadores de bajos salarios.<\/p>\n\n\n\n<p><strong>\u00abNo hay di\u00e1logo, no se sabe qu\u00e9 va a pasar\u00bb<\/strong>, reprocharon desde la c\u00fapula de la&nbsp;<a target=\"_blank\" href=\"https:\/\/www.perfil.com\/noticias\/modo-fontevecchia\/la-cgt-reclama-que-el-haber-minimo-debe-tener-un-piso-de-aumento-del-85-la-entidad-lo-anticipo-en-un-comunicado-en-redes-tras-la-convocat.phtml\" rel=\"noreferrer noopener\">CGT<\/a>, considerando que las prestadoras sindicales recibieron en enero las transferencias correspondientes a diciembre, pero sin ninguna confirmaci\u00f3n oficial sobre lo que pasar\u00e1 con&nbsp;los fondos de enero y febrero.<\/p>\n\n\n\n<p>AS.\/LT<\/p>\n","protected":false},"excerpt":{"rendered":"<p>En Harvard,\u00a0Federico Sturzenegger\u00a0llam\u00f3\u00a0\u00aba empobrecer a los grupos de inter\u00e9s para ganarles\u00bb\u00a0y entre ellos identific\u00f3 claramente a los sindicatos. Y Las versiones que surgieron en estas horas desde el Gobierno van en esa misma l\u00ednea. Despu\u00e9s del ajuste contra los gobernadores en represalia por el fracaso de la Ley \u00d3mnibus, ahora el objetivo son los\u00a0gremios, que<a class=\"read-more\" href=\"https:\/\/elfederalmendoza.com.ar\/index.php\/2024\/02\/14\/despues-de-ajustar-a-los-gobernadores-javier-milei-quiere-recortar-fondos-que-financian-a-los-gremios\/\"> [&hellip;]<\/a><\/p>\n","protected":false},"author":2,"featured_media":31868,"comment_status":"open","ping_status":"open","sticky":false,"template":"","format":"standard","meta":{"footnotes":""},"categories":[5618],"tags":[],"class_list":["post-31866","post","type-post","status-publish","format-standard","has-post-thumbnail","hentry","category-arg"],"rttpg_featured_image_url":{"full":["https:\/\/elfederalmendoza.com.ar\/wp-content\/uploads\/2024\/02\/cgt3.jpg",1600,900,false],"landscape":["https:\/\/elfederalmendoza.com.ar\/wp-content\/uploads\/2024\/02\/cgt3.jpg",1600,900,false],"portraits":["https:\/\/elfederalmendoza.com.ar\/wp-content\/uploads\/2024\/02\/cgt3.jpg",1600,900,false],"thumbnail":["https:\/\/elfederalmendoza.com.ar\/wp-content\/uploads\/2024\/02\/cgt3-150x150.jpg",150,150,true],"medium":["https:\/\/elfederalmendoza.com.ar\/wp-content\/uploads\/2024\/02\/cgt3-300x169.jpg",300,169,true],"large":["https:\/\/elfederalmendoza.com.ar\/wp-content\/uploads\/2024\/02\/cgt3-1024x576.jpg",640,360,true],"1536x1536":["https:\/\/elfederalmendoza.com.ar\/wp-content\/uploads\/2024\/02\/cgt3-1536x864.jpg",1536,864,true],"2048x2048":["https:\/\/elfederalmendoza.com.ar\/wp-content\/uploads\/2024\/02\/cgt3.jpg",1600,900,false],"ultp_layout_landscape_large":["https:\/\/elfederalmendoza.com.ar\/wp-content\/uploads\/2024\/02\/cgt3-1200x800.jpg",1200,800,true],"ultp_layout_landscape":["https:\/\/elfederalmendoza.com.ar\/wp-content\/uploads\/2024\/02\/cgt3-870x570.jpg",870,570,true],"ultp_layout_portrait":["https:\/\/elfederalmendoza.com.ar\/wp-content\/uploads\/2024\/02\/cgt3-600x900.jpg",600,900,true],"ultp_layout_square":["https:\/\/elfederalmendoza.com.ar\/wp-content\/uploads\/2024\/02\/cgt3-600x600.jpg",600,600,true],"rpwe-thumbnail":["https:\/\/elfederalmendoza.com.ar\/wp-content\/uploads\/2024\/02\/cgt3-45x45.jpg",45,45,true],"advps-thumb-one":["https:\/\/elfederalmendoza.com.ar\/wp-content\/uploads\/2024\/02\/cgt3-1200x420.jpg",1200,420,true]},"rttpg_author":{"display_name":"Redacci\u00f3n El Federal","author_link":"https:\/\/elfederalmendoza.com.ar\/index.php\/author\/angelflores\/"},"rttpg_comment":0,"rttpg_category":"<a href=\"https:\/\/elfederalmendoza.com.ar\/index.php\/category\/arg\/\" rel=\"category tag\">Argentina<\/a>","rttpg_excerpt":"En Harvard,\u00a0Federico Sturzenegger\u00a0llam\u00f3\u00a0\u00aba empobrecer a los grupos de inter\u00e9s para ganarles\u00bb\u00a0y entre ellos identific\u00f3 claramente a los sindicatos. Y Las versiones que surgieron en estas horas desde el Gobierno van en esa misma l\u00ednea. Despu\u00e9s del ajuste contra los gobernadores en represalia por el fracaso de la Ley \u00d3mnibus, ahora el objetivo son los\u00a0gremios, que&hellip;","_links":{"self":[{"href":"https:\/\/elfederalmendoza.com.ar\/index.php\/wp-json\/wp\/v2\/posts\/31866","targetHints":{"allow":["GET"]}}],"collection":[{"href":"https:\/\/elfederalmendoza.com.ar\/index.php\/wp-json\/wp\/v2\/posts"}],"about":[{"href":"https:\/\/elfederalmendoza.com.ar\/index.php\/wp-json\/wp\/v2\/types\/post"}],"author":[{"embeddable":true,"href":"https:\/\/elfederalmendoza.com.ar\/index.php\/wp-json\/wp\/v2\/users\/2"}],"replies":[{"embeddable":true,"href":"https:\/\/elfederalmendoza.com.ar\/index.php\/wp-json\/wp\/v2\/comments?post=31866"}],"version-history":[{"count":1,"href":"https:\/\/elfederalmendoza.com.ar\/index.php\/wp-json\/wp\/v2\/posts\/31866\/revisions"}],"predecessor-version":[{"id":31869,"href":"https:\/\/elfederalmendoza.com.ar\/index.php\/wp-json\/wp\/v2\/posts\/31866\/revisions\/31869"}],"wp:featuredmedia":[{"embeddable":true,"href":"https:\/\/elfederalmendoza.com.ar\/index.php\/wp-json\/wp\/v2\/media\/31868"}],"wp:attachment":[{"href":"https:\/\/elfederalmendoza.com.ar\/index.php\/wp-json\/wp\/v2\/media?parent=31866"}],"wp:term":[{"taxonomy":"category","embeddable":true,"href":"https:\/\/elfederalmendoza.com.ar\/index.php\/wp-json\/wp\/v2\/categories?post=31866"},{"taxonomy":"post_tag","embeddable":true,"href":"https:\/\/elfederalmendoza.com.ar\/index.php\/wp-json\/wp\/v2\/tags?post=31866"}],"curies":[{"name":"wp","href":"https:\/\/api.w.org\/{rel}","templated":true}]}}