{"id":31875,"date":"2024-02-14T14:07:00","date_gmt":"2024-02-14T17:07:00","guid":{"rendered":"https:\/\/elfederalmendoza.com\/?p=31875"},"modified":"2024-02-14T15:31:19","modified_gmt":"2024-02-14T18:31:19","slug":"el-gobierno-aseguro-que-recibio-mas-de-5200-denuncias-contra-dirigentes-sociales-por-aprietes-y-extorsiones","status":"publish","type":"post","link":"https:\/\/elfederalmendoza.com.ar\/index.php\/2024\/02\/14\/el-gobierno-aseguro-que-recibio-mas-de-5200-denuncias-contra-dirigentes-sociales-por-aprietes-y-extorsiones\/","title":{"rendered":"El Gobierno asegur\u00f3 que recibi\u00f3 m\u00e1s de 5200 denuncias contra dirigentes sociales por aprietes y extorsiones"},"content":{"rendered":"\n<p><strong>El Gobierno asegur\u00f3 que recibi\u00f3 m\u00e1s de 5200 denuncias a dirigentes sociales por aprietes y extorsiones<\/strong>&nbsp;desde que puso en marcha la nueva l\u00ednea telef\u00f3nica para que se denuncien las presiones a beneficiarios de planes sociales.<\/p>\n\n\n\n<p>La ministra de Seguridad,<strong>&nbsp;Patricia Bullrich, revel\u00f3 que 1159 denuncias refieren a que los dirigentes sociales amenazaban a las personas con quitarles el plan en caso de que no asistieran a las movilizaciones de los \u00faltimos meses.<\/strong><\/p>\n\n\n\n<p><strong>\u201cDe 5214 denuncias, 1159 se refieren a \u2018Te quito el plan si no vas a la movilizaci\u00f3n, si no hac\u00e9s lo que te digo, si no sos mi esclavo\u2019. Si van con chicos les dan un bono extra. 4055 refieren a extorsiones\u201d<\/strong>, se\u00f1al\u00f3 Bullrich en una conferencia de prensa que dio junto al ministro de Justicia y Derechos Humanos, Mariano C\u00faneo Libarona, y al Gobernador de Chaco, Leandro Zdero.<\/p>\n\n\n\n<p>La titular de la cartera de Seguridad revel\u00f3 que recibieron m\u00e1s de 80.000 llamados que hablan de \u201cextorsi\u00f3n, aprietes, abusos sexuales e imposiciones\u201d. Incluso, alert\u00f3 sobre una nueva modalidad de extorsi\u00f3n:&nbsp;<strong>\u201cSi van con chicos les dan un bono extra\u201d.<\/strong><\/p>\n\n\n\n<p>La excandidata a presidenta denunci\u00f3 que&nbsp;<strong>\u201clos que manejan la pol\u00edtica social se creen que tienen poder sobre los que cobran las prestaciones\u201d y asegur\u00f3 que el Gobieron est\u00e1 planteando \u201cun cambio absoluto de los ministerios y provincias involucradas\u201d<\/strong>.<\/p>\n\n\n\n<p>\u201cEs un cambio absoluto de los que son gerentes de la explotaci\u00f3n total y absoluta del ser humano utilizando su condici\u00f3n de vulnerabilidad\u201d, explic\u00f3 Bullrich sobre las nuevas medidas anunciadas por el Gobierno.<\/p>\n\n\n\n<p>La ministra de Seguridad se\u00f1al\u00f3 que \u201cel poder absoluto corrompe\u201d e indic\u00f3 que&nbsp;<strong>\u201chay un poder absoluto de poder decidir desde qui\u00e9n cobra y qui\u00e9n no, hasta qu\u00e9 cosas tienen que hacer las personas vulnerables para cobrar un plan\u201d<\/strong>.<\/p>\n\n\n\n<p>\u201cDesde abusos sexuales y darlas como carne a los funcionarios para que se acuesten con ellas hasta pagar un bono para que los chicos vayan a la calle. Esta es la brutalidad que vamos a desarmar\u201d, explic\u00f3 Bullrich.<\/p>\n\n\n\n<p>En ese sentido, agreg\u00f3: \u201cEl gobierno, a trav\u00e9s del ministerio de Capital Humano y de Javier Milei, tiene una decisi\u00f3n: no m\u00e1s intermediarios. No solamente porque tengan una denuncia penal, sino por el modo en que utilizaron el poder va en contra de la libertad y de la autonom\u00eda de las personas\u201d.<\/p>\n\n\n\n<p>\u201cLa segunda conclusi\u00f3n es un cambio legal donde la asociaci\u00f3n il\u00edcita va a tener un cambio para que permita que haya una verdadera persecuci\u00f3n penal contra todos aquellos que utilizan el estado, el dinero y el poder en beneficio propio. Hay decisiones de car\u00e1cter pol\u00edtico que es sacar la intermediaci\u00f3n de las organizaciones sociales\u201d, cerr\u00f3.<\/p>\n\n\n\n<p><strong>Los cinco casos m\u00e1s impactantes que denunci\u00f3 el Gobierno<\/strong><\/p>\n\n\n\n<p>&nbsp;&nbsp;&nbsp; *\u201cUna persona denuncia que lo obligaron a afiliarse al sindicato de camioneros de la costa y lo amenazan de muerte, le quitan el plan, no lo dejan trabajar en ning\u00fan lugar. Tambi\u00e9n denuncia que en el sindicato se manejan coimas y se entrega de drogas a quienes acuden a las marchas convocadas por ellos\u201d.<\/p>\n\n\n\n<p>&nbsp;&nbsp;&nbsp; *\u201cDirigentes sociales del Movimiento Evita de Florencio Varela obligan a pacientes oncol\u00f3gicos a asistir a las marchas a la Ciudad de Buenos Aires y si no le quitan el acceso a los remedios oncol\u00f3gicos. Est\u00e1 judicializada esa denuncia\u201d.<\/p>\n\n\n\n<p>&nbsp;&nbsp;&nbsp; *\u201cSe denuncia que un dirigente de la organizaci\u00f3n 17 de octubre de Resistencia, Chaco, que obliga a las personas a llevar palos, piedras y cuchillos a las manifestaciones. Los amenaza con que si no lo hacen van a asistir a su casa, a pegarle a \u00e9l y a su familia, y le van a quitar el plan potenciar trabajo\u201d.<\/p>\n\n\n\n<p>&nbsp;&nbsp;&nbsp; *\u201cEl denunciante menciona que distintos dirigentes de las organizaciones Evita de Florencia Varela obligan a las personas a ir a las marchas y caminar por la calle, nada de vereda. Y si van con criaturas les dan un bono extra. Todos intentos de destruir el protocolo que no permite ir con chicos y que no permite tomar la calle\u201d.<\/p>\n\n\n\n<p>&nbsp;&nbsp;&nbsp; *\u201cEl \u00faltimo es molestar a (Sandra) Petovello. El denunciante menciona que una referente del MT y UTEP que otroga planes Potenciar Trabajo cit\u00f3 a las personas a molestar a la ministra cuando realiz\u00f3 la atenci\u00f3n a las personas con necesidades. De no hacerlo, se les quitaba el plan potenciar. Ten\u00edan que ir a molestarla\u201d.<\/p>\n","protected":false},"excerpt":{"rendered":"<p>El Gobierno asegur\u00f3 que recibi\u00f3 m\u00e1s de 5200 denuncias a dirigentes sociales por aprietes y extorsiones&nbsp;desde que puso en marcha la nueva l\u00ednea telef\u00f3nica para que se denuncien las presiones a beneficiarios de planes sociales. La ministra de Seguridad,&nbsp;Patricia Bullrich, revel\u00f3 que 1159 denuncias refieren a que los dirigentes sociales amenazaban a las personas con<a class=\"read-more\" href=\"https:\/\/elfederalmendoza.com.ar\/index.php\/2024\/02\/14\/el-gobierno-aseguro-que-recibio-mas-de-5200-denuncias-contra-dirigentes-sociales-por-aprietes-y-extorsiones\/\"> [&hellip;]<\/a><\/p>\n","protected":false},"author":2,"featured_media":25214,"comment_status":"open","ping_status":"open","sticky":false,"template":"","format":"standard","meta":{"footnotes":""},"categories":[5618],"tags":[],"class_list":["post-31875","post","type-post","status-publish","format-standard","has-post-thumbnail","hentry","category-arg"],"rttpg_featured_image_url":{"full":["https:\/\/elfederalmendoza.com.ar\/wp-content\/uploads\/2023\/07\/pato-bull1.jpg",1160,647,false],"landscape":["https:\/\/elfederalmendoza.com.ar\/wp-content\/uploads\/2023\/07\/pato-bull1.jpg",1160,647,false],"portraits":["https:\/\/elfederalmendoza.com.ar\/wp-content\/uploads\/2023\/07\/pato-bull1.jpg",1160,647,false],"thumbnail":["https:\/\/elfederalmendoza.com.ar\/wp-content\/uploads\/2023\/07\/pato-bull1-150x150.jpg",150,150,true],"medium":["https:\/\/elfederalmendoza.com.ar\/wp-content\/uploads\/2023\/07\/pato-bull1-300x167.jpg",300,167,true],"large":["https:\/\/elfederalmendoza.com.ar\/wp-content\/uploads\/2023\/07\/pato-bull1-1024x571.jpg",640,357,true],"1536x1536":["https:\/\/elfederalmendoza.com.ar\/wp-content\/uploads\/2023\/07\/pato-bull1.jpg",1160,647,false],"2048x2048":["https:\/\/elfederalmendoza.com.ar\/wp-content\/uploads\/2023\/07\/pato-bull1.jpg",1160,647,false],"ultp_layout_landscape_large":["https:\/\/elfederalmendoza.com.ar\/wp-content\/uploads\/2023\/07\/pato-bull1.jpg",1160,647,false],"ultp_layout_landscape":["https:\/\/elfederalmendoza.com.ar\/wp-content\/uploads\/2023\/07\/pato-bull1-870x570.jpg",870,570,true],"ultp_layout_portrait":["https:\/\/elfederalmendoza.com.ar\/wp-content\/uploads\/2023\/07\/pato-bull1-600x647.jpg",600,647,true],"ultp_layout_square":["https:\/\/elfederalmendoza.com.ar\/wp-content\/uploads\/2023\/07\/pato-bull1-600x600.jpg",600,600,true],"rpwe-thumbnail":["https:\/\/elfederalmendoza.com.ar\/wp-content\/uploads\/2023\/07\/pato-bull1-45x45.jpg",45,45,true],"advps-thumb-one":["https:\/\/elfederalmendoza.com.ar\/wp-content\/uploads\/2023\/07\/pato-bull1-1160x420.jpg",1160,420,true]},"rttpg_author":{"display_name":"Redacci\u00f3n El Federal","author_link":"https:\/\/elfederalmendoza.com.ar\/index.php\/author\/angelflores\/"},"rttpg_comment":0,"rttpg_category":"<a href=\"https:\/\/elfederalmendoza.com.ar\/index.php\/category\/arg\/\" rel=\"category tag\">Argentina<\/a>","rttpg_excerpt":"El Gobierno asegur\u00f3 que recibi\u00f3 m\u00e1s de 5200 denuncias a dirigentes sociales por aprietes y extorsiones&nbsp;desde que puso en marcha la nueva l\u00ednea telef\u00f3nica para que se denuncien las presiones a beneficiarios de planes sociales. La ministra de Seguridad,&nbsp;Patricia Bullrich, revel\u00f3 que 1159 denuncias refieren a que los dirigentes sociales amenazaban a las personas con&hellip;","_links":{"self":[{"href":"https:\/\/elfederalmendoza.com.ar\/index.php\/wp-json\/wp\/v2\/posts\/31875","targetHints":{"allow":["GET"]}}],"collection":[{"href":"https:\/\/elfederalmendoza.com.ar\/index.php\/wp-json\/wp\/v2\/posts"}],"about":[{"href":"https:\/\/elfederalmendoza.com.ar\/index.php\/wp-json\/wp\/v2\/types\/post"}],"author":[{"embeddable":true,"href":"https:\/\/elfederalmendoza.com.ar\/index.php\/wp-json\/wp\/v2\/users\/2"}],"replies":[{"embeddable":true,"href":"https:\/\/elfederalmendoza.com.ar\/index.php\/wp-json\/wp\/v2\/comments?post=31875"}],"version-history":[{"count":1,"href":"https:\/\/elfederalmendoza.com.ar\/index.php\/wp-json\/wp\/v2\/posts\/31875\/revisions"}],"predecessor-version":[{"id":31893,"href":"https:\/\/elfederalmendoza.com.ar\/index.php\/wp-json\/wp\/v2\/posts\/31875\/revisions\/31893"}],"wp:featuredmedia":[{"embeddable":true,"href":"https:\/\/elfederalmendoza.com.ar\/index.php\/wp-json\/wp\/v2\/media\/25214"}],"wp:attachment":[{"href":"https:\/\/elfederalmendoza.com.ar\/index.php\/wp-json\/wp\/v2\/media?parent=31875"}],"wp:term":[{"taxonomy":"category","embeddable":true,"href":"https:\/\/elfederalmendoza.com.ar\/index.php\/wp-json\/wp\/v2\/categories?post=31875"},{"taxonomy":"post_tag","embeddable":true,"href":"https:\/\/elfederalmendoza.com.ar\/index.php\/wp-json\/wp\/v2\/tags?post=31875"}],"curies":[{"name":"wp","href":"https:\/\/api.w.org\/{rel}","templated":true}]}}