{"id":31896,"date":"2024-02-15T09:52:39","date_gmt":"2024-02-15T12:52:39","guid":{"rendered":"https:\/\/elfederalmendoza.com\/?p=31896"},"modified":"2024-02-15T09:52:40","modified_gmt":"2024-02-15T12:52:40","slug":"video-javier-milei-insistio-con-la-dolarizacion-y-le-respondio-a-cristina-kirchner-el-gobierno-que-mas-endeudo-a-argentina-es-el-de-alberto","status":"publish","type":"post","link":"https:\/\/elfederalmendoza.com.ar\/index.php\/2024\/02\/15\/video-javier-milei-insistio-con-la-dolarizacion-y-le-respondio-a-cristina-kirchner-el-gobierno-que-mas-endeudo-a-argentina-es-el-de-alberto\/","title":{"rendered":"-VIDEO- Javier Milei insisti\u00f3 con la dolarizaci\u00f3n y le respondi\u00f3 a Cristina Kirchner: \u00abEl gobierno que m\u00e1s endeud\u00f3 a Argentina es el de Alberto\u00bb"},"content":{"rendered":"\n<p>Un d\u00eda despu\u00e9s de regresar de su gira que lo llev\u00f3 por Israel, Italia y el Vaticano, Javier Milei habl\u00f3 y\u00a0le contest\u00f3 a Cristina Kirchner, quien este mi\u00e9rcoles public\u00f3 un documento sobre la actualidad econ\u00f3mica en el que trat\u00f3 al Presidente de \u00abshowman\u00bb. \u00abLos nuevos tiempos requieren de\u00a0<strong>un poco de show<\/strong>\u00ab, le respondi\u00f3 el mandatario. Y le dio en un punto la raz\u00f3n: que, como apunt\u00f3 en su texto la expresidenta, mantiene en su agenda el plan de\u00a0<strong>la dolarizaci\u00f3n de la econom\u00eda<\/strong>\u00a0y, en algunos aspectos, hasta lo ve \u00aba tiro\u00bb de poder ser aplicado.<\/p>\n\n\n\n<p>\u00abCristina&nbsp;<strong>ignora algunas cuestiones b\u00e1sicas<\/strong>&nbsp;de Econom\u00eda. Por m\u00e1s que no le gusta, la inflaci\u00f3n es un fen\u00f3meno monetario\u00bb, rebati\u00f3 Milei en el plano que es su especialidad. No obstante,&nbsp;<strong>no fue confrontativo<\/strong>&nbsp;con la referente kirchnerista.<\/p>\n\n\n\n<p>\u00ab<strong>La carta de Cristina es intelectualmente honesta<\/strong>, pero adhiere a una cosa que es\u00a0<strong>una porquer\u00eda<\/strong>\u00ab, sostuvo, aunque no se mostr\u00f3 ofendido por el mote de showman. \u00abEs la opini\u00f3n de ella, est\u00e1 bien, eso no me molesta\u00bb, minimiz\u00f3.<\/p>\n\n\n\n<figure class=\"wp-block-embed is-type-video is-provider-youtube wp-block-embed-youtube wp-embed-aspect-16-9 wp-has-aspect-ratio\"><div class=\"wp-block-embed__wrapper\">\n<iframe loading=\"lazy\" title=\"Javier Milei: &quot;El da\u00f1o que caus\u00f3 la inflaci\u00f3n es tremendo&quot;; la entrevista completa en LN+\" width=\"640\" height=\"360\" src=\"https:\/\/www.youtube.com\/embed\/Nf3NpArROLk?feature=oembed\" frameborder=\"0\" allow=\"accelerometer; autoplay; clipboard-write; encrypted-media; gyroscope; picture-in-picture; web-share\" referrerpolicy=\"strict-origin-when-cross-origin\" allowfullscreen><\/iframe>\n<\/div><figcaption class=\"wp-element-caption\">La entrevista completa<\/figcaption><\/figure>\n\n\n\n<p>El Presidente argument\u00f3 que para \u00abel kirchnerismo\u00bb y su m\u00e1xima figura pol\u00edtica \u00ablo que genera la inflaci\u00f3n es la falta de d\u00f3lares\u00bb. \u00abEs de una&nbsp;<strong>precariedad conceptual grosera<\/strong>&nbsp;que la podr\u00eda haber entendido en la d\u00e9cada del 70, hoy ya no\u00bb, chicane\u00f3, en su rol de economista.<\/p>\n\n\n\n<p>Para Milei \u00abla gente s\u00ed lo est\u00e1 entendiendo\u00bb el programa econ\u00f3mico. \u00abPorque es la primera vez en la historia que alguien hizo campa\u00f1a diciendo que iba a haber ajuste\u00bb, apunt\u00f3.<\/p>\n\n\n\n<p>El Presidente argument\u00f3 que para \u00abel kirchnerismo\u00bb y su m\u00e1xima figura pol\u00edtica \u00ablo que genera la inflaci\u00f3n es la falta de d\u00f3lares\u00bb.<\/p>\n\n\n\n<p>\u00abVoy a decir algo m\u00e1s, para tratar de ayudarla a Cristina o&nbsp;<strong>los troncos que tiene de economistas<\/strong>&nbsp;que le hablan\u00bb, continu\u00f3 en una entrevista con LN+.<\/p>\n\n\n\n<p>\u00abArgentina arranc\u00f3 el siglo XX siendo el pa\u00eds m\u00e1s rico del mundo, hoy es 140. Ac\u00e1 algo pas\u00f3 mal. De los \u00faltimos 123 a\u00f1os, Argentina 113 tuvo d\u00e9ficit fiscal. Desde el 1900 hasta hoy tuvo 22 crisis, 20 tuvieron origen fiscal, \u00bfqu\u00e9 es la parte que no entiende?\u00bb, se pregunt\u00f3.<\/p>\n\n\n\n<p>Por otro lado, al ser consultado \u00ab<strong>por qu\u00e9 sigue habiendo gente de La C\u00e1mpora y de (Sergio) Massa en muchos ministerios<\/strong>\u00ab, sentenci\u00f3: \u00ab<strong>En la medida que los vamos detectando los vamos sacando<\/strong>\u00ab.<\/p>\n\n\n\n<p>\u00ab\u00bfNo hay pactos de ninguna naturaleza con el kirchnerismo?\u00bb, insistieron desde el estudio. Entonces, el Presidente respondi\u00f3 con una pregunta: \u00ab\u00bfMe votaron algo a favor en el Congreso?\u00bb. \u00ab<strong>Est\u00e1n con el club del helic\u00f3ptero todo el d\u00eda, \u00bfqu\u00e9 pacto tengo con eso?<\/strong>\u00ab, complet\u00f3.<\/p>\n\n\n\n<p>Respecto de la&nbsp;<strong>incorporaci\u00f3n de Daniel Scioli<\/strong>&nbsp;como secretario de Turismo, Ambiente y Deporte, explic\u00f3 que el exembajador en Brasil \u00ab<strong>tiene una experiencia fenomenal<\/strong>&nbsp;y conoce muy bien ese trabajo\u00bb.<\/p>\n\n\n\n<p>\u00ab\u00bfNo es casta?\u00bb, indagaron sobre el excandidato presidencial de Cristina Kirchner. En ese sentido, justific\u00f3: \u00ab<strong>Todos aquellos que se quieran sumar al cambio, a las ideas de libertad , vamos para adelante<\/strong>\u00ab.<\/p>\n\n\n\n<h2 class=\"wp-block-heading\">Javier Milei: los pilares del ajuste, \u00abla motosierra y la licuadora\u00bb y la dolarizaci\u00f3n que ya est\u00e1 \u00aba tiro\u00bb<\/h2>\n\n\n\n<p>Javier Milei fue luego consultado por su plan econ\u00f3mico, tras el fracaso de la Ley \u00d3mnibus. El Presidente reafirm\u00f3 sus planes, con su estilo particular. \u00ab<strong>La motosierra y la licuadora<\/strong>, que son los pilares del ajuste, no se negocian\u00bb, apunt\u00f3 y sigui\u00f3 con una enumeraci\u00f3n: \u00abEl d\u00e9ficit cero no se negocia. El proceso de saneamiento del Banco Central no se negocia\u00bb.<\/p>\n\n\n\n<p>\u00abUna vez que nosotros tenemos el equilibrio fiscal en d\u00e9ficit cero y saneado el BCRA vamos a estar en condiciones de abrir el mercado cambiario\u00bb, avanz\u00f3 Milei en un objetivo reclamado: el levantamiento del cepo al d\u00f3lar. \u00abCuando hagamos eso vamos a tener&nbsp;<strong>un rebrote de actividad econ\u00f3mica<\/strong>\u00ab, consider\u00f3.<\/p>\n\n\n\n<p>Hasta avanz\u00f3 en probables fechas. \u00abSi sigui\u00e9ramos limpiando el balance del BCRA al ritmo que lo hacemos, el FMI estima que podemos&nbsp;<strong>abrir el cepo a mitad de a\u00f1o<\/strong>\u00ab, proyect\u00f3.<\/p>\n\n\n\n<p>Milei dej\u00f3 un anuncio en la entrevista televisada. \u00abVamos a avanzar fuertemente contra todas las cajas de la pol\u00edtica\u00bb, dijo cuando le consultaron sobre los fideicomisos que tiene el Estado. \u00abSi los tengo&nbsp;<strong>a tiro de decreto<\/strong>, anotalos porque&nbsp;<strong>son boleta<\/strong>. Toda esa runfla son como&nbsp;<strong>20 mil millones de d\u00f3lares<\/strong>, son todas cajas negras de la pol\u00edtica\u00bb, arremeti\u00f3 Milei.<\/p>\n\n\n\n<p>El uso de un DNU no fue caprichoso: el propio Presidente aclar\u00f3 que existen fideicomisos creados por ley que no podr\u00edan ser cerrados por esa v\u00eda.<\/p>\n\n\n\n<p>Milei no mostr\u00f3 dudas para confirmar que\u00a0<strong>su idea de dolarizaci\u00f3n de la econom\u00eda sigue en pie<\/strong>, ratificando un punto de las hip\u00f3tesis que Cristina Kirchner puntualiz\u00f3 en su documento de 33 p\u00e1ginas.<\/p>\n\n\n\n<p>\u00abHoy tenemos una base monetaria de cerca de 8 mil millones de d\u00f3lares y compramos reservas por 7 mil millones. Tenemos cubierto el 87% de la base. Logramos desinflar pasivos y activos, pero sobre todo limpiamos la deuda de los importadores\u00bb, enumer\u00f3 como condiciones necesarias para aplicar la principal medida de su proyecto pol\u00edtico, seg\u00fan dej\u00f3 claro en la campa\u00f1a electoral.<\/p>\n\n\n\n<p>No obstante, marc\u00f3 que a\u00fan quedan pendientes para aplicar una dolarizaci\u00f3n. \u00abTe falta limpiar el resto de los pasivos remunerados, hay que seguir trabajando con el tema de los pases, y lo que necesit\u00e1s es una reforma del sistema financiero para que no sea vulnerable a una corrida\u00bb, puntualiz\u00f3.<\/p>\n\n\n\n<p>\u00ab<strong>La idea est\u00e1, pero demanda tiempo<\/strong>\u00ab, concluy\u00f3 sobre su plan dolarizador.<\/p>\n\n\n\n<h2 class=\"wp-block-heading\">Las conclusiones de Javier Milei sobre el fracaso de la Ley \u00d3mnibus, los \u00abtraidores\u00bb y dur\u00edsimos conceptos contra \u00abla casta pol\u00edtica\u00bb<\/h2>\n\n\n\n<p>En otro tramo, y como si hubiera retornado a su tono previo al acceso a la Casa Rosada, Milei se despach\u00f3 sin filtros contra \u00ablos pol\u00edticos\u00bb, con foco en los diputados, tras el naufragio de la Ley \u00d3mnibus, y los gobernadores. \u00ab<strong>El problema es que esta gente, los pol\u00edticos, no quieren ceder sus privilegios<\/strong>\u00ab, arremeti\u00f3.<\/p>\n\n\n\n<p>Explic\u00f3 entonces su objetivo con el megaproyecto que comenz\u00f3 con m\u00e1s de 600 art\u00edculos y que pese a sufrir amputaciones se frustr\u00f3 tras haber logrado una aprobaci\u00f3n en general. \u00abLa ley ten\u00eda dos objetivos, uno era terminar de&nbsp;<strong>ordenar el espectro pol\u00edtico<\/strong>&nbsp;y otro, plantear las reformas\u00bb, explic\u00f3 Milei.<\/p>\n\n\n\n<p>Milei se despach\u00f3 sin filtros contra \u00ablos pol\u00edticos\u00bb, con foco en los diputados, tras el naufragio de la Ley \u00d3mnibus, y los gobernadores.<\/p>\n\n\n\n<p>\u00abVengo hace muchos a\u00f1os con la idea de ordenar el espectro pol\u00edtico para que la gente entienda qu\u00e9 vota de un lado y qu\u00e9 vota del otro\u00bb, argument\u00f3 y pas\u00f3 a la munici\u00f3n verbal gruesa: \u00abEso implicaba que&nbsp;<strong>muchos delincuentes que se disfrazan de ovejas eran&nbsp;<\/strong>lobos\u00bb.<\/p>\n\n\n\n<p>Le repreguntaron si existen \u00abdiputados delincuentes\u00bb y Milei no dud\u00f3: \u00abObvio. Les mienten abiertamente a la gente, les hablan del cambio, pero como dice Macri&#8230; &#8216;\u00bfla m\u00eda est\u00e1?&#8217;\u201d, parafrase\u00f3 al expresidente.<\/p>\n\n\n\n<p>Pero Milei cree que el frustrado tratamiento en el Congreso desnud\u00f3 a quienes calific\u00f3 como \u00ab<strong>delincuentes<\/strong>&nbsp;que quieren seguir con este sistema de privilegios donde los pol\u00edticos se enriquecen\u00bb.<\/p>\n\n\n\n<p>\u00abLo m\u00e1s maravilloso que pas\u00f3 con la ley es que cuando la empezaron a desguazar dejaron en evidencia y todos&nbsp;<strong>los dedos sucios de quienes estaban sucios<\/strong>\u00ab, acus\u00f3.<\/p>\n\n\n\n<p>Neg\u00f3 el Presidente que\u00a0puntualizar con listas\u00a0qui\u00e9nes votaron contra art\u00edculos de la Ley \u00d3mnibus fuera un\u00a0<strong>escrache<\/strong>.<\/p>\n\n\n\n<p>\u00abEso es mentira, \u00bfo acaso no<strong>&nbsp;son p\u00fablicas las votaciones<\/strong>, no se pueden hacer cargo de lo que votaron?\u00bb, se plante\u00f3 y sostuvo que as\u00ed la gente sabr\u00eda qui\u00e9n vot\u00f3 \u00aba favor de los curros\u00bb.<\/p>\n\n\n\n<p>Entonces el creador de La Libertad Avanza proyect\u00f3 sus conclusiones del debate en un futuro plano electoral. \u00abCuando vengan a decir nosotros queremos el cambio somos republicanos&#8230; No, ustedes son una manga de delincuentes. Lo m\u00e1s lindo es que en el 2025 no van a pasar.&nbsp;<strong>El Congreso del 2025 va a generar la depuraci\u00f3n y va a sacar a estos delincuentes<\/strong>\u00ab, insisti\u00f3.<\/p>\n\n\n\n<p>\u00abLa gente detesta y desprecia a los pol\u00edticos. Siente asco. Tienen raz\u00f3n. Cuando vayamos a la pr\u00f3xima elecci\u00f3n&nbsp;<strong>todos esos no renuevan m\u00e1s sus bancas<\/strong>\u00ab, pronostic\u00f3, envalentonado.<\/p>\n\n\n\n<p>En su arremetida contra los pol\u00edticos,&nbsp;<strong>apunt\u00f3 contra Horacio Rodr\u00edguez Larreta<\/strong>. \u00ab\u00bfEst\u00e1n apostando a que te vayas antes de que termine tu mandato?\u00bb, le consultaron. Entonces, el mandatario le mand\u00f3 una indirecta al ex jefe de Gobierno porte\u00f1o: \u00ab<strong>S\u00ed, los que gritan &#8216;viva el consenso&#8217; tambi\u00e9n<\/strong>\u00ab.<\/p>\n\n\n\n<p>Le preguntaron si hablaba de Rodr\u00edguez Larreta y Milei, sin pelos en la lengua, enfatiz\u00f3: \u00ab<strong>S\u00ed, claro. \u00bfPor qu\u00e9 no dijo mejor viva la corrupci\u00f3n, carajo?<\/strong>\u00ab.<\/p>\n\n\n\n<p>El reportaje se llev\u00f3 a cabo en el despacho del Presidente en Casa Rosada y se grab\u00f3 durante la tarde de este mi\u00e9rcoles.<\/p>\n\n\n\n<p>Se trat\u00f3 de la primera entrevista que brind\u00f3 a un canal argentino en lo que va del a\u00f1o. Estaba previsto que le concediera a fines de enero&nbsp;<strong>un reportaje a Susana Gim\u00e9nez,&nbsp;<\/strong>pero ese compromiso<strong>&nbsp;<\/strong>fue finalmente suspendido, seg\u00fan la versi\u00f3n oficial, por problemas personales de la conductora de Telefe.<\/p>\n\n\n\n<p>Durante su reciente estad\u00eda en Italia, en tanto, fue entrevistado por Nicola Porro, conductor del programa&nbsp;<em><a href=\"https:\/\/www.clarin.com\/politica\/javier-milei-hablo-acercamiento-papa-francisco-entrevista-television-italiana-reconsiderar-posturas_0_r9YRWBhr1Z.html\">Quarta Republica<\/a><\/em>&nbsp;y vicedirector del diario Il Giornale, ambos propiedad de Mediaset, el conglomerado de medios que encabezaba el fallecido ex primer ministro Silvio Berlusconi.<\/p>\n\n\n\n<p><em>DS<\/em><\/p>\n","protected":false},"excerpt":{"rendered":"<p>Un d\u00eda despu\u00e9s de regresar de su gira que lo llev\u00f3 por Israel, Italia y el Vaticano, Javier Milei habl\u00f3 y\u00a0le contest\u00f3 a Cristina Kirchner, quien este mi\u00e9rcoles public\u00f3 un documento sobre la actualidad econ\u00f3mica en el que trat\u00f3 al Presidente de \u00abshowman\u00bb. \u00abLos nuevos tiempos requieren de\u00a0un poco de show\u00ab, le respondi\u00f3 el mandatario.<a class=\"read-more\" href=\"https:\/\/elfederalmendoza.com.ar\/index.php\/2024\/02\/15\/video-javier-milei-insistio-con-la-dolarizacion-y-le-respondio-a-cristina-kirchner-el-gobierno-que-mas-endeudo-a-argentina-es-el-de-alberto\/\"> [&hellip;]<\/a><\/p>\n","protected":false},"author":2,"featured_media":31901,"comment_status":"open","ping_status":"open","sticky":false,"template":"","format":"standard","meta":{"footnotes":""},"categories":[5618],"tags":[],"class_list":["post-31896","post","type-post","status-publish","format-standard","has-post-thumbnail","hentry","category-arg"],"rttpg_featured_image_url":{"full":["https:\/\/elfederalmendoza.com.ar\/wp-content\/uploads\/2024\/02\/milei7.jpg",1254,726,false],"landscape":["https:\/\/elfederalmendoza.com.ar\/wp-content\/uploads\/2024\/02\/milei7.jpg",1254,726,false],"portraits":["https:\/\/elfederalmendoza.com.ar\/wp-content\/uploads\/2024\/02\/milei7.jpg",1254,726,false],"thumbnail":["https:\/\/elfederalmendoza.com.ar\/wp-content\/uploads\/2024\/02\/milei7-150x150.jpg",150,150,true],"medium":["https:\/\/elfederalmendoza.com.ar\/wp-content\/uploads\/2024\/02\/milei7-300x174.jpg",300,174,true],"large":["https:\/\/elfederalmendoza.com.ar\/wp-content\/uploads\/2024\/02\/milei7-1024x593.jpg",640,371,true],"1536x1536":["https:\/\/elfederalmendoza.com.ar\/wp-content\/uploads\/2024\/02\/milei7.jpg",1254,726,false],"2048x2048":["https:\/\/elfederalmendoza.com.ar\/wp-content\/uploads\/2024\/02\/milei7.jpg",1254,726,false],"ultp_layout_landscape_large":["https:\/\/elfederalmendoza.com.ar\/wp-content\/uploads\/2024\/02\/milei7-1200x726.jpg",1200,726,true],"ultp_layout_landscape":["https:\/\/elfederalmendoza.com.ar\/wp-content\/uploads\/2024\/02\/milei7-870x570.jpg",870,570,true],"ultp_layout_portrait":["https:\/\/elfederalmendoza.com.ar\/wp-content\/uploads\/2024\/02\/milei7-600x726.jpg",600,726,true],"ultp_layout_square":["https:\/\/elfederalmendoza.com.ar\/wp-content\/uploads\/2024\/02\/milei7-600x600.jpg",600,600,true],"rpwe-thumbnail":["https:\/\/elfederalmendoza.com.ar\/wp-content\/uploads\/2024\/02\/milei7-45x45.jpg",45,45,true],"advps-thumb-one":["https:\/\/elfederalmendoza.com.ar\/wp-content\/uploads\/2024\/02\/milei7-1200x420.jpg",1200,420,true]},"rttpg_author":{"display_name":"Redacci\u00f3n El Federal","author_link":"https:\/\/elfederalmendoza.com.ar\/index.php\/author\/angelflores\/"},"rttpg_comment":0,"rttpg_category":"<a href=\"https:\/\/elfederalmendoza.com.ar\/index.php\/category\/arg\/\" rel=\"category tag\">Argentina<\/a>","rttpg_excerpt":"Un d\u00eda despu\u00e9s de regresar de su gira que lo llev\u00f3 por Israel, Italia y el Vaticano, Javier Milei habl\u00f3 y\u00a0le contest\u00f3 a Cristina Kirchner, quien este mi\u00e9rcoles public\u00f3 un documento sobre la actualidad econ\u00f3mica en el que trat\u00f3 al Presidente de \u00abshowman\u00bb. \u00abLos nuevos tiempos requieren de\u00a0un poco de show\u00ab, le respondi\u00f3 el mandatario.&hellip;","_links":{"self":[{"href":"https:\/\/elfederalmendoza.com.ar\/index.php\/wp-json\/wp\/v2\/posts\/31896","targetHints":{"allow":["GET"]}}],"collection":[{"href":"https:\/\/elfederalmendoza.com.ar\/index.php\/wp-json\/wp\/v2\/posts"}],"about":[{"href":"https:\/\/elfederalmendoza.com.ar\/index.php\/wp-json\/wp\/v2\/types\/post"}],"author":[{"embeddable":true,"href":"https:\/\/elfederalmendoza.com.ar\/index.php\/wp-json\/wp\/v2\/users\/2"}],"replies":[{"embeddable":true,"href":"https:\/\/elfederalmendoza.com.ar\/index.php\/wp-json\/wp\/v2\/comments?post=31896"}],"version-history":[{"count":1,"href":"https:\/\/elfederalmendoza.com.ar\/index.php\/wp-json\/wp\/v2\/posts\/31896\/revisions"}],"predecessor-version":[{"id":31902,"href":"https:\/\/elfederalmendoza.com.ar\/index.php\/wp-json\/wp\/v2\/posts\/31896\/revisions\/31902"}],"wp:featuredmedia":[{"embeddable":true,"href":"https:\/\/elfederalmendoza.com.ar\/index.php\/wp-json\/wp\/v2\/media\/31901"}],"wp:attachment":[{"href":"https:\/\/elfederalmendoza.com.ar\/index.php\/wp-json\/wp\/v2\/media?parent=31896"}],"wp:term":[{"taxonomy":"category","embeddable":true,"href":"https:\/\/elfederalmendoza.com.ar\/index.php\/wp-json\/wp\/v2\/categories?post=31896"},{"taxonomy":"post_tag","embeddable":true,"href":"https:\/\/elfederalmendoza.com.ar\/index.php\/wp-json\/wp\/v2\/tags?post=31896"}],"curies":[{"name":"wp","href":"https:\/\/api.w.org\/{rel}","templated":true}]}}