{"id":31924,"date":"2024-02-16T13:11:53","date_gmt":"2024-02-16T16:11:53","guid":{"rendered":"https:\/\/elfederalmendoza.com\/?p=31924"},"modified":"2024-02-16T13:11:58","modified_gmt":"2024-02-16T16:11:58","slug":"milei-sobre-la-inflacion-el-momento-mas-duro-sera-entre-marzo-y-abril","status":"publish","type":"post","link":"https:\/\/elfederalmendoza.com.ar\/index.php\/2024\/02\/16\/milei-sobre-la-inflacion-el-momento-mas-duro-sera-entre-marzo-y-abril\/","title":{"rendered":"Milei, sobre la inflaci\u00f3n: \u00abel momento m\u00e1s duro ser\u00e1 entre marzo y abril\u00bb"},"content":{"rendered":"\n<p>El presidente Javier Milei afirm\u00f3 este viernes que\u00a0<strong>\u00abse est\u00e1 logrando bajar la\u00a0inflaci\u00f3n\u00bb<\/strong>\u00a0y precis\u00f3 que en las dos primeras semanas de febrero el \u00edndice \u00abviene al 10 por ciento\u00bb.<\/p>\n\n\n\n<p>Milei sostuvo que&nbsp;<strong>\u00abel momento m\u00e1s duro ser\u00e1 entre marzo y abril\u00bb y luego \u00abcomo se toca fondo, empez\u00e1s a rebotar\u00bb<\/strong>.<\/p>\n\n\n\n<p>\u00abSiguiendo las estimaciones del FMI, el momento m\u00e1s duro ser\u00e1 entre marzo y abril y, a partir de ah\u00ed, tocaste fondo y empez\u00e1s a rebotar.&nbsp;<strong>Si todo siguiera como viene ahora, las estimaciones del FMI dicen que podemos abrir el cepo a mitad de a\u00f1o<\/strong>&nbsp;y, cuando abr\u00eds el cepo, la econom\u00eda se dispara para delante\u00bb, dijo el Presidente.<br>El Presidente destac\u00f3 la baja de la inflaci\u00f3n y los efectos del DNU 70\/2023, especialmente en lo que respecta a los&nbsp;<strong>alquileres<\/strong>, los cuales,&nbsp;<strong>seg\u00fan el Presidente, mostraron una \u201cduplicaci\u00f3n en la oferta\u201d y un \u201cdesplome en t\u00e9rminos reales\u201d de los precios<\/strong>.<\/p>\n\n\n\n<blockquote class=\"wp-block-quote is-layout-flow wp-block-quote-is-layout-flow\">\n<p>\u201cSomos los campeones del progresismo.&nbsp;El impuesto que m\u00e1s da\u00f1o le hace a la gente es la inflaci\u00f3n y nosotros evitamos la hiperinflaci\u00f3n\u201dJavier Milei<\/p>\n<\/blockquote>\n\n\n\n<p>\u201cEstamos logrando bajar la inflaci\u00f3n. \u00cdbamos a una inflaci\u00f3n del 17.000% porque la inflaci\u00f3n mayorista dio 54%. Logramos que la de diciembre fuera de 25% y que caiga a 20% en enero, cuando enero estacionalmente juega en contra y repetir el mismo n\u00famero hubiera sido un buen n\u00famero\u201d, celebr\u00f3 Milei.<\/p>\n\n\n\n<p>Respecto al \u00edndice de este mes,&nbsp;<strong>el mandatario dijo que los datos \u201cvienen al 10%\u201d seg\u00fan los indicadores de alta frecuencia<\/strong>.<\/p>\n\n\n\n<p>\u201cLas dos primeras semanas de febrero 10%. Hoy viene al 10% la inflaci\u00f3n.&nbsp;<strong>Es un dato, no es una opini\u00f3n<\/strong>\u201d, indic\u00f3 y destac\u00f3 tambi\u00e9n \u201cel desplome\u201d en la curva de futuros del d\u00f3lar.<\/p>\n\n\n\n<p>En ese sentido, para Milei, la pol\u00edtica de baja de inflaci\u00f3n es \u201cfuertemente progresista\u201d.<\/p>\n\n\n\n<p>\u201c<strong>Somos los campeones del progresismo.&nbsp;<\/strong>El impuesto que m\u00e1s da\u00f1o le hace a la gente es la inflaci\u00f3n y nosotros evitamos la hiperinflaci\u00f3n\u201d, dijo el jefe de Estado.<\/p>\n\n\n\n<p>Tambi\u00e9n subray\u00f3 el trabajo realizado por el&nbsp;<strong>Banco Central<\/strong>&nbsp;en materia de reservas y base monetaria con una \u201cmejora\u201d en sus activos y un pasivo que \u201csigue siendo el mismo\u201d.<\/p>\n\n\n\n<p>\u201cRecibimos al Banco Central con reservas internacionales netas negativas en US$ 11.000 millones y&nbsp;<strong>hasta hoy compramos US$ 7.000 millones<\/strong>. Y la base monetaria pr\u00e1cticamente no se movi\u00f3 porque se absorbi\u00f3 dinero por sector fiscal y por el Bopreal\u201d, sostuvo el primer mandatario.<\/p>\n\n\n\n<p>En ese sentido, se\u00f1al\u00f3 que la base monetaria actual \u2013de US$ 8.000 millones- tiene \u201cm\u00e1s respaldo del que ten\u00eda la Convertibilidad\u201d y reiter\u00f3 sus planes de dolarizar: \u201csi terminamos de limpiar los pasivos renumerados del Banco Central podemos dolarizar\u201d.<\/p>\n\n\n\n<p><strong>Respecto de los salarios, Milei acus\u00f3 al \u201cpopulismo\u201d y a \u00ab100 a\u00f1os de pol\u00edticas socialistas\u00bb de \u201chacer caer m\u00e1s del 90% de los ingresos en d\u00f3lares\u201d.<\/strong><\/p>\n\n\n\n<p>\u201cArgentina tiene salarios de US$ 200 o US$ 300 que es una miseria cuando en la Convertibilidad ten\u00edamos de US$ 1.800 y, si segu\u00edamos en la misma tendencia, hubieran sido de US$ 3.000\u201d, remarc\u00f3.<\/p>\n\n\n\n<p>Pese a esto, volvi\u00f3 a enfatizar la necesidad de&nbsp;<a href=\"https:\/\/www.telam.com.ar\/notas\/202402\/655367-energia-aumentos-edesur-edenor.html\" target=\"_blank\" rel=\"noreferrer noopener\">recomponer las tarifas el\u00e9ctricas<\/a>&nbsp;y de otros servicios.<\/p>\n\n\n\n<p>\u201cEl problema no es que las tarifas sean caras. El problema es el salario. Hay que dejar la demagogia con los precios. Los precios tienen que ser precios de mercado. No podemos vivir rompiendo el sistema de precios por cuestiones emocionales porque si no, no queda nada\u201d, asever\u00f3.<\/p>\n\n\n\n<p>Por \u00faltimo,&nbsp;<strong>se mostr\u00f3 confiado en que \u201cbajar\u00e1n las tasas de inter\u00e9s\u201d y subir\u00e1n \u201cla actividad, el empleo y los salarios reales\u201d<\/strong>.<\/p>\n\n\n\n<p>No obstante, se lament\u00f3 que no se haya aprobado la Ley Bases en el Congreso, la cual hubiera llevado al pa\u00eds a una \u201ctasa de crecimiento muy fuerte\u201d del \u201c10% anual\u201d y a un sendero que hubiera permitido a Argentina a \u201cparecerse a Alemania\u201d en \u201c20 a\u00f1os\u201d.<\/p>\n\n\n\n<p>\u201cCon la econom\u00eda creciendo en 2025 vamos a arrasar en las elecciones y vamos a tener un Congreso como la gente para que votemos todas las reformas pro-mercado y Argentina despegue como un cohete\u201d, enfatiz\u00f3 Milei.<\/p>\n","protected":false},"excerpt":{"rendered":"<p>El presidente Javier Milei afirm\u00f3 este viernes que\u00a0\u00abse est\u00e1 logrando bajar la\u00a0inflaci\u00f3n\u00bb\u00a0y precis\u00f3 que en las dos primeras semanas de febrero el \u00edndice \u00abviene al 10 por ciento\u00bb. Milei sostuvo que&nbsp;\u00abel momento m\u00e1s duro ser\u00e1 entre marzo y abril\u00bb y luego \u00abcomo se toca fondo, empez\u00e1s a rebotar\u00bb. \u00abSiguiendo las estimaciones del FMI, el momento<a class=\"read-more\" href=\"https:\/\/elfederalmendoza.com.ar\/index.php\/2024\/02\/16\/milei-sobre-la-inflacion-el-momento-mas-duro-sera-entre-marzo-y-abril\/\"> [&hellip;]<\/a><\/p>\n","protected":false},"author":2,"featured_media":31382,"comment_status":"open","ping_status":"open","sticky":false,"template":"","format":"standard","meta":{"footnotes":""},"categories":[5618],"tags":[],"class_list":["post-31924","post","type-post","status-publish","format-standard","has-post-thumbnail","hentry","category-arg"],"rttpg_featured_image_url":{"full":["https:\/\/elfederalmendoza.com.ar\/wp-content\/uploads\/2024\/01\/milei-artistas.jpg",1427,795,false],"landscape":["https:\/\/elfederalmendoza.com.ar\/wp-content\/uploads\/2024\/01\/milei-artistas.jpg",1427,795,false],"portraits":["https:\/\/elfederalmendoza.com.ar\/wp-content\/uploads\/2024\/01\/milei-artistas.jpg",1427,795,false],"thumbnail":["https:\/\/elfederalmendoza.com.ar\/wp-content\/uploads\/2024\/01\/milei-artistas-150x150.jpg",150,150,true],"medium":["https:\/\/elfederalmendoza.com.ar\/wp-content\/uploads\/2024\/01\/milei-artistas-300x167.jpg",300,167,true],"large":["https:\/\/elfederalmendoza.com.ar\/wp-content\/uploads\/2024\/01\/milei-artistas-1024x570.jpg",640,356,true],"1536x1536":["https:\/\/elfederalmendoza.com.ar\/wp-content\/uploads\/2024\/01\/milei-artistas.jpg",1427,795,false],"2048x2048":["https:\/\/elfederalmendoza.com.ar\/wp-content\/uploads\/2024\/01\/milei-artistas.jpg",1427,795,false],"ultp_layout_landscape_large":["https:\/\/elfederalmendoza.com.ar\/wp-content\/uploads\/2024\/01\/milei-artistas-1200x795.jpg",1200,795,true],"ultp_layout_landscape":["https:\/\/elfederalmendoza.com.ar\/wp-content\/uploads\/2024\/01\/milei-artistas-870x570.jpg",870,570,true],"ultp_layout_portrait":["https:\/\/elfederalmendoza.com.ar\/wp-content\/uploads\/2024\/01\/milei-artistas-600x795.jpg",600,795,true],"ultp_layout_square":["https:\/\/elfederalmendoza.com.ar\/wp-content\/uploads\/2024\/01\/milei-artistas-600x600.jpg",600,600,true],"rpwe-thumbnail":["https:\/\/elfederalmendoza.com.ar\/wp-content\/uploads\/2024\/01\/milei-artistas-45x45.jpg",45,45,true],"advps-thumb-one":["https:\/\/elfederalmendoza.com.ar\/wp-content\/uploads\/2024\/01\/milei-artistas-1200x420.jpg",1200,420,true]},"rttpg_author":{"display_name":"Redacci\u00f3n El Federal","author_link":"https:\/\/elfederalmendoza.com.ar\/index.php\/author\/angelflores\/"},"rttpg_comment":0,"rttpg_category":"<a href=\"https:\/\/elfederalmendoza.com.ar\/index.php\/category\/arg\/\" rel=\"category tag\">Argentina<\/a>","rttpg_excerpt":"El presidente Javier Milei afirm\u00f3 este viernes que\u00a0\u00abse est\u00e1 logrando bajar la\u00a0inflaci\u00f3n\u00bb\u00a0y precis\u00f3 que en las dos primeras semanas de febrero el \u00edndice \u00abviene al 10 por ciento\u00bb. Milei sostuvo que&nbsp;\u00abel momento m\u00e1s duro ser\u00e1 entre marzo y abril\u00bb y luego \u00abcomo se toca fondo, empez\u00e1s a rebotar\u00bb. \u00abSiguiendo las estimaciones del FMI, el momento&hellip;","_links":{"self":[{"href":"https:\/\/elfederalmendoza.com.ar\/index.php\/wp-json\/wp\/v2\/posts\/31924","targetHints":{"allow":["GET"]}}],"collection":[{"href":"https:\/\/elfederalmendoza.com.ar\/index.php\/wp-json\/wp\/v2\/posts"}],"about":[{"href":"https:\/\/elfederalmendoza.com.ar\/index.php\/wp-json\/wp\/v2\/types\/post"}],"author":[{"embeddable":true,"href":"https:\/\/elfederalmendoza.com.ar\/index.php\/wp-json\/wp\/v2\/users\/2"}],"replies":[{"embeddable":true,"href":"https:\/\/elfederalmendoza.com.ar\/index.php\/wp-json\/wp\/v2\/comments?post=31924"}],"version-history":[{"count":2,"href":"https:\/\/elfederalmendoza.com.ar\/index.php\/wp-json\/wp\/v2\/posts\/31924\/revisions"}],"predecessor-version":[{"id":31943,"href":"https:\/\/elfederalmendoza.com.ar\/index.php\/wp-json\/wp\/v2\/posts\/31924\/revisions\/31943"}],"wp:featuredmedia":[{"embeddable":true,"href":"https:\/\/elfederalmendoza.com.ar\/index.php\/wp-json\/wp\/v2\/media\/31382"}],"wp:attachment":[{"href":"https:\/\/elfederalmendoza.com.ar\/index.php\/wp-json\/wp\/v2\/media?parent=31924"}],"wp:term":[{"taxonomy":"category","embeddable":true,"href":"https:\/\/elfederalmendoza.com.ar\/index.php\/wp-json\/wp\/v2\/categories?post=31924"},{"taxonomy":"post_tag","embeddable":true,"href":"https:\/\/elfederalmendoza.com.ar\/index.php\/wp-json\/wp\/v2\/tags?post=31924"}],"curies":[{"name":"wp","href":"https:\/\/api.w.org\/{rel}","templated":true}]}}