{"id":31946,"date":"2024-02-17T10:11:30","date_gmt":"2024-02-17T13:11:30","guid":{"rendered":"https:\/\/elfederalmendoza.com\/?p=31946"},"modified":"2024-02-17T10:11:33","modified_gmt":"2024-02-17T13:11:33","slug":"si-no-pagan-los-doy-de-baja-denuncian-a-puntera-por-extorsionar-a-beneficiarios-del-potenciar-trabajo","status":"publish","type":"post","link":"https:\/\/elfederalmendoza.com.ar\/index.php\/2024\/02\/17\/si-no-pagan-los-doy-de-baja-denuncian-a-puntera-por-extorsionar-a-beneficiarios-del-potenciar-trabajo\/","title":{"rendered":"\u201cSi no pagan, los doy de baja\u201d: denuncian a puntera por extorsionar a beneficiarios del Potenciar Trabajo"},"content":{"rendered":"\n<p><strong>Una puntera pol\u00edtica de Mar del Plata fue denunciada penalmente por presuntas extorsiones a beneficiarios del Potenciar Trabajo, a quienes obligaba a marchar con las organizaciones sociales y adem\u00e1s les cobraba un porcentaje de su salario para un supuesto \u201cFondo de lucha\u201d. A los que no aportaban, los amenazaba con darles de baja el plan social. Una pr\u00e1ctica totalmente ilegal.<\/strong><\/p>\n\n\n\n<p><strong>Se trata de la referente de la organizaci\u00f3n social Frente Social La Nueva Independencia de la UTEP, Naara Salom\u00f3n, que tambi\u00e9n es hija del defensor del pueblo y presidente de las asociaciones vecinales de fomento de General Pueyrred\u00f3n, Luis Salom\u00f3n.<\/strong><\/p>\n\n\n\n<p>La denuncia fue presentada en enero por la diputada provincial de Juntos por el Cambio, Sof\u00eda Pomponio. Debido a la feria judicial, la causa ingres\u00f3 a la Fiscal\u00eda N\u00b012 de Mar del Plata. Esta semana, los fiscales Daniela Ledesma y Leandro Favaro pidieron la declinatoria de la competencia y&nbsp;<strong>en las \u00faltimas horas se resolvi\u00f3 que el caso pase al fuero federal, ya que se trata de una defraudaci\u00f3n al Estado nacional.<\/strong><\/p>\n\n\n\n<p><strong><u>C\u00f3mo era la extorsi\u00f3n de los punteros pol\u00edticos<\/u><\/strong><\/p>\n\n\n\n<p>El Potenciar Trabajo es una ayuda social que brinda el Estado, donde el beneficiario debe trabajar 60 horas por un sueldo que actualmente ronda los 78 mil pesos. Est\u00e1 destinado a personas en situaci\u00f3n de vulnerabilidad, desocupados y muchas veces sin educaci\u00f3n b\u00e1sica.<br>En este programa se incorpor\u00f3 la figura de unidad de generaci\u00f3n, m\u00e1s conocidas como organizaciones sociales, que son las intermediarias entre el beneficiario y el Estado. Son las encargadas de controlar esta contraprestaci\u00f3n. Sin embargo,<strong>&nbsp;el Gobierno ya recibi\u00f3 al menos 5 mil denuncias por irregularidades y presuntas extorsiones.<br><\/strong><br>Seg\u00fan pudo saber TN, este programa es utilizado de manera fraudulenta por parte de muchos punteros pol\u00edticos, que abusan de su poder para obligar a los beneficiarios a movilizar a las distintas protestas que hacen en contra del Gobierno, tanto al Ministerio de Capital Humano, al Obelisco o a Plaza de Mayo. Es una pr\u00e1ctica conocida que lleva a\u00f1os de gesti\u00f3n, pero que poco a poco se van detectando.<\/p>\n\n\n\n<p>Actualmente,&nbsp;<strong>a esta pr\u00e1ctica se le suma una nueva maniobra que es la de recaudar dinero para financiar la famosa \u201ccaja negra\u201d de las organizaciones sociales<\/strong>. Se basa en captar personas desempleadas, a quienes le prometen dinero a cambio de sus servicios. A los que no movilizan y adem\u00e1s no aportan en el fondo de lucha, son amenazados por los punteros pol\u00edticos.<\/p>\n\n\n\n<p>Seg\u00fan cont\u00f3 la diputada Pomponio en di\u00e1logo con TN, el caso de Salom\u00f3n sali\u00f3 a la luz a ra\u00edz de un llamado que recibi\u00f3 en enero, donde una mujer que vive en General Pueyrred\u00f3n revel\u00f3 la supuesta maniobra delictiva que llevaba a cabo la puntera pol\u00edtica.<strong>&nbsp;La beneficiaria se reuni\u00f3 con la legisladora provincial para contarle lo que estaba atravesando, accedi\u00f3 a hacer la denuncia y pidi\u00f3 mantener la identidad reservada por miedo a represalias.<br><\/strong><br><strong>\u201cPrimero la denunciante fue captada en abril del 2023 por una organizaci\u00f3n social que le ofreci\u00f3 meterla en el programa a cambio de ir a manifestaciones. Ella estaba sin trabajo y lo tom\u00f3<\/strong>. Vale aclarar que ella nunca tuvo contacto con el Estado, sino que los intermediarios fueron los de la organizaci\u00f3n social\u201d, cont\u00f3 Pomponio.<\/p>\n\n\n\n<p><strong>\u201cDespu\u00e9s empez\u00f3 a ir a las manifestaciones a Buenos Aires y le exig\u00edan un monto mensual para aportar a un fondo de lucha. Recib\u00eda amenaza y hostigamiento de un puntero pol\u00edtico, que le dec\u00eda que si no se le transfer\u00eda el dinero la daba de baja. Al poco tiempo ella empez\u00f3 a tener problemas de salud y este puntero le dice que se pase a otra organizaci\u00f3n porque no le serv\u00eda que no vaya a las manifestaciones\u201d,&nbsp;<\/strong>agreg\u00f3.<\/p>\n\n\n\n<p>Despu\u00e9s de ese altercado, la mujer conoci\u00f3 a Naara Salom\u00f3n. \u201c<strong>Ella le prometi\u00f3 ayudarla con el Potenciar y la sum\u00f3 a un grupo de WhatsApp donde hay 369 personas, que tambi\u00e9n son beneficiarios. Pero tambi\u00e9n se repiti\u00f3 la misma pr\u00e1ctica extorsiva\u201d<\/strong>, cont\u00f3 Pomponio.<\/p>\n\n\n\n<figure class=\"wp-block-image size-large\"><img loading=\"lazy\" decoding=\"async\" width=\"1024\" height=\"573\" src=\"https:\/\/elfederalmendoza.com\/wp-content\/uploads\/2024\/02\/image-1024x573.png\" alt=\"\" class=\"wp-image-31950\" srcset=\"https:\/\/elfederalmendoza.com.ar\/wp-content\/uploads\/2024\/02\/image-1024x573.png 1024w, https:\/\/elfederalmendoza.com.ar\/wp-content\/uploads\/2024\/02\/image-300x168.png 300w, https:\/\/elfederalmendoza.com.ar\/wp-content\/uploads\/2024\/02\/image-768x430.png 768w, https:\/\/elfederalmendoza.com.ar\/wp-content\/uploads\/2024\/02\/image.png 1440w\" sizes=\"auto, (max-width: 1024px) 100vw, 1024px\" \/><\/figure>\n\n\n\n<p><strong>\u201cNaara le iba avisando mensualmente cu\u00e1ndo deb\u00edan depositar el dinero en una cuenta de Mercado Pago. Les daba 10 horas para transferir. Al principio eran 3500 pesos y despu\u00e9s elevaron el monto a los 5 mil pesos\u201d<\/strong>, sum\u00f3 la diputada. Seg\u00fan sus declaraciones, el fondo de lucha lo utilizan las organizaciones sociales para financiarse. \u201cEs su caja negra\u201d, asegur\u00f3.<\/p>\n\n\n\n<p>La legisladora aport\u00f3 los mensajes de WhatsApp donde la puntera amenazaba a los 369 miembros con quitarles su \u00fanico sustento.&nbsp;<strong>\u201cEste mes va a ser como los anteriores. Quienes no tengan el fondo de lucha pago se manda directamente a desvinculaci\u00f3n\/suspensi\u00f3n\u201d,<\/strong>&nbsp;dice uno de los textos que fueron incorporados en la denuncia.<\/p>\n\n\n\n<p>Sobre la din\u00e1mica de la extorsi\u00f3n, precis\u00f3: \u201c<strong>Cada una hora iba avisando en el grupo quienes no pagaron, exponiendo a las personas que no transfirieron el dinero. Les daba tiempo hasta las 17 del d\u00eda que se hizo el dep\u00f3sito. A los que se atrasaban los hostigaba y extorsionaba con quitarles el beneficio\u201d.<\/strong><\/p>\n\n\n\n<p>\u201cYa s\u00e9 que todos empezaron a tener problemas con la app (Mercado Pago). Les avis\u00e9 que depositen temprano. Yo hasta las 17 voy a esperar. Quien no cumpli\u00f3 ir\u00e1 en incumplimiento a Buenos Aires. No nos extenderemos bajo ning\u00fan tipo de excusa\u201d, dec\u00eda otro de los mensajes de Salom\u00f3n.<\/p>\n\n\n\n<p>Despu\u00e9s de la denuncia de esta mujer, la diputada cont\u00f3 que otras personas se contactaron con ella para sumarse a testificar y a colaborar con la Justicia, no solo por la maniobra delictiva de Salom\u00f3n, sino que tambi\u00e9n mencionaron la misma pr\u00e1ctica de otras organizaciones sociales.<\/p>\n\n\n\n<p>Por Carolina Villalba \/<a href=\"https:\/\/tn.com.ar\/politica\/2024\/02\/16\/si-no-pagan-los-doy-de-baja-denuncian-a-una-puntera-por-extorsionar-a-beneficiarios-del-potenciar-trabajo\/\">&nbsp;TN<\/a><\/p>\n","protected":false},"excerpt":{"rendered":"<p>Una puntera pol\u00edtica de Mar del Plata fue denunciada penalmente por presuntas extorsiones a beneficiarios del Potenciar Trabajo, a quienes obligaba a marchar con las organizaciones sociales y adem\u00e1s les cobraba un porcentaje de su salario para un supuesto \u201cFondo de lucha\u201d. A los que no aportaban, los amenazaba con darles de baja el plan<a class=\"read-more\" href=\"https:\/\/elfederalmendoza.com.ar\/index.php\/2024\/02\/17\/si-no-pagan-los-doy-de-baja-denuncian-a-puntera-por-extorsionar-a-beneficiarios-del-potenciar-trabajo\/\"> [&hellip;]<\/a><\/p>\n","protected":false},"author":2,"featured_media":31292,"comment_status":"open","ping_status":"open","sticky":false,"template":"","format":"standard","meta":{"footnotes":""},"categories":[5618],"tags":[],"class_list":["post-31946","post","type-post","status-publish","format-standard","has-post-thumbnail","hentry","category-arg"],"rttpg_featured_image_url":{"full":["https:\/\/elfederalmendoza.com.ar\/wp-content\/uploads\/2024\/01\/patricia-bullrich-anunciara-un-protocolo-antipiquetes.webp",790,444,false],"landscape":["https:\/\/elfederalmendoza.com.ar\/wp-content\/uploads\/2024\/01\/patricia-bullrich-anunciara-un-protocolo-antipiquetes.webp",790,444,false],"portraits":["https:\/\/elfederalmendoza.com.ar\/wp-content\/uploads\/2024\/01\/patricia-bullrich-anunciara-un-protocolo-antipiquetes.webp",790,444,false],"thumbnail":["https:\/\/elfederalmendoza.com.ar\/wp-content\/uploads\/2024\/01\/patricia-bullrich-anunciara-un-protocolo-antipiquetes-150x150.webp",150,150,true],"medium":["https:\/\/elfederalmendoza.com.ar\/wp-content\/uploads\/2024\/01\/patricia-bullrich-anunciara-un-protocolo-antipiquetes-300x169.webp",300,169,true],"large":["https:\/\/elfederalmendoza.com.ar\/wp-content\/uploads\/2024\/01\/patricia-bullrich-anunciara-un-protocolo-antipiquetes.webp",640,360,false],"1536x1536":["https:\/\/elfederalmendoza.com.ar\/wp-content\/uploads\/2024\/01\/patricia-bullrich-anunciara-un-protocolo-antipiquetes.webp",790,444,false],"2048x2048":["https:\/\/elfederalmendoza.com.ar\/wp-content\/uploads\/2024\/01\/patricia-bullrich-anunciara-un-protocolo-antipiquetes.webp",790,444,false],"ultp_layout_landscape_large":["https:\/\/elfederalmendoza.com.ar\/wp-content\/uploads\/2024\/01\/patricia-bullrich-anunciara-un-protocolo-antipiquetes.webp",790,444,false],"ultp_layout_landscape":["https:\/\/elfederalmendoza.com.ar\/wp-content\/uploads\/2024\/01\/patricia-bullrich-anunciara-un-protocolo-antipiquetes.webp",790,444,false],"ultp_layout_portrait":["https:\/\/elfederalmendoza.com.ar\/wp-content\/uploads\/2024\/01\/patricia-bullrich-anunciara-un-protocolo-antipiquetes-600x444.webp",600,444,true],"ultp_layout_square":["https:\/\/elfederalmendoza.com.ar\/wp-content\/uploads\/2024\/01\/patricia-bullrich-anunciara-un-protocolo-antipiquetes-600x444.webp",600,444,true],"rpwe-thumbnail":["https:\/\/elfederalmendoza.com.ar\/wp-content\/uploads\/2024\/01\/patricia-bullrich-anunciara-un-protocolo-antipiquetes-45x45.webp",45,45,true],"advps-thumb-one":["https:\/\/elfederalmendoza.com.ar\/wp-content\/uploads\/2024\/01\/patricia-bullrich-anunciara-un-protocolo-antipiquetes-790x420.webp",790,420,true]},"rttpg_author":{"display_name":"Redacci\u00f3n El Federal","author_link":"https:\/\/elfederalmendoza.com.ar\/index.php\/author\/angelflores\/"},"rttpg_comment":0,"rttpg_category":"<a href=\"https:\/\/elfederalmendoza.com.ar\/index.php\/category\/arg\/\" rel=\"category tag\">Argentina<\/a>","rttpg_excerpt":"Una puntera pol\u00edtica de Mar del Plata fue denunciada penalmente por presuntas extorsiones a beneficiarios del Potenciar Trabajo, a quienes obligaba a marchar con las organizaciones sociales y adem\u00e1s les cobraba un porcentaje de su salario para un supuesto \u201cFondo de lucha\u201d. A los que no aportaban, los amenazaba con darles de baja el plan&hellip;","_links":{"self":[{"href":"https:\/\/elfederalmendoza.com.ar\/index.php\/wp-json\/wp\/v2\/posts\/31946","targetHints":{"allow":["GET"]}}],"collection":[{"href":"https:\/\/elfederalmendoza.com.ar\/index.php\/wp-json\/wp\/v2\/posts"}],"about":[{"href":"https:\/\/elfederalmendoza.com.ar\/index.php\/wp-json\/wp\/v2\/types\/post"}],"author":[{"embeddable":true,"href":"https:\/\/elfederalmendoza.com.ar\/index.php\/wp-json\/wp\/v2\/users\/2"}],"replies":[{"embeddable":true,"href":"https:\/\/elfederalmendoza.com.ar\/index.php\/wp-json\/wp\/v2\/comments?post=31946"}],"version-history":[{"count":1,"href":"https:\/\/elfederalmendoza.com.ar\/index.php\/wp-json\/wp\/v2\/posts\/31946\/revisions"}],"predecessor-version":[{"id":31951,"href":"https:\/\/elfederalmendoza.com.ar\/index.php\/wp-json\/wp\/v2\/posts\/31946\/revisions\/31951"}],"wp:featuredmedia":[{"embeddable":true,"href":"https:\/\/elfederalmendoza.com.ar\/index.php\/wp-json\/wp\/v2\/media\/31292"}],"wp:attachment":[{"href":"https:\/\/elfederalmendoza.com.ar\/index.php\/wp-json\/wp\/v2\/media?parent=31946"}],"wp:term":[{"taxonomy":"category","embeddable":true,"href":"https:\/\/elfederalmendoza.com.ar\/index.php\/wp-json\/wp\/v2\/categories?post=31946"},{"taxonomy":"post_tag","embeddable":true,"href":"https:\/\/elfederalmendoza.com.ar\/index.php\/wp-json\/wp\/v2\/tags?post=31946"}],"curies":[{"name":"wp","href":"https:\/\/api.w.org\/{rel}","templated":true}]}}