{"id":32062,"date":"2024-02-27T09:59:49","date_gmt":"2024-02-27T12:59:49","guid":{"rendered":"https:\/\/elfederalmendoza.com\/?p=32062"},"modified":"2024-02-27T09:59:51","modified_gmt":"2024-02-27T12:59:51","slug":"causa-vialidad-el-fiscal-ratifico-que-en-los-gobiernos-k-funciono-una-asociacion-ilicita-y-pidio-12-anos-de-carcel-para-cristina-kirchner","status":"publish","type":"post","link":"https:\/\/elfederalmendoza.com.ar\/index.php\/2024\/02\/27\/causa-vialidad-el-fiscal-ratifico-que-en-los-gobiernos-k-funciono-una-asociacion-ilicita-y-pidio-12-anos-de-carcel-para-cristina-kirchner\/","title":{"rendered":"Causa Vialidad: el fiscal ratific\u00f3 que en los gobiernos K \u201cfuncion\u00f3 una asociaci\u00f3n il\u00edcita\u201d y pidi\u00f3 12 a\u00f1os de c\u00e1rcel para Cristina Kirchner"},"content":{"rendered":"\n<p>Este lunes comenz\u00f3 una instancia clave en la causa Vialidad en las que se escucharon los argumentos de todos los que apelaron la sentencia que dict\u00f3 el Tribunal Oral Federal 2 (TOF 2) en el caso donde se investigaron los 51 contratos que recibi\u00f3 el Grupo Austral propiedad de L\u00e1zaro B\u00e1ez y por lo que, el 6 de diciembre de 2022,&nbsp;<strong>Cristina Kirchner se convirti\u00f3 en la primera vicepresidenta en ejercicio del poder con una condena por corrupci\u00f3n.<\/strong><\/p>\n\n\n\n<p>El fiscal ante la C\u00e1mara Federal de Casaci\u00f3n Penal, Mario Villar, inaugur\u00f3 las audiencias. El representante del Ministerio P\u00fablico Fiscal ante la Sala IV insisti\u00f3 en que Cristina, condenada por el delito de administraci\u00f3n fraudulenta a seis a\u00f1os de c\u00e1rcel,&nbsp;<strong>debe recibir, tambi\u00e9n, la pena por asociaci\u00f3n il\u00edcita en car\u00e1cter de jefa, lo que duplica el tiempo de prisi\u00f3n.<\/strong><\/p>\n\n\n\n<p>Villar reconoci\u00f3 que la sentencia del TOF 2 es \u201ctrabajada, extensa, y es l\u00f3gico que pueda haber puntos que signifiquen agravios\u201d, que es parte de la apelaci\u00f3n del Ministerio P\u00fablico sobre el delito de asociaci\u00f3n il\u00edcita.<\/p>\n\n\n\n<p>Entonces fue al grano de su reclamo: en las estructuras del Estado, desde 2003 a 2015,&nbsp;<strong>\u201cfuncion\u00f3 una asociaci\u00f3n il\u00edcita\u201d.<\/strong><\/p>\n\n\n\n<p>Cerca de las 13, el representante del Ministerio P\u00fablico Fiscal, d\u00e1ndole la raz\u00f3n a su par de juicio, Diego Luciani, formul\u00f3 su petitorio: \u00abQue se condene a<strong>&nbsp;Cristina Kirchner por asociaci\u00f3n il\u00edcita en car\u00e1cter de jefa,&nbsp;<\/strong>que se condene a Julio De Vido, Jos\u00e9 L\u00f3pez y Nelson Periotti, L\u00e1zaro B\u00e1ez por asociaci\u00f3n il\u00edcita en car\u00e1cter de organizadores. Y que se confirmen todas las condenas por el delito de de administraci\u00f3n fraudulenta\u201d.<\/p>\n\n\n\n<p><\/p>\n\n\n\n<p>El pedido del fiscal ante la C\u00e1mara de Casaci\u00f3n, Mario Villar, implicar\u00eda el doble de tiempo de prisi\u00f3n para la ex vicepresidenta.<\/p>\n\n\n\n<p>Durante la introducci\u00f3n, Villar hab\u00eda hecho referencia a las 51 licitaciones otorgadas a L\u00e1zaro B\u00e1ez, y se\u00f1al\u00f3: \u201cla obra vial se pone bajo la \u00f3rbita del Ministerio de Planificaci\u00f3n, la obra p\u00fablica se ubic\u00f3 en un enclave geogr\u00e1fico que los funcionarios conoc\u00edan bien, se proveyeron los fondos p\u00fablicos nacionales para lograr esto y&nbsp;<strong>se cre\u00f3 una especie de empresario de la construcci\u00f3n quien recibir\u00eda el dinero para la supuesta obra p\u00fablica<\/strong>\u201d.<\/p>\n\n\n\n<p>Continuando con los elementos que le permiten a la fiscal\u00eda sustentar el delito de asociaci\u00f3n il\u00edcita, se\u00f1al\u00f3 que \u201cse necesitaba un empresario que estuviera dispuesto a colaborar en este sistema, todo para lograr los fines de la asociaci\u00f3n il\u00edcita\u201d y para esto \u201cse cre\u00f3 un sistema de corrupci\u00f3n usando un fin noble que es la obra p\u00fablica vial\u201d.<\/p>\n\n\n\n<p>De las 51 obras que gan\u00f3 el Grupo Austral,&nbsp;<strong>s\u00f3lo 27 fueron terminadas<\/strong>, pero -continu\u00f3 diciendo Villar-, \u201cla mayor\u00eda sufrieron retrasos algo que omitieron los diferentes organismos de control\u201d.<\/p>\n\n\n\n<p>Retomando los argumentos de sus colegas ante al Tribunal Oral, Diego Luciani y Sergio Mola, Villar reiter\u00f3 que durante los gobiernos K se cre\u00f3 un marco normativo desde Planificaci\u00f3n Federal, con distintas \u00e1reas,&nbsp;<strong>fondos y funcionarios que cumpl\u00edan roles espec\u00edficos<\/strong>, al se\u00f1alar la organizaci\u00f3n de la asociaci\u00f3n il\u00edcita y los roles que cumpli\u00f3 cada persona.<\/p>\n\n\n\n<p>\u201cEn esta cadena de funcionarios aparece la Direcci\u00f3n Provincial de Vialidad. Este esquema y estas personas llevaron adelante las 51 defraudaciones contra la administraci\u00f3n p\u00fablica,&nbsp;<strong>no fue el Estado el que la cometi\u00f3<\/strong>\u201d, explic\u00f3.<\/p>\n\n\n\n<p>El fiscal tambi\u00e9n se refiri\u00f3 a B\u00e1ez en varios tramos, como&nbsp;<strong>\u201cun empresario creado\u201d&nbsp;<\/strong>para que la asociaci\u00f3n il\u00edcita pueda cumplir con su finalidad: direccionar contratos viales, desviar fondos p\u00fablicos.<\/p>\n\n\n\n<p>Ante la Casaci\u00f3n Federal, dijo que \u201cse trata de graves hechos de corrupci\u00f3n\u201d al analizar este primer cuadro delictual. Y se\u00f1al\u00f3 que hubo una \u00abestructura delictual organizada\u00bb, en relaci\u00f3n al delito que busca que se la atribuya a Cristina Kirchner.<\/p>\n\n\n\n<h2 class=\"wp-block-heading\">La asociaci\u00f3n il\u00edcita<\/h2>\n\n\n\n<p>\u201cEsta&nbsp;<strong>asociaci\u00f3n il\u00edcita est\u00e1 integrada por Cristina Kirchner, Julio De Vido, Jos\u00e9 L\u00f3pez, Nelson Periotti y L\u00e1zaro B\u00e1ez<\/strong>\u201d, que realizaron los hechos investigados y se \u201corganizaron para cometerlos\u201d, dijo el fiscal Villar al sostener el planteo de Diego Luciani durante los alegatos del juicio.<\/p>\n\n\n\n<p>El representante del Ministerio P\u00fablico entiende que en el caso Vialidad \u201cse cumplen los elementos de la asociaci\u00f3n il\u00edcita:<strong>&nbsp;se da el elemento organizacional, la voluntad unificada de sus participantes y la indeterminaci\u00f3n de los delitos<\/strong>\u201d.<\/p>\n\n\n\n<p>Este \u00faltimo concepto es clave. El fiscal refut\u00f3 el criterio de la mayor\u00eda del Tribunal de juicio, cuyos jueces entendieron que las 51 licitaciones adjudicadas a B\u00e1ez constituyeron \u201c<strong>un s\u00f3lo hecho de administraci\u00f3n fraudulenta<\/strong>, no habr\u00eda planes m\u00faltiples y no se da el n\u00famero de integrantes de la asociaci\u00f3n il\u00edcita\u201d.<\/p>\n\n\n\n<p>Contrario a esto, la fiscal\u00eda considera que<strong>&nbsp;cada licitaci\u00f3n es una defraudaci\u00f3n en s\u00ed misma,<\/strong>&nbsp;es decir, cada proceso licitatorio constituy\u00f3 un delito individual.<\/p>\n\n\n\n<p>En este caso, \u201cla gravedad de los hechos de corrupci\u00f3n, una defraudaci\u00f3n cometida por funcionarios p\u00fablicos durante doce a\u00f1os lo que habla de un delito continuado\u201d hace que&nbsp;<strong>la pena a seis a\u00f1os de prisi\u00f3n \u201csea irrisoria\u201d<\/strong>, explic\u00f3 Villar.<\/p>\n\n\n\n<p>La idea de una \u00fanica administraci\u00f3n fraudulenta, argument\u00f3 el fiscal, \u201ces err\u00f3nea\u201d, y pidi\u00f3 mirar que se trat\u00f3 de&nbsp;<strong>una secuencia delictual \u201cque se cometi\u00f3 durante tres administraciones presidenciales\u201d.<\/strong>&nbsp;Se trata \u201cde tres administraciones distintas y en cada una de ellas se volvi\u00f3 a elegir\u201d a quienes estuvieron en cada rol investigado. Entonces, \u201cno es una \u00fanica administraci\u00f3n\u201d.<\/p>\n\n\n\n<p>En su voto mayoritario, el TOF 2 bas\u00f3 el rechazo de la asociaci\u00f3n il\u00edcita en la idea de que hubo un \u00fanico hecho, porque la asociaci\u00f3n il\u00edcita requiere delitos indeterminados, que deben ser planificados: \u201cesa multiplicidad de planes no estar\u00edan dadas para el Tribunal, algo que es err\u00f3neo\u201d, dijo Villar.<\/p>\n\n\n\n<p>Al convertir 51 hechos \u201cen uno solo, dice que no est\u00e1 dado el elemento de planes indeterminados, pero<strong>&nbsp;la sentencia no tiene jurisprudencia en sus fundamentos sobre este punto<\/strong>\u201d, a\u00f1adi\u00f3 el fiscal.<\/p>\n\n\n\n<p>Cada licitaci\u00f3n \u201ces diferente, es un proceso distinto, son dis\u00edmiles entre s\u00ed, el Tribunal comete una arbitrariedad que es un s\u00f3lo hecho\u201d, reiter\u00f3.<\/p>\n\n\n\n<p>Es decir \u201csostenemos el recurso del fiscal Luciani, que es que se dan los elementos para la asociaci\u00f3n il\u00edcita y se deber\u00eda haber aplicado a todos los miembros mencionados\u201d.<\/p>\n\n\n\n<h2 class=\"wp-block-heading\">La participaci\u00f3n de la ex Presidenta<\/h2>\n\n\n\n<p>El TOF 2, integrado por los jueces Jorge Gorini, Andr\u00e9s Basso y Rodrigo Gim\u00e9nez Uriburu encontr\u00f3 a Cristina Kirchner responsable del delito de administraci\u00f3n fraudulenta en perjuicio del Estado. Y estim\u00f3 el da\u00f1o ocasionado en 80.000 millones de pesos.<\/p>\n\n\n\n<p>El comportamiento de Cristina Kirchner y su participaci\u00f3n en la estructura criminal, fue otro punto del an\u00e1lisis del fiscal Villar. \u201cCon su conducta la ex presidenta permiti\u00f3 que se siga goteando por a\u00f1os, los fondos para L\u00e1zaro B\u00e1ez\u201d, quer\u00edan \u201cfavorecer que el dinero contin\u00fae yendo hacia ese grupo empresarial\u201d.<\/p>\n\n\n\n<p>Se refiri\u00f3 as\u00ed, a decretos utilizados \u201cpara ocultar que el dinero vayan hacia L\u00e1zaro B\u00e1ez y que fueron firmados por ella\u201d y record\u00f3&nbsp;<strong>el plan \u201climpiar todo<\/strong>&nbsp;cuando se disponen acciones cuando se cambiaba el gobierno, hay reuniones y desarrollo de este plan que inclu\u00eda reconocerle a B\u00e1ez una deuda que no pod\u00eda exigir\u201d pero \u201cque deb\u00eda cobrar antes de la nueva gesti\u00f3n y ah\u00ed Julio De Vido permiti\u00f3 el env\u00edo de esos fondos\u201d.<\/p>\n\n\n\n<p>Entonces se\u00f1al\u00f3 que \u201cno aplica el criterio de la distancia como se dijo, no se trata s\u00f3lo de las obligaciones propias del cargo que s\u00f3lo pueden atribuirse al jefe de gabinete, porque&nbsp;<strong>hay acciones directas que demuestran su participaci\u00f3n en los hechos<\/strong>\u201d.<\/p>\n","protected":false},"excerpt":{"rendered":"<p>Este lunes comenz\u00f3 una instancia clave en la causa Vialidad en las que se escucharon los argumentos de todos los que apelaron la sentencia que dict\u00f3 el Tribunal Oral Federal 2 (TOF 2) en el caso donde se investigaron los 51 contratos que recibi\u00f3 el Grupo Austral propiedad de L\u00e1zaro B\u00e1ez y por lo que,<a class=\"read-more\" href=\"https:\/\/elfederalmendoza.com.ar\/index.php\/2024\/02\/27\/causa-vialidad-el-fiscal-ratifico-que-en-los-gobiernos-k-funciono-una-asociacion-ilicita-y-pidio-12-anos-de-carcel-para-cristina-kirchner\/\"> [&hellip;]<\/a><\/p>\n","protected":false},"author":2,"featured_media":32064,"comment_status":"open","ping_status":"open","sticky":false,"template":"","format":"standard","meta":{"footnotes":""},"categories":[5618],"tags":[],"class_list":["post-32062","post","type-post","status-publish","format-standard","has-post-thumbnail","hentry","category-arg"],"rttpg_featured_image_url":{"full":["https:\/\/elfederalmendoza.com.ar\/wp-content\/uploads\/2024\/02\/cris.jpg",1194,788,false],"landscape":["https:\/\/elfederalmendoza.com.ar\/wp-content\/uploads\/2024\/02\/cris.jpg",1194,788,false],"portraits":["https:\/\/elfederalmendoza.com.ar\/wp-content\/uploads\/2024\/02\/cris.jpg",1194,788,false],"thumbnail":["https:\/\/elfederalmendoza.com.ar\/wp-content\/uploads\/2024\/02\/cris-150x150.jpg",150,150,true],"medium":["https:\/\/elfederalmendoza.com.ar\/wp-content\/uploads\/2024\/02\/cris-300x198.jpg",300,198,true],"large":["https:\/\/elfederalmendoza.com.ar\/wp-content\/uploads\/2024\/02\/cris-1024x676.jpg",640,423,true],"1536x1536":["https:\/\/elfederalmendoza.com.ar\/wp-content\/uploads\/2024\/02\/cris.jpg",1194,788,false],"2048x2048":["https:\/\/elfederalmendoza.com.ar\/wp-content\/uploads\/2024\/02\/cris.jpg",1194,788,false],"ultp_layout_landscape_large":["https:\/\/elfederalmendoza.com.ar\/wp-content\/uploads\/2024\/02\/cris.jpg",1194,788,false],"ultp_layout_landscape":["https:\/\/elfederalmendoza.com.ar\/wp-content\/uploads\/2024\/02\/cris-870x570.jpg",870,570,true],"ultp_layout_portrait":["https:\/\/elfederalmendoza.com.ar\/wp-content\/uploads\/2024\/02\/cris-600x788.jpg",600,788,true],"ultp_layout_square":["https:\/\/elfederalmendoza.com.ar\/wp-content\/uploads\/2024\/02\/cris-600x600.jpg",600,600,true],"rpwe-thumbnail":["https:\/\/elfederalmendoza.com.ar\/wp-content\/uploads\/2024\/02\/cris-45x45.jpg",45,45,true],"advps-thumb-one":["https:\/\/elfederalmendoza.com.ar\/wp-content\/uploads\/2024\/02\/cris-1194x420.jpg",1194,420,true]},"rttpg_author":{"display_name":"Redacci\u00f3n El Federal","author_link":"https:\/\/elfederalmendoza.com.ar\/index.php\/author\/angelflores\/"},"rttpg_comment":0,"rttpg_category":"<a href=\"https:\/\/elfederalmendoza.com.ar\/index.php\/category\/arg\/\" rel=\"category tag\">Argentina<\/a>","rttpg_excerpt":"Este lunes comenz\u00f3 una instancia clave en la causa Vialidad en las que se escucharon los argumentos de todos los que apelaron la sentencia que dict\u00f3 el Tribunal Oral Federal 2 (TOF 2) en el caso donde se investigaron los 51 contratos que recibi\u00f3 el Grupo Austral propiedad de L\u00e1zaro B\u00e1ez y por lo que,&hellip;","_links":{"self":[{"href":"https:\/\/elfederalmendoza.com.ar\/index.php\/wp-json\/wp\/v2\/posts\/32062","targetHints":{"allow":["GET"]}}],"collection":[{"href":"https:\/\/elfederalmendoza.com.ar\/index.php\/wp-json\/wp\/v2\/posts"}],"about":[{"href":"https:\/\/elfederalmendoza.com.ar\/index.php\/wp-json\/wp\/v2\/types\/post"}],"author":[{"embeddable":true,"href":"https:\/\/elfederalmendoza.com.ar\/index.php\/wp-json\/wp\/v2\/users\/2"}],"replies":[{"embeddable":true,"href":"https:\/\/elfederalmendoza.com.ar\/index.php\/wp-json\/wp\/v2\/comments?post=32062"}],"version-history":[{"count":1,"href":"https:\/\/elfederalmendoza.com.ar\/index.php\/wp-json\/wp\/v2\/posts\/32062\/revisions"}],"predecessor-version":[{"id":32065,"href":"https:\/\/elfederalmendoza.com.ar\/index.php\/wp-json\/wp\/v2\/posts\/32062\/revisions\/32065"}],"wp:featuredmedia":[{"embeddable":true,"href":"https:\/\/elfederalmendoza.com.ar\/index.php\/wp-json\/wp\/v2\/media\/32064"}],"wp:attachment":[{"href":"https:\/\/elfederalmendoza.com.ar\/index.php\/wp-json\/wp\/v2\/media?parent=32062"}],"wp:term":[{"taxonomy":"category","embeddable":true,"href":"https:\/\/elfederalmendoza.com.ar\/index.php\/wp-json\/wp\/v2\/categories?post=32062"},{"taxonomy":"post_tag","embeddable":true,"href":"https:\/\/elfederalmendoza.com.ar\/index.php\/wp-json\/wp\/v2\/tags?post=32062"}],"curies":[{"name":"wp","href":"https:\/\/api.w.org\/{rel}","templated":true}]}}