{"id":32072,"date":"2024-02-29T15:08:10","date_gmt":"2024-02-29T18:08:10","guid":{"rendered":"https:\/\/elfederalmendoza.com\/?p=32072"},"modified":"2024-03-01T09:29:07","modified_gmt":"2024-03-01T12:29:07","slug":"alberto-fernandez-se-despego-de-las-acusasiones-y-mando-al-frente-a-su-asistente-yo-no-pedi-por-nadie-y-si-mi-secretaria-lo-hizo-se-extralimito","status":"publish","type":"post","link":"https:\/\/elfederalmendoza.com.ar\/index.php\/2024\/02\/29\/alberto-fernandez-se-despego-de-las-acusasiones-y-mando-al-frente-a-su-asistente-yo-no-pedi-por-nadie-y-si-mi-secretaria-lo-hizo-se-extralimito\/","title":{"rendered":"Alberto Fern\u00e1ndez se despeg\u00f3 de las acusaciones y mand\u00f3 al frente a su asistente: \u00abYo no ped\u00ed por nadie, y si mi secretaria lo hizo, se extralimit\u00f3\u00bb"},"content":{"rendered":"\n<p>El caso de los seguros, que revel\u00f3 la participaci\u00f3n de intermediarios ligados al poder pol\u00edtico que obten\u00edan comisiones millonarias en el mercado asegurado del Estado, finalmente lleg\u00f3 a los tribunales con el expresidente\u00a0<strong>Alberto Fern\u00e1ndez\u00a0<\/strong>como uno de los denunciados. Se le imputan delitos como\u00a0<strong>malversaci\u00f3n de fondos p\u00fablicos, violaci\u00f3n de deberes de funcionario y abuso de poder\u00a0<\/strong>debido a los contratos de intermediaci\u00f3n realizados durante su mandato a favor de\u00a0<strong>H\u00e9ctor Mart\u00ednez Sosa<\/strong>, esposo de la hist\u00f3rica secretaria privada del expresidente,\u00a0<strong>Mar\u00eda Cantero.<\/strong><\/p>\n\n\n\n<p>Seg\u00fan diversas fuentes,&nbsp;<strong>recibieron llamadas de Cantero, quien acompa\u00f1\u00f3 a Alberto Fern\u00e1ndez durante 30 a\u00f1os, para promover la designaci\u00f3n de Mart\u00ednez Sosa como productor de seguros<\/strong>&nbsp;en distintas dependencias p\u00fablicas.<\/p>\n\n\n\n<p>En sus primeras declaraciones sobre el tema&nbsp;busc\u00f3&nbsp;<strong>distanciarse de la situaci\u00f3n.&nbsp;Neg\u00f3&nbsp;haber realizado gestiones con funcionarios&nbsp;<\/strong>para contratar a Mart\u00ednez Sosa y afirm\u00f3&nbsp;que tampoco le pidi\u00f3 a Cantero, su secretaria, que lo hiciera.<\/p>\n\n\n\n<p>En di\u00e1logo con&nbsp;<em>La Naci\u00f3n<\/em>, Fern\u00e1ndez expres\u00f3: \u00ab<strong>Dudo que ella haga una cosa as\u00ed; si lo hizo, no lo avalo; ninguno te va a decir que ped\u00ed por alguien; yo lo dudo, pero no puedo garantizar que ella no haya hecho una cosa as\u00ed; si fue as\u00ed, se extralimit\u00f3\u00bb.<\/strong><\/p>\n\n\n\n<p>Afirm\u00f3 que el Decreto 823 de 2021, que \u00e9l firm\u00f3, estableci\u00f3 la&nbsp;<strong>obligatoriedad para los entes p\u00fablicos de contratar a Naci\u00f3n Seguros<\/strong>, con el objetivo de eliminar la intermediaci\u00f3n que permiti\u00f3 la aparici\u00f3n de gestores bajo sospecha.<\/p>\n\n\n\n<p>El expresidente argument\u00f3 que el decreto estipulaba que<strong>&nbsp;las contrataciones deb\u00edan realizarse de manera directa, con el fin de poner fin al sistema implementado durante el gobierno de Mauricio Macri<\/strong>, el cual, seg\u00fan su opini\u00f3n, dio&nbsp;lugar a \u00abmuchos negocios\u00bb.<\/p>\n\n\n\n<p>La pr\u00e1ctica denunciada ante la Justicia implicaba que&nbsp;<strong>las dependencias estatales canalizaran los contratos a trav\u00e9s de Naci\u00f3n Seguros<\/strong>, entidad que contrataba a un corredor y a empresas privadas, algunos vinculados a Fern\u00e1ndez y Sergio Massa. Entre los intermediarios figuraban&nbsp;<strong>Pablo Torres Garc\u00eda<\/strong>, cercano a Sergio Massa, y&nbsp;<strong>Mart\u00ednez Sosa<\/strong>, esposo de la secretaria del expresidente.<\/p>\n\n\n\n<p>Adem\u00e1s, el decreto emitido por Fern\u00e1ndez estipulaba que&nbsp;<strong>los contratos deb\u00edan realizarse a trav\u00e9s de convenios interadministrativos para la administraci\u00f3n central<\/strong>, mientras que otras entidades como empresas p\u00fablicas y entes fiduciarios deb\u00edan seguir los procedimientos de sus propios reg\u00edmenes de contrataci\u00f3n. El decreto tambi\u00e9n prohib\u00eda expl\u00edcitamente la subcontrataci\u00f3n de p\u00f3lizas, aunque&nbsp;<strong>no hac\u00eda referencia directa a la prohibici\u00f3n de gestores<\/strong>. Fue en este vac\u00edo legal donde surgieron los intermediarios bajo sospecha.<\/p>\n\n\n\n<p><strong>Fern\u00e1ndez asegur\u00f3 que \u00abnunca\u00bb&nbsp;habl\u00f3 con Mart\u00ednez Sosa sobre su papel como intermediario en el Estado<\/strong>, con comisiones millonarias.<\/p>\n\n\n\n<p>Diversos documentos revelan que&nbsp;<strong>los acuerdos con Mart\u00ednez Sosa y otros productores fueron firmados tanto antes como despu\u00e9s del decreto presidencial.&nbsp;<\/strong>Algunos de estos acuerdos se suscribieron previamente a la emisi\u00f3n del decreto, mientras que otros se llevaron a cabo despu\u00e9s de su promulgaci\u00f3n, como en el caso de la Casa de la Moneda y la Superintendencia de Servicios de Salud.<\/p>\n\n\n\n<p>Fern\u00e1ndez asegur\u00f3 que no estaba al tanto de que estas \u00e1reas necesitaran la intervenci\u00f3n de corredores externos.<strong>&nbsp;El expresidente ahora sostiene que este tipo de negocios iba en contra del esp\u00edritu del decreto.<\/strong><\/p>\n\n\n\n<p><strong>Fern\u00e1ndez afirm\u00f3 que no vi\u00f3 a Mart\u00ednez Sosa desde hace \u00abuno o dos a\u00f1os\u00bb<\/strong>. Asegur\u00f3 que nunca discuti\u00f3 estos contratos con el gestor y que&nbsp;<strong>no hubo ninguna reuni\u00f3n entre \u00e9l, Mart\u00ednez Sosa y Alberto Pagliano<\/strong>, quien es conocido por ambos y es el presidente de Naci\u00f3n Seguros.<\/p>\n\n\n\n<p>Seg\u00fan m\u00faltiples fuentes del sector,&nbsp;<strong>Mart\u00ednez Sosa es uno de los productores de seguros con m\u00e1s carteras en el pa\u00eds<\/strong>. Hered\u00f3 el negocio de su padre y lo expandi\u00f3 con p\u00f3lizas de organismos estatales, no solo a nivel nacional sino tambi\u00e9n en varias provincias, incluida la de Buenos Aires.&nbsp;<strong>Conoce a Fern\u00e1ndez desde hace d\u00e9cadas, desde que el expresidente ocup\u00f3 el cargo de superintendente de Seguros en los a\u00f1os 90<\/strong>&nbsp;y luego trabaj\u00f3 en el Grupo Provincia para desarrollar el negocio.<\/p>\n\n\n\n<h2 class=\"wp-block-heading\">Alberto Fern\u00e1ndez sobre Mart\u00ednez Sosa: \u00abNo se trata de un L\u00e1zaro B\u00e1ez\u00bb<\/h2>\n\n\n\n<p>El expresidente expres\u00f3&nbsp;su incomodidad ante las implicaciones del esc\u00e1ndalo. En defensa de Mart\u00ednez Sosa, asegur\u00f3:&nbsp;<strong>\u00abNo se trata de un L\u00e1zaro B\u00e1ez\u00bb<\/strong>.<\/p>\n\n\n\n<p>Con esto alude al hecho de que&nbsp;<strong>el empresario ya ten\u00eda una trayectoria en el mercado de seguros antes de convertirse en gestor de negocios que se desarrollaron durante su mandato presidencial&nbsp;<\/strong>y la gesti\u00f3n de Sergio Massa en el Ministerio de Econom\u00eda.<\/p>\n\n\n\n<p>La&nbsp;<strong>Gendarmer\u00eda figura entre los organismos que contrataron los servicios de Mart\u00ednez Sosa<\/strong>&nbsp;a trav\u00e9s de uno de sus sat\u00e9lites. Cuando Naci\u00f3n Seguros intent\u00f3 reducir la comisi\u00f3n de un 15% a un 10%, Mart\u00ednez Sosa traslad\u00f3 la cartera de p\u00f3lizas de vida a La Caja Seguros, argumentando que se trataba de contribuciones voluntarias, a pesar de que el asegurado fuera una entidad p\u00fablica. Para Fern\u00e1ndez, este caso muestra que<strong>&nbsp;\u00e9l no ejerc\u00eda presi\u00f3n en estos asuntos.<\/strong><\/p>\n\n\n\n<p>En una de sus declaraciones juradas,&nbsp;<strong>Fern\u00e1ndez revela una deuda pendiente con Mart\u00ednez Sosa<\/strong>. Explica que a\u00fan est\u00e1 en deuda y que se trata de un pr\u00e9stamo que recibi\u00f3 de su amigo cuando renunci\u00f3 a la jefatura de Gabinete de Cristina Kirchner en 2008. Seg\u00fan su testimonio, el monto total del pr\u00e9stamo fue de&nbsp;<strong>US$20.000<\/strong>, cantidad que nunca pudo reembolsar, raz\u00f3n por la cual la incluy\u00f3 en su declaraci\u00f3n jurada como funcionario al cierre del per\u00edodo 2023, cuando a\u00fan estaba pendiente.<\/p>\n\n\n\n<p>LT<\/p>\n","protected":false},"excerpt":{"rendered":"<p>El caso de los seguros, que revel\u00f3 la participaci\u00f3n de intermediarios ligados al poder pol\u00edtico que obten\u00edan comisiones millonarias en el mercado asegurado del Estado, finalmente lleg\u00f3 a los tribunales con el expresidente\u00a0Alberto Fern\u00e1ndez\u00a0como uno de los denunciados. Se le imputan delitos como\u00a0malversaci\u00f3n de fondos p\u00fablicos, violaci\u00f3n de deberes de funcionario y abuso de poder\u00a0debido<a class=\"read-more\" href=\"https:\/\/elfederalmendoza.com.ar\/index.php\/2024\/02\/29\/alberto-fernandez-se-despego-de-las-acusasiones-y-mando-al-frente-a-su-asistente-yo-no-pedi-por-nadie-y-si-mi-secretaria-lo-hizo-se-extralimito\/\"> [&hellip;]<\/a><\/p>\n","protected":false},"author":2,"featured_media":32075,"comment_status":"open","ping_status":"open","sticky":false,"template":"","format":"standard","meta":{"footnotes":""},"categories":[5618],"tags":[],"class_list":["post-32072","post","type-post","status-publish","format-standard","has-post-thumbnail","hentry","category-arg"],"rttpg_featured_image_url":{"full":["https:\/\/elfederalmendoza.com.ar\/wp-content\/uploads\/2024\/02\/af.jpg",1463,819,false],"landscape":["https:\/\/elfederalmendoza.com.ar\/wp-content\/uploads\/2024\/02\/af.jpg",1463,819,false],"portraits":["https:\/\/elfederalmendoza.com.ar\/wp-content\/uploads\/2024\/02\/af.jpg",1463,819,false],"thumbnail":["https:\/\/elfederalmendoza.com.ar\/wp-content\/uploads\/2024\/02\/af-150x150.jpg",150,150,true],"medium":["https:\/\/elfederalmendoza.com.ar\/wp-content\/uploads\/2024\/02\/af-300x168.jpg",300,168,true],"large":["https:\/\/elfederalmendoza.com.ar\/wp-content\/uploads\/2024\/02\/af-1024x573.jpg",640,358,true],"1536x1536":["https:\/\/elfederalmendoza.com.ar\/wp-content\/uploads\/2024\/02\/af.jpg",1463,819,false],"2048x2048":["https:\/\/elfederalmendoza.com.ar\/wp-content\/uploads\/2024\/02\/af.jpg",1463,819,false],"ultp_layout_landscape_large":["https:\/\/elfederalmendoza.com.ar\/wp-content\/uploads\/2024\/02\/af-1200x800.jpg",1200,800,true],"ultp_layout_landscape":["https:\/\/elfederalmendoza.com.ar\/wp-content\/uploads\/2024\/02\/af-870x570.jpg",870,570,true],"ultp_layout_portrait":["https:\/\/elfederalmendoza.com.ar\/wp-content\/uploads\/2024\/02\/af-600x819.jpg",600,819,true],"ultp_layout_square":["https:\/\/elfederalmendoza.com.ar\/wp-content\/uploads\/2024\/02\/af-600x600.jpg",600,600,true],"rpwe-thumbnail":["https:\/\/elfederalmendoza.com.ar\/wp-content\/uploads\/2024\/02\/af-45x45.jpg",45,45,true],"advps-thumb-one":["https:\/\/elfederalmendoza.com.ar\/wp-content\/uploads\/2024\/02\/af-1200x420.jpg",1200,420,true]},"rttpg_author":{"display_name":"Redacci\u00f3n El Federal","author_link":"https:\/\/elfederalmendoza.com.ar\/index.php\/author\/angelflores\/"},"rttpg_comment":0,"rttpg_category":"<a href=\"https:\/\/elfederalmendoza.com.ar\/index.php\/category\/arg\/\" rel=\"category tag\">Argentina<\/a>","rttpg_excerpt":"El caso de los seguros, que revel\u00f3 la participaci\u00f3n de intermediarios ligados al poder pol\u00edtico que obten\u00edan comisiones millonarias en el mercado asegurado del Estado, finalmente lleg\u00f3 a los tribunales con el expresidente\u00a0Alberto Fern\u00e1ndez\u00a0como uno de los denunciados. Se le imputan delitos como\u00a0malversaci\u00f3n de fondos p\u00fablicos, violaci\u00f3n de deberes de funcionario y abuso de poder\u00a0debido&hellip;","_links":{"self":[{"href":"https:\/\/elfederalmendoza.com.ar\/index.php\/wp-json\/wp\/v2\/posts\/32072","targetHints":{"allow":["GET"]}}],"collection":[{"href":"https:\/\/elfederalmendoza.com.ar\/index.php\/wp-json\/wp\/v2\/posts"}],"about":[{"href":"https:\/\/elfederalmendoza.com.ar\/index.php\/wp-json\/wp\/v2\/types\/post"}],"author":[{"embeddable":true,"href":"https:\/\/elfederalmendoza.com.ar\/index.php\/wp-json\/wp\/v2\/users\/2"}],"replies":[{"embeddable":true,"href":"https:\/\/elfederalmendoza.com.ar\/index.php\/wp-json\/wp\/v2\/comments?post=32072"}],"version-history":[{"count":2,"href":"https:\/\/elfederalmendoza.com.ar\/index.php\/wp-json\/wp\/v2\/posts\/32072\/revisions"}],"predecessor-version":[{"id":32085,"href":"https:\/\/elfederalmendoza.com.ar\/index.php\/wp-json\/wp\/v2\/posts\/32072\/revisions\/32085"}],"wp:featuredmedia":[{"embeddable":true,"href":"https:\/\/elfederalmendoza.com.ar\/index.php\/wp-json\/wp\/v2\/media\/32075"}],"wp:attachment":[{"href":"https:\/\/elfederalmendoza.com.ar\/index.php\/wp-json\/wp\/v2\/media?parent=32072"}],"wp:term":[{"taxonomy":"category","embeddable":true,"href":"https:\/\/elfederalmendoza.com.ar\/index.php\/wp-json\/wp\/v2\/categories?post=32072"},{"taxonomy":"post_tag","embeddable":true,"href":"https:\/\/elfederalmendoza.com.ar\/index.php\/wp-json\/wp\/v2\/tags?post=32072"}],"curies":[{"name":"wp","href":"https:\/\/api.w.org\/{rel}","templated":true}]}}