{"id":32110,"date":"2024-03-05T04:38:00","date_gmt":"2024-03-05T07:38:00","guid":{"rendered":"https:\/\/elfederalmendoza.com\/?p=32110"},"modified":"2024-03-05T09:52:26","modified_gmt":"2024-03-05T12:52:26","slug":"fotos-se-les-aparecio-una-extrana-silueta-humana-mientras-quemaban-el-pujllay-en-catamarca","status":"publish","type":"post","link":"https:\/\/elfederalmendoza.com.ar\/index.php\/2024\/03\/05\/fotos-se-les-aparecio-una-extrana-silueta-humana-mientras-quemaban-el-pujllay-en-catamarca\/","title":{"rendered":"-FOTOS- Se les apareci\u00f3 una extra\u00f1a silueta humana bailando en el fuego mientras quemaban el pujllay en Catamarca"},"content":{"rendered":"\n<p>Una fotograf\u00eda tomada en la localidad de Mutquin, departamento Pom\u00e1n en la provincia de Catamarza, se volvi\u00f3 viral debido a que en ella <strong>se ve una extra\u00f1a silueta humana asociada al diablo, seg\u00fan indicaron los presentes<\/strong>. Esto sucedi\u00f3 mientras se llevaba a cabo la tradicional \u00abquema del pujllay\u00bb.<\/p>\n\n\n\n<p>En las \u00faltimas horas&nbsp;se hizo&nbsp;viral&nbsp;una fotograf\u00eda en la que aparece <strong>\u00abel diablo\u00bb bailando en las llamas del fuego<\/strong>. La imagen en cuesti\u00f3n, se vi\u00f3 reflejada en distintos celulares de las personas presentes&nbsp;en el tradicional ritual.&nbsp;<\/p>\n\n\n\n<p>\u00abEst\u00e1bamos reunidos mientras se hacia la quema del pujllay y como se puede ver en la foto, vimos en los celulares como aparec\u00eda el diablo bailando\u00bb, relat\u00f3 una mujer testigo del hecho.\u00a0<\/p>\n\n\n\n<figure class=\"wp-block-image size-large\"><img loading=\"lazy\" decoding=\"async\" width=\"1024\" height=\"714\" src=\"https:\/\/elfederalmendoza.com\/wp-content\/uploads\/2024\/03\/DIABLO-1024x714.jpg\" alt=\"\" class=\"wp-image-32115\" srcset=\"https:\/\/elfederalmendoza.com.ar\/wp-content\/uploads\/2024\/03\/DIABLO-1024x714.jpg 1024w, https:\/\/elfederalmendoza.com.ar\/wp-content\/uploads\/2024\/03\/DIABLO-300x209.jpg 300w, https:\/\/elfederalmendoza.com.ar\/wp-content\/uploads\/2024\/03\/DIABLO-768x535.jpg 768w, https:\/\/elfederalmendoza.com.ar\/wp-content\/uploads\/2024\/03\/DIABLO.jpg 1204w\" sizes=\"auto, (max-width: 1024px) 100vw, 1024px\" \/><\/figure>\n\n\n\n<p><strong>Una celebraci\u00f3n legendaria<\/strong><\/p>\n\n\n\n<p>Cuenta la leyenda que Chaya era una muy bella jovencita india, que se enamor\u00f3 perdidamente del Pujllay, joven alegre, p\u00edcaro y mujeriego que ignor\u00f3 los requerimientos amorosos de la hermosa indiecita. Fue as\u00ed como ella, al no ser debidamente correspondida, se intern\u00f3 en el monte a llorar sus penas y desventuras amorosas, desapareciendo en \u00e9l para siempre. Desde entonces, suele retornar anualmente, hacia mediado del verano, del brazo de la Diosa Luna (Quilla), en forma de roc\u00edo o fina lluvia.<\/p>\n\n\n\n<p>En tanto Pujllay, sabi\u00e9ndose culpable de la desaparici\u00f3n de la joven india, sinti\u00f3 remordimiento y procedi\u00f3 a buscarla por todo el monte infructuosamente.<\/p>\n\n\n\n<p>Tiempo despu\u00e9s, enterado el joven del regreso de la joven a la tribu con la luna de febrero, volvi\u00f3 tambi\u00e9n al lugar para continuar la b\u00fasqueda. Pero fue in\u00fatil. All\u00ed, la gente festejaba la anhelada cosecha y lo recib\u00eda con muecas de alegr\u00eda; \u00e9l, por su parte, entre la algarab\u00eda de los circunstantes, prosigui\u00f3 la b\u00fasqueda y la indagaci\u00f3n con profunda desesperaci\u00f3n y resultados siempre negativos. Por ello, derrotado, termin\u00f3 ahogando en chicha su soledad y su pasada fama de Don Juan. Hasta que estuvo muy ebrio, cay\u00f3 en un fog\u00f3n y muri\u00f3 quemado.<\/p>\n\n\n\n<p>Desde ese entonces, \u00abChaya\u00bb viene en febrero a\u00f1o a a\u00f1o a apagar el fuego de \u00abPujllay\u00bb. Y cada a\u00f1o aparece el Pujllay, que muere al terminar el festejo, raz\u00f3n por la cual se lo entierra hasta el a\u00f1o que viene.<\/p>\n","protected":false},"excerpt":{"rendered":"<p>Una fotograf\u00eda tomada en la localidad de Mutquin, departamento Pom\u00e1n en la provincia de Catamarza, se volvi\u00f3 viral debido a que en ella se ve una extra\u00f1a silueta humana asociada al diablo, seg\u00fan indicaron los presentes. Esto sucedi\u00f3 mientras se llevaba a cabo la tradicional \u00abquema del pujllay\u00bb. En las \u00faltimas horas&nbsp;se hizo&nbsp;viral&nbsp;una fotograf\u00eda en<a class=\"read-more\" href=\"https:\/\/elfederalmendoza.com.ar\/index.php\/2024\/03\/05\/fotos-se-les-aparecio-una-extrana-silueta-humana-mientras-quemaban-el-pujllay-en-catamarca\/\"> [&hellip;]<\/a><\/p>\n","protected":false},"author":2,"featured_media":32112,"comment_status":"open","ping_status":"open","sticky":false,"template":"","format":"standard","meta":{"footnotes":""},"categories":[5618],"tags":[],"class_list":["post-32110","post","type-post","status-publish","format-standard","has-post-thumbnail","hentry","category-arg"],"rttpg_featured_image_url":{"full":["https:\/\/elfederalmendoza.com.ar\/wp-content\/uploads\/2024\/03\/poman.jpg",1403,828,false],"landscape":["https:\/\/elfederalmendoza.com.ar\/wp-content\/uploads\/2024\/03\/poman.jpg",1403,828,false],"portraits":["https:\/\/elfederalmendoza.com.ar\/wp-content\/uploads\/2024\/03\/poman.jpg",1403,828,false],"thumbnail":["https:\/\/elfederalmendoza.com.ar\/wp-content\/uploads\/2024\/03\/poman-150x150.jpg",150,150,true],"medium":["https:\/\/elfederalmendoza.com.ar\/wp-content\/uploads\/2024\/03\/poman-300x177.jpg",300,177,true],"large":["https:\/\/elfederalmendoza.com.ar\/wp-content\/uploads\/2024\/03\/poman-1024x604.jpg",640,378,true],"1536x1536":["https:\/\/elfederalmendoza.com.ar\/wp-content\/uploads\/2024\/03\/poman.jpg",1403,828,false],"2048x2048":["https:\/\/elfederalmendoza.com.ar\/wp-content\/uploads\/2024\/03\/poman.jpg",1403,828,false],"ultp_layout_landscape_large":["https:\/\/elfederalmendoza.com.ar\/wp-content\/uploads\/2024\/03\/poman-1200x800.jpg",1200,800,true],"ultp_layout_landscape":["https:\/\/elfederalmendoza.com.ar\/wp-content\/uploads\/2024\/03\/poman-870x570.jpg",870,570,true],"ultp_layout_portrait":["https:\/\/elfederalmendoza.com.ar\/wp-content\/uploads\/2024\/03\/poman-600x828.jpg",600,828,true],"ultp_layout_square":["https:\/\/elfederalmendoza.com.ar\/wp-content\/uploads\/2024\/03\/poman-600x600.jpg",600,600,true],"rpwe-thumbnail":["https:\/\/elfederalmendoza.com.ar\/wp-content\/uploads\/2024\/03\/poman-45x45.jpg",45,45,true],"advps-thumb-one":["https:\/\/elfederalmendoza.com.ar\/wp-content\/uploads\/2024\/03\/poman-1200x420.jpg",1200,420,true]},"rttpg_author":{"display_name":"Redacci\u00f3n El Federal","author_link":"https:\/\/elfederalmendoza.com.ar\/index.php\/author\/angelflores\/"},"rttpg_comment":0,"rttpg_category":"<a href=\"https:\/\/elfederalmendoza.com.ar\/index.php\/category\/arg\/\" rel=\"category tag\">Argentina<\/a>","rttpg_excerpt":"Una fotograf\u00eda tomada en la localidad de Mutquin, departamento Pom\u00e1n en la provincia de Catamarza, se volvi\u00f3 viral debido a que en ella se ve una extra\u00f1a silueta humana asociada al diablo, seg\u00fan indicaron los presentes. Esto sucedi\u00f3 mientras se llevaba a cabo la tradicional \u00abquema del pujllay\u00bb. En las \u00faltimas horas&nbsp;se hizo&nbsp;viral&nbsp;una fotograf\u00eda en&hellip;","_links":{"self":[{"href":"https:\/\/elfederalmendoza.com.ar\/index.php\/wp-json\/wp\/v2\/posts\/32110","targetHints":{"allow":["GET"]}}],"collection":[{"href":"https:\/\/elfederalmendoza.com.ar\/index.php\/wp-json\/wp\/v2\/posts"}],"about":[{"href":"https:\/\/elfederalmendoza.com.ar\/index.php\/wp-json\/wp\/v2\/types\/post"}],"author":[{"embeddable":true,"href":"https:\/\/elfederalmendoza.com.ar\/index.php\/wp-json\/wp\/v2\/users\/2"}],"replies":[{"embeddable":true,"href":"https:\/\/elfederalmendoza.com.ar\/index.php\/wp-json\/wp\/v2\/comments?post=32110"}],"version-history":[{"count":2,"href":"https:\/\/elfederalmendoza.com.ar\/index.php\/wp-json\/wp\/v2\/posts\/32110\/revisions"}],"predecessor-version":[{"id":32117,"href":"https:\/\/elfederalmendoza.com.ar\/index.php\/wp-json\/wp\/v2\/posts\/32110\/revisions\/32117"}],"wp:featuredmedia":[{"embeddable":true,"href":"https:\/\/elfederalmendoza.com.ar\/index.php\/wp-json\/wp\/v2\/media\/32112"}],"wp:attachment":[{"href":"https:\/\/elfederalmendoza.com.ar\/index.php\/wp-json\/wp\/v2\/media?parent=32110"}],"wp:term":[{"taxonomy":"category","embeddable":true,"href":"https:\/\/elfederalmendoza.com.ar\/index.php\/wp-json\/wp\/v2\/categories?post=32110"},{"taxonomy":"post_tag","embeddable":true,"href":"https:\/\/elfederalmendoza.com.ar\/index.php\/wp-json\/wp\/v2\/tags?post=32110"}],"curies":[{"name":"wp","href":"https:\/\/api.w.org\/{rel}","templated":true}]}}