{"id":32118,"date":"2024-03-06T08:51:06","date_gmt":"2024-03-06T11:51:06","guid":{"rendered":"https:\/\/elfederalmendoza.com\/?p=32118"},"modified":"2024-03-06T08:51:10","modified_gmt":"2024-03-06T11:51:10","slug":"fotos-cada-vez-la-van-a-pasar-peor-la-advertencia-del-gobierno-de-santa-fe-a-los-narcos-tras-una-requisa-al-estilo-bukele","status":"publish","type":"post","link":"https:\/\/elfederalmendoza.com.ar\/index.php\/2024\/03\/06\/fotos-cada-vez-la-van-a-pasar-peor-la-advertencia-del-gobierno-de-santa-fe-a-los-narcos-tras-una-requisa-al-estilo-bukele\/","title":{"rendered":"-FOTOS- \u201cCada vez la van a pasar peor\u201d: la advertencia del gobierno de Santa Fe a los narcos tras una requisa al estilo Bukele"},"content":{"rendered":"\n<p>El gobernador de Santa Fe, <strong>Maximiliano Pullaro, <\/strong>comparti\u00f3 en sus redes un operativo que se realiz\u00f3 durante el fin de semana en la c\u00e1rcel de Pi\u00f1ero. Las im\u00e1genes se asemejan a las difundidas por El Salvador en su combate contra los pandilleros.<\/p>\n\n\n\n<p><strong>Maximiliano Pullaro<\/strong>\u00a0inici\u00f3 su mandato en Santa Fe con el combate al narcotr\u00e1fico y a la inseguridad como uno de sus objetivos primordiales. En ese sentido, y tras la requisa sorpresa que se llev\u00f3 a cabo el s\u00e1bado en la c\u00e1rcel de Pi\u00f1ero -penal clave para los narcos que operan en la zona-, el gobernador y su ministro de Justicia y Seguridad,\u00a0<strong>Pablo Cococcioni<\/strong>, compartieron un desafiante mensaje en las redes sociales.<\/p>\n\n\n\n<p><img loading=\"lazy\" decoding=\"async\" alt=\"Como Bukele, en El Salvador, las fotos que public\u00f3 el gobierno de Pullaro muestra a grupos de presos, sin remera y fuertemente custodiados\" height=\"1100\" width=\"1284\" src=\"https:\/\/www.infobae.com\/new-resizer\/0qkVdBKajcMmNKFWoyT6kRushvk=\/992x850\/filters:format(webp):quality(85)\/cloudfront-us-east-1.images.arcpublishing.com\/infobae\/3ZF7I6CVNJFUJNHKLC3GOSRQVM.jpeg%20992w\" srcset=\"https:\/\/www.infobae.com\/new-resizer\/0qkVdBKajcMmNKFWoyT6kRushvk=\/992x850\/filters:format(webp):quality(85)\/cloudfront-us-east-1.images.arcpublishing.com\/infobae\/3ZF7I6CVNJFUJNHKLC3GOSRQVM.jpeg 992w\">Como Bukele, en El Salvador, las fotos que public\u00f3 el gobierno de Pullaro muestra a grupos de presos, sin remera y fuertemente custodiados<\/p>\n\n\n\n<p>\u201cTenemos un plan de Seguridad, sabemos c\u00f3mo llevarlo adelante y estamos trabajando para eso.&nbsp;<strong>Desde las c\u00e1rceles salen las \u00f3rdenes para hacerle la vida imposible a los santafesinos<\/strong>\u201d, se agreg\u00f3 en el texto. Para el gobierno santafesino,&nbsp;<strong>\u201c<\/strong>se termin\u00f3 el tiempo de home office liberado, sin control y con empleados penitenciarios que eran apercibidos si molestaban a los presos\u201d.<\/p>\n\n\n\n<p>\u201cNo vamos a retroceder ante las amenazas. Tenemos el mandato del pueblo santafesino para restaurar la tranquilidad de los vecinos.&nbsp;<strong>Los presos est\u00e1n presos, no vamos a aceptar ninguna extorsi\u00f3n<\/strong>&nbsp;y si no lo entienden, cada vez la van a pasar peor\u201d, concluy\u00f3 en mensaje publicado por Pullaro.<\/p>\n\n\n\n<p><img loading=\"lazy\" decoding=\"async\" alt=\"Antes de ser gobernador, Pullaro fue ministro de Seguridad de Santa Fe\" height=\"1000\" width=\"1500\" src=\"https:\/\/www.infobae.com\/new-resizer\/0zc0hSMl8BfTCey7ZEJIqfIeoq4=\/420x280\/filters:format(webp):quality(85)\/cloudfront-us-east-1.images.arcpublishing.com\/infobae\/VP6JDKZNGVGODGSCKJRGNWOADI.jpeg%20420w\" srcset=\"https:\/\/www.infobae.com\/new-resizer\/0zc0hSMl8BfTCey7ZEJIqfIeoq4=\/420x280\/filters:format(webp):quality(85)\/cloudfront-us-east-1.images.arcpublishing.com\/infobae\/VP6JDKZNGVGODGSCKJRGNWOADI.jpeg 420w,https:\/\/www.infobae.com\/new-resizer\/0Sate9Wg4FbTpoPypZSOolguX_M=\/768x512\/filters:format(webp):quality(85)\/cloudfront-us-east-1.images.arcpublishing.com\/infobae\/VP6JDKZNGVGODGSCKJRGNWOADI.jpeg 768w,https:\/\/www.infobae.com\/new-resizer\/1D9BN7UabKw_n_O7yHK8yyQBrWA=\/992x661\/filters:format(webp):quality(85)\/cloudfront-us-east-1.images.arcpublishing.com\/infobae\/VP6JDKZNGVGODGSCKJRGNWOADI.jpeg 992w,https:\/\/www.infobae.com\/new-resizer\/x3WeUTHv8IeQ7pb_yl41Ez7dcBQ=\/1200x800\/filters:format(webp):quality(85)\/cloudfront-us-east-1.images.arcpublishing.com\/infobae\/VP6JDKZNGVGODGSCKJRGNWOADI.jpeg 1200w,https:\/\/www.infobae.com\/new-resizer\/YKdjVV6-BXKZNT3f4mLR29E7vvg=\/1440x960\/filters:format(webp):quality(85)\/cloudfront-us-east-1.images.arcpublishing.com\/infobae\/VP6JDKZNGVGODGSCKJRGNWOADI.jpeg 1440w\">Antes de ser gobernador, Pullaro fue ministro de Seguridad de Santa Fe<\/p>\n\n\n\n<h2 class=\"wp-block-heading\">Requisa sorpresa en el penal de Pi\u00f1ero<\/h2>\n\n\n\n<p>El s\u00e1bado por la noche,<strong>\u00a0el Servicio Penitenciario de Santa Fe realiz\u00f3 una requisa sorpresa en cuatro pabellones de la Unidad Penitenciaria N\u00ba 11 de Pi\u00f1ero<\/strong>, la c\u00e1rcel clave para los narcos de Rosario, donde se encuentran detenidos varios sicarios y operadores de las segundas l\u00edneas de las bandas de la ciudad. La requisa ocurri\u00f3 horas\u00a0<strong>despu\u00e9s del ataque a tiros en la zona de Circunvalaci\u00f3n a un micro que trasladaba a penitenciarios, que termin\u00f3 con un herido de bala<\/strong>, en medio de un endurecimiento de las medidas de control a presos ordenado por el gobernador Maximiliano Pullaro, algo que motiv\u00f3 m\u00e1s amenazas y atentados.<\/p>\n\n\n\n<p>All\u00ed,&nbsp;<strong>se secuestraron facas, celulares y chips de tel\u00e9fonos celulares&nbsp;<\/strong>que fueron puestos a disposici\u00f3n de la Justicia. Los procedimientos \u201cse concentraron en los pabellones del 7 al 9, que es donde est\u00e1n aquellos internos vinculados a las<strong>&nbsp;bandas narco criminales<\/strong>, y del 25 al 29, que son unidades con internos de alto perfil\u201d, precis\u00f3 la secretaria de Asuntos Penales,&nbsp;<strong>Luc\u00eda Masneri Calderari<\/strong>.<\/p>\n\n\n\n<p>En la misma l\u00ednea, la funcionaria continu\u00f3: \u201cEn el operativo&nbsp;<strong>se requisaron casi 250 personas<\/strong>&nbsp;en todos sus espacios de alojamiento, incluyendo revisi\u00f3n de rayos X de todos aquellos internos que pudieran llegar a tener alg\u00fan objeto oculto al interior de su cuerpo\u201d. En tanto, las requisas preventivas contin\u00faan en el lugar en cualquier momento del d\u00eda, sin previo aviso y sin horarios y d\u00edas definidos.<\/p>\n\n\n\n<p>La c\u00e1rcel de Pi\u00f1ero tiene una historia reciente sumamente turbulenta. En el pasado, hab\u00eda alojado a los m\u00e1ximos capos de Rosario, como<strong>\u00a0Esteban Lindor Alvarado, hoy condenado a prisi\u00f3n perpetua.\u00a0<\/strong>Un ataque con ametralladoras al penal en agosto de 2021 dedicado a liberar a detenidos, que termin\u00f3 con varios hampones muertos, forz\u00f3 el traslado de varios presos de alto perfil al Servicio Penitenciario Federal.\u00a0<strong>Francisco Riquelme, acusado de balear al presunto testaferro del capo de Los Monos<\/strong>\u00a0y estrechamente vinculado a Lindor Alvarado, fue trasladado semanas atr\u00e1s al penal de Ezeiza ante el fuerte indicio de que ser\u00eda quien encarg\u00f3 las balaceras cometidas este a\u00f1o contra dos comisar\u00edas, una c\u00e1rcel y una escuela y la oficina de Asuntos Penitenciarios.<\/p>\n\n\n\n<p>Seg\u00fan comunic\u00f3 el Ministerio de Justicia y Seguridad de Santa Fe, los nuevos operativos apuntaron a ajustar el control, formando un segundo anillo de inspecci\u00f3n sobre los presos considerados de alto perfil, que son aquellos que est\u00e1n sospechados o sindicados de<strong>&nbsp;ordenar delitos desde las c\u00e1rceles<\/strong>.<\/p>\n\n\n\n<p>Desde el inicio de esta gesti\u00f3n, se han realizado movimientos significativos en el sistema carcelario de Santa Fe.&nbsp;<strong>Se ha logrado trasladar a m\u00e1s de 1200 detenidos de comisar\u00edas hacia unidades penitenciarias<\/strong>, reacomodando a los reclusos de alto perfil con restricci\u00f3n de la visita que, en algunos casos, reciben a sus familiares con un vidrio tipo Blindex de por medio.<\/p>\n","protected":false},"excerpt":{"rendered":"<p>El gobernador de Santa Fe, Maximiliano Pullaro, comparti\u00f3 en sus redes un operativo que se realiz\u00f3 durante el fin de semana en la c\u00e1rcel de Pi\u00f1ero. Las im\u00e1genes se asemejan a las difundidas por El Salvador en su combate contra los pandilleros. Maximiliano Pullaro\u00a0inici\u00f3 su mandato en Santa Fe con el combate al narcotr\u00e1fico y<a class=\"read-more\" href=\"https:\/\/elfederalmendoza.com.ar\/index.php\/2024\/03\/06\/fotos-cada-vez-la-van-a-pasar-peor-la-advertencia-del-gobierno-de-santa-fe-a-los-narcos-tras-una-requisa-al-estilo-bukele\/\"> [&hellip;]<\/a><\/p>\n","protected":false},"author":2,"featured_media":32120,"comment_status":"open","ping_status":"open","sticky":false,"template":"","format":"standard","meta":{"footnotes":""},"categories":[5618],"tags":[],"class_list":["post-32118","post","type-post","status-publish","format-standard","has-post-thumbnail","hentry","category-arg"],"rttpg_featured_image_url":{"full":["https:\/\/elfederalmendoza.com.ar\/wp-content\/uploads\/2024\/03\/BUKELE.jpg",1508,960,false],"landscape":["https:\/\/elfederalmendoza.com.ar\/wp-content\/uploads\/2024\/03\/BUKELE.jpg",1508,960,false],"portraits":["https:\/\/elfederalmendoza.com.ar\/wp-content\/uploads\/2024\/03\/BUKELE.jpg",1508,960,false],"thumbnail":["https:\/\/elfederalmendoza.com.ar\/wp-content\/uploads\/2024\/03\/BUKELE-150x150.jpg",150,150,true],"medium":["https:\/\/elfederalmendoza.com.ar\/wp-content\/uploads\/2024\/03\/BUKELE-300x191.jpg",300,191,true],"large":["https:\/\/elfederalmendoza.com.ar\/wp-content\/uploads\/2024\/03\/BUKELE-1024x652.jpg",640,408,true],"1536x1536":["https:\/\/elfederalmendoza.com.ar\/wp-content\/uploads\/2024\/03\/BUKELE.jpg",1508,960,false],"2048x2048":["https:\/\/elfederalmendoza.com.ar\/wp-content\/uploads\/2024\/03\/BUKELE.jpg",1508,960,false],"ultp_layout_landscape_large":["https:\/\/elfederalmendoza.com.ar\/wp-content\/uploads\/2024\/03\/BUKELE-1200x800.jpg",1200,800,true],"ultp_layout_landscape":["https:\/\/elfederalmendoza.com.ar\/wp-content\/uploads\/2024\/03\/BUKELE-870x570.jpg",870,570,true],"ultp_layout_portrait":["https:\/\/elfederalmendoza.com.ar\/wp-content\/uploads\/2024\/03\/BUKELE-600x900.jpg",600,900,true],"ultp_layout_square":["https:\/\/elfederalmendoza.com.ar\/wp-content\/uploads\/2024\/03\/BUKELE-600x600.jpg",600,600,true],"rpwe-thumbnail":["https:\/\/elfederalmendoza.com.ar\/wp-content\/uploads\/2024\/03\/BUKELE-45x45.jpg",45,45,true],"advps-thumb-one":["https:\/\/elfederalmendoza.com.ar\/wp-content\/uploads\/2024\/03\/BUKELE-1200x420.jpg",1200,420,true]},"rttpg_author":{"display_name":"Redacci\u00f3n El Federal","author_link":"https:\/\/elfederalmendoza.com.ar\/index.php\/author\/angelflores\/"},"rttpg_comment":0,"rttpg_category":"<a href=\"https:\/\/elfederalmendoza.com.ar\/index.php\/category\/arg\/\" rel=\"category tag\">Argentina<\/a>","rttpg_excerpt":"El gobernador de Santa Fe, Maximiliano Pullaro, comparti\u00f3 en sus redes un operativo que se realiz\u00f3 durante el fin de semana en la c\u00e1rcel de Pi\u00f1ero. Las im\u00e1genes se asemejan a las difundidas por El Salvador en su combate contra los pandilleros. Maximiliano Pullaro\u00a0inici\u00f3 su mandato en Santa Fe con el combate al narcotr\u00e1fico y&hellip;","_links":{"self":[{"href":"https:\/\/elfederalmendoza.com.ar\/index.php\/wp-json\/wp\/v2\/posts\/32118","targetHints":{"allow":["GET"]}}],"collection":[{"href":"https:\/\/elfederalmendoza.com.ar\/index.php\/wp-json\/wp\/v2\/posts"}],"about":[{"href":"https:\/\/elfederalmendoza.com.ar\/index.php\/wp-json\/wp\/v2\/types\/post"}],"author":[{"embeddable":true,"href":"https:\/\/elfederalmendoza.com.ar\/index.php\/wp-json\/wp\/v2\/users\/2"}],"replies":[{"embeddable":true,"href":"https:\/\/elfederalmendoza.com.ar\/index.php\/wp-json\/wp\/v2\/comments?post=32118"}],"version-history":[{"count":1,"href":"https:\/\/elfederalmendoza.com.ar\/index.php\/wp-json\/wp\/v2\/posts\/32118\/revisions"}],"predecessor-version":[{"id":32121,"href":"https:\/\/elfederalmendoza.com.ar\/index.php\/wp-json\/wp\/v2\/posts\/32118\/revisions\/32121"}],"wp:featuredmedia":[{"embeddable":true,"href":"https:\/\/elfederalmendoza.com.ar\/index.php\/wp-json\/wp\/v2\/media\/32120"}],"wp:attachment":[{"href":"https:\/\/elfederalmendoza.com.ar\/index.php\/wp-json\/wp\/v2\/media?parent=32118"}],"wp:term":[{"taxonomy":"category","embeddable":true,"href":"https:\/\/elfederalmendoza.com.ar\/index.php\/wp-json\/wp\/v2\/categories?post=32118"},{"taxonomy":"post_tag","embeddable":true,"href":"https:\/\/elfederalmendoza.com.ar\/index.php\/wp-json\/wp\/v2\/tags?post=32118"}],"curies":[{"name":"wp","href":"https:\/\/api.w.org\/{rel}","templated":true}]}}