{"id":32126,"date":"2024-03-06T11:15:00","date_gmt":"2024-03-06T14:15:00","guid":{"rendered":"https:\/\/elfederalmendoza.com\/?p=32126"},"modified":"2024-03-06T13:24:03","modified_gmt":"2024-03-06T16:24:03","slug":"fue-maestra-de-milei-en-cuarto-grado-y-hoy-le-hizo-un-reclamo-por-los-jubilados","status":"publish","type":"post","link":"https:\/\/elfederalmendoza.com.ar\/index.php\/2024\/03\/06\/fue-maestra-de-milei-en-cuarto-grado-y-hoy-le-hizo-un-reclamo-por-los-jubilados\/","title":{"rendered":"Fue maestra de Milei en cuarto grado y hoy le hizo un reclamo por los jubilados"},"content":{"rendered":"\n<p><strong>Una maestra de Javier Milei habl\u00f3 desde la puerta del colegio Copello y le hizo un reclamo al presidente. La mujer lleg\u00f3 minutos antes de que el Presidente entrara a la instituci\u00f3n para participar del inicio de clases. Record\u00f3 a Milei siendo alumno y de paso le hizo un pedido.<\/strong><\/p>\n\n\n\n<p>Milei lleg\u00f3 en compa\u00f1\u00eda de su hermana, la secretaria general de la Presidencia, Karina Milei, para participar en el acto de inicio del ciclo lectivo del Colegio Cardenal Copello, en el barrio porte\u00f1o de Villa Devoto. En ese colegio, los hermanos Milei estudiaron.<\/p>\n\n\n\n<p><strong><u>La situaci\u00f3n de los jubilados<\/u><\/strong><br>En ese lugar, Teresa, su maestra de cuarto grado, record\u00f3 el paso de Milei por el lugar y aprovech\u00f3 para enviarle un pedido especial a su ex alumno. \u201cEsperemos que las medidas sean buenas para todos. Yo soy jubilada y muy bien no estoy, estoy esperando que nos mejore la jubilaci\u00f3n y que no nos apriete tanto con todos los ajustes\u201d, afirm\u00f3 ante los micr\u00f3fonos de los periodistas apostados en la puerta del colegio.<\/p>\n\n\n\n<p>\u201cGracias a Dios no tomo medicamentos, pero tengo compa\u00f1eros que la est\u00e1n padeciendo bastante -agreg\u00f3-. El salario docente es muy bajo, justamente tengo que venir a pedir los papeles al colegio porque adem\u00e1s me jubilaron mal\u201d, insisti\u00f3.<\/p>\n\n\n\n<p>&nbsp;Teresa, m\u00e1s conocida como \u201cTechi\u201d, dijo que si pudiera decirle algo al jefe de Estado, ser\u00eda que saque el pa\u00eds adelante. \u201cPorque ya estamos bastante fundidos todos\u201d, afirm\u00f3 y tambi\u00e9n apunt\u00f3 a que mejore la educaci\u00f3n de los chicos \u201cporque no est\u00e1 tan buena\u201d.<\/p>\n","protected":false},"excerpt":{"rendered":"<p>Una maestra de Javier Milei habl\u00f3 desde la puerta del colegio Copello y le hizo un reclamo al presidente. La mujer lleg\u00f3 minutos antes de que el Presidente entrara a la instituci\u00f3n para participar del inicio de clases. Record\u00f3 a Milei siendo alumno y de paso le hizo un pedido. Milei lleg\u00f3 en compa\u00f1\u00eda de<a class=\"read-more\" href=\"https:\/\/elfederalmendoza.com.ar\/index.php\/2024\/03\/06\/fue-maestra-de-milei-en-cuarto-grado-y-hoy-le-hizo-un-reclamo-por-los-jubilados\/\"> [&hellip;]<\/a><\/p>\n","protected":false},"author":2,"featured_media":32138,"comment_status":"open","ping_status":"open","sticky":false,"template":"","format":"standard","meta":{"footnotes":""},"categories":[5618],"tags":[],"class_list":["post-32126","post","type-post","status-publish","format-standard","has-post-thumbnail","hentry","category-arg"],"rttpg_featured_image_url":{"full":["https:\/\/elfederalmendoza.com.ar\/wp-content\/uploads\/2024\/03\/el-reclamo-de-una-maestra-de-primaria-de-javier-milei-soy-jubilada-y-muy-bien-no-estoy-espero-que-no-apriete-tanto-1765802.jpg",1280,720,false],"landscape":["https:\/\/elfederalmendoza.com.ar\/wp-content\/uploads\/2024\/03\/el-reclamo-de-una-maestra-de-primaria-de-javier-milei-soy-jubilada-y-muy-bien-no-estoy-espero-que-no-apriete-tanto-1765802.jpg",1280,720,false],"portraits":["https:\/\/elfederalmendoza.com.ar\/wp-content\/uploads\/2024\/03\/el-reclamo-de-una-maestra-de-primaria-de-javier-milei-soy-jubilada-y-muy-bien-no-estoy-espero-que-no-apriete-tanto-1765802.jpg",1280,720,false],"thumbnail":["https:\/\/elfederalmendoza.com.ar\/wp-content\/uploads\/2024\/03\/el-reclamo-de-una-maestra-de-primaria-de-javier-milei-soy-jubilada-y-muy-bien-no-estoy-espero-que-no-apriete-tanto-1765802-150x150.jpg",150,150,true],"medium":["https:\/\/elfederalmendoza.com.ar\/wp-content\/uploads\/2024\/03\/el-reclamo-de-una-maestra-de-primaria-de-javier-milei-soy-jubilada-y-muy-bien-no-estoy-espero-que-no-apriete-tanto-1765802-300x169.jpg",300,169,true],"large":["https:\/\/elfederalmendoza.com.ar\/wp-content\/uploads\/2024\/03\/el-reclamo-de-una-maestra-de-primaria-de-javier-milei-soy-jubilada-y-muy-bien-no-estoy-espero-que-no-apriete-tanto-1765802-1024x576.jpg",640,360,true],"1536x1536":["https:\/\/elfederalmendoza.com.ar\/wp-content\/uploads\/2024\/03\/el-reclamo-de-una-maestra-de-primaria-de-javier-milei-soy-jubilada-y-muy-bien-no-estoy-espero-que-no-apriete-tanto-1765802.jpg",1280,720,false],"2048x2048":["https:\/\/elfederalmendoza.com.ar\/wp-content\/uploads\/2024\/03\/el-reclamo-de-una-maestra-de-primaria-de-javier-milei-soy-jubilada-y-muy-bien-no-estoy-espero-que-no-apriete-tanto-1765802.jpg",1280,720,false],"ultp_layout_landscape_large":["https:\/\/elfederalmendoza.com.ar\/wp-content\/uploads\/2024\/03\/el-reclamo-de-una-maestra-de-primaria-de-javier-milei-soy-jubilada-y-muy-bien-no-estoy-espero-que-no-apriete-tanto-1765802-1200x720.jpg",1200,720,true],"ultp_layout_landscape":["https:\/\/elfederalmendoza.com.ar\/wp-content\/uploads\/2024\/03\/el-reclamo-de-una-maestra-de-primaria-de-javier-milei-soy-jubilada-y-muy-bien-no-estoy-espero-que-no-apriete-tanto-1765802-870x570.jpg",870,570,true],"ultp_layout_portrait":["https:\/\/elfederalmendoza.com.ar\/wp-content\/uploads\/2024\/03\/el-reclamo-de-una-maestra-de-primaria-de-javier-milei-soy-jubilada-y-muy-bien-no-estoy-espero-que-no-apriete-tanto-1765802-600x720.jpg",600,720,true],"ultp_layout_square":["https:\/\/elfederalmendoza.com.ar\/wp-content\/uploads\/2024\/03\/el-reclamo-de-una-maestra-de-primaria-de-javier-milei-soy-jubilada-y-muy-bien-no-estoy-espero-que-no-apriete-tanto-1765802-600x600.jpg",600,600,true],"rpwe-thumbnail":["https:\/\/elfederalmendoza.com.ar\/wp-content\/uploads\/2024\/03\/el-reclamo-de-una-maestra-de-primaria-de-javier-milei-soy-jubilada-y-muy-bien-no-estoy-espero-que-no-apriete-tanto-1765802-45x45.jpg",45,45,true],"advps-thumb-one":["https:\/\/elfederalmendoza.com.ar\/wp-content\/uploads\/2024\/03\/el-reclamo-de-una-maestra-de-primaria-de-javier-milei-soy-jubilada-y-muy-bien-no-estoy-espero-que-no-apriete-tanto-1765802-1200x420.jpg",1200,420,true]},"rttpg_author":{"display_name":"Redacci\u00f3n El Federal","author_link":"https:\/\/elfederalmendoza.com.ar\/index.php\/author\/angelflores\/"},"rttpg_comment":0,"rttpg_category":"<a href=\"https:\/\/elfederalmendoza.com.ar\/index.php\/category\/arg\/\" rel=\"category tag\">Argentina<\/a>","rttpg_excerpt":"Una maestra de Javier Milei habl\u00f3 desde la puerta del colegio Copello y le hizo un reclamo al presidente. La mujer lleg\u00f3 minutos antes de que el Presidente entrara a la instituci\u00f3n para participar del inicio de clases. Record\u00f3 a Milei siendo alumno y de paso le hizo un pedido. Milei lleg\u00f3 en compa\u00f1\u00eda de&hellip;","_links":{"self":[{"href":"https:\/\/elfederalmendoza.com.ar\/index.php\/wp-json\/wp\/v2\/posts\/32126","targetHints":{"allow":["GET"]}}],"collection":[{"href":"https:\/\/elfederalmendoza.com.ar\/index.php\/wp-json\/wp\/v2\/posts"}],"about":[{"href":"https:\/\/elfederalmendoza.com.ar\/index.php\/wp-json\/wp\/v2\/types\/post"}],"author":[{"embeddable":true,"href":"https:\/\/elfederalmendoza.com.ar\/index.php\/wp-json\/wp\/v2\/users\/2"}],"replies":[{"embeddable":true,"href":"https:\/\/elfederalmendoza.com.ar\/index.php\/wp-json\/wp\/v2\/comments?post=32126"}],"version-history":[{"count":1,"href":"https:\/\/elfederalmendoza.com.ar\/index.php\/wp-json\/wp\/v2\/posts\/32126\/revisions"}],"predecessor-version":[{"id":32139,"href":"https:\/\/elfederalmendoza.com.ar\/index.php\/wp-json\/wp\/v2\/posts\/32126\/revisions\/32139"}],"wp:featuredmedia":[{"embeddable":true,"href":"https:\/\/elfederalmendoza.com.ar\/index.php\/wp-json\/wp\/v2\/media\/32138"}],"wp:attachment":[{"href":"https:\/\/elfederalmendoza.com.ar\/index.php\/wp-json\/wp\/v2\/media?parent=32126"}],"wp:term":[{"taxonomy":"category","embeddable":true,"href":"https:\/\/elfederalmendoza.com.ar\/index.php\/wp-json\/wp\/v2\/categories?post=32126"},{"taxonomy":"post_tag","embeddable":true,"href":"https:\/\/elfederalmendoza.com.ar\/index.php\/wp-json\/wp\/v2\/tags?post=32126"}],"curies":[{"name":"wp","href":"https:\/\/api.w.org\/{rel}","templated":true}]}}