{"id":32155,"date":"2024-03-08T07:49:41","date_gmt":"2024-03-08T10:49:41","guid":{"rendered":"https:\/\/elfederalmendoza.com\/?p=32155"},"modified":"2024-03-08T07:49:42","modified_gmt":"2024-03-08T10:49:42","slug":"javier-milei-le-pidio-a-martin-menem-que-de-marcha-atras-con-el-aumento-a-los-diputados-que-no-me-vengan-con-que-no-les-alcanza","status":"publish","type":"post","link":"https:\/\/elfederalmendoza.com.ar\/index.php\/2024\/03\/08\/javier-milei-le-pidio-a-martin-menem-que-de-marcha-atras-con-el-aumento-a-los-diputados-que-no-me-vengan-con-que-no-les-alcanza\/","title":{"rendered":"Javier Milei, le pidi\u00f3 a Mart\u00edn Menem que de marcha atr\u00e1s con el aumento a los diputados: \u201cQue no me vengan con que no les alcanza\u201d"},"content":{"rendered":"\n<p>En una entrevista exclusiva en LN+, el Presidente cont\u00f3 los motivos por los que le pidi\u00f3 al titular de la C\u00e1mara baja que retroceda en la iniciativa.<\/p>\n\n\n\n<p>Una semana despu\u00e9s de su discurso ante la Asamblea Legislativa y en medio de la pol\u00e9mica desatada por la suba del 30% en la dieta de los legisladores,<strong>\u00a0el presidente Javier Milei<\/strong>\u00a0asegur\u00f3 que\u00a0<strong>no est\u00e1 de acuerdo \u201ccon que los diputados se aumenten el sueldo\u201d.<\/strong><\/p>\n\n\n\n<p>\u201cDado la situaci\u00f3n del pa\u00eds, le ped\u00ed a Mart\u00edn [Menem] que saque la cl\u00e1usula y avance en algo que quede desligado y que los pol\u00edticos voten a ver qu\u00e9 quieren hacer con las dietas y que queden expuestos ante la sociedad.\u00a0<strong>Que no me vengan con que la est\u00e1n pasando mal\u00a0<\/strong>porque hay much\u00edsima gente que la est\u00e1 pasando peor.\u00a0<strong>El 60 % de la Argentina es pobre\u201d,\u00a0<\/strong>sostuvo durante una entrevista exclusiva en LN+.<\/p>\n\n\n\n<p>La decisi\u00f3n del Ejecutivo hab\u00eda sido anunciada este jueves a la tarde por el propio Menem, luego de que la Casa Rosada dejara trascender que el mandatario estaba \u201cfurioso\u201d con el aumento del salario de diputados y senadores.\u00a0<strong>\u201cEst\u00e1 recaliente\u201d<\/strong>, fue la frase con la que fuentes de Balcarce 50 graficaron el \u00e1nimo presidencial tras enterarse de la decisi\u00f3n del aumento.<\/p>\n\n\n\n<blockquote class=\"twitter-tweet\"><p lang=\"es\" dir=\"ltr\">Por orden del Presidente Javier Milei, vamos a presentar un proyecto para RETROTRAER el aumento que fue otorgado a diputados y senadores de la Naci\u00f3n de manera autom\u00e1tica, debido a la resoluci\u00f3n 0013\/11 firmada por el ex-presidente del Senado Amado Boudou y el ex-presidente de la\u2026<\/p>&mdash; Martin Menem (@MenemMartin) <a href=\"https:\/\/twitter.com\/MenemMartin\/status\/1765860659844030694?ref_src=twsrc%5Etfw\">March 7, 2024<\/a><\/blockquote> <script async src=\"https:\/\/platform.twitter.com\/widgets.js\" charset=\"utf-8\"><\/script>\n","protected":false},"excerpt":{"rendered":"<p>En una entrevista exclusiva en LN+, el Presidente cont\u00f3 los motivos por los que le pidi\u00f3 al titular de la C\u00e1mara baja que retroceda en la iniciativa. Una semana despu\u00e9s de su discurso ante la Asamblea Legislativa y en medio de la pol\u00e9mica desatada por la suba del 30% en la dieta de los legisladores,\u00a0el<a class=\"read-more\" href=\"https:\/\/elfederalmendoza.com.ar\/index.php\/2024\/03\/08\/javier-milei-le-pidio-a-martin-menem-que-de-marcha-atras-con-el-aumento-a-los-diputados-que-no-me-vengan-con-que-no-les-alcanza\/\"> [&hellip;]<\/a><\/p>\n","protected":false},"author":2,"featured_media":32157,"comment_status":"open","ping_status":"open","sticky":false,"template":"","format":"standard","meta":{"footnotes":""},"categories":[5618],"tags":[],"class_list":["post-32155","post","type-post","status-publish","format-standard","has-post-thumbnail","hentry","category-arg"],"rttpg_featured_image_url":{"full":["https:\/\/elfederalmendoza.com.ar\/wp-content\/uploads\/2024\/03\/milei8.jpg",1129,797,false],"landscape":["https:\/\/elfederalmendoza.com.ar\/wp-content\/uploads\/2024\/03\/milei8.jpg",1129,797,false],"portraits":["https:\/\/elfederalmendoza.com.ar\/wp-content\/uploads\/2024\/03\/milei8.jpg",1129,797,false],"thumbnail":["https:\/\/elfederalmendoza.com.ar\/wp-content\/uploads\/2024\/03\/milei8-150x150.jpg",150,150,true],"medium":["https:\/\/elfederalmendoza.com.ar\/wp-content\/uploads\/2024\/03\/milei8-300x212.jpg",300,212,true],"large":["https:\/\/elfederalmendoza.com.ar\/wp-content\/uploads\/2024\/03\/milei8-1024x723.jpg",640,452,true],"1536x1536":["https:\/\/elfederalmendoza.com.ar\/wp-content\/uploads\/2024\/03\/milei8.jpg",1129,797,false],"2048x2048":["https:\/\/elfederalmendoza.com.ar\/wp-content\/uploads\/2024\/03\/milei8.jpg",1129,797,false],"ultp_layout_landscape_large":["https:\/\/elfederalmendoza.com.ar\/wp-content\/uploads\/2024\/03\/milei8.jpg",1129,797,false],"ultp_layout_landscape":["https:\/\/elfederalmendoza.com.ar\/wp-content\/uploads\/2024\/03\/milei8-870x570.jpg",870,570,true],"ultp_layout_portrait":["https:\/\/elfederalmendoza.com.ar\/wp-content\/uploads\/2024\/03\/milei8-600x797.jpg",600,797,true],"ultp_layout_square":["https:\/\/elfederalmendoza.com.ar\/wp-content\/uploads\/2024\/03\/milei8-600x600.jpg",600,600,true],"rpwe-thumbnail":["https:\/\/elfederalmendoza.com.ar\/wp-content\/uploads\/2024\/03\/milei8-45x45.jpg",45,45,true],"advps-thumb-one":["https:\/\/elfederalmendoza.com.ar\/wp-content\/uploads\/2024\/03\/milei8-1129x420.jpg",1129,420,true]},"rttpg_author":{"display_name":"Redacci\u00f3n El Federal","author_link":"https:\/\/elfederalmendoza.com.ar\/index.php\/author\/angelflores\/"},"rttpg_comment":0,"rttpg_category":"<a href=\"https:\/\/elfederalmendoza.com.ar\/index.php\/category\/arg\/\" rel=\"category tag\">Argentina<\/a>","rttpg_excerpt":"En una entrevista exclusiva en LN+, el Presidente cont\u00f3 los motivos por los que le pidi\u00f3 al titular de la C\u00e1mara baja que retroceda en la iniciativa. Una semana despu\u00e9s de su discurso ante la Asamblea Legislativa y en medio de la pol\u00e9mica desatada por la suba del 30% en la dieta de los legisladores,\u00a0el&hellip;","_links":{"self":[{"href":"https:\/\/elfederalmendoza.com.ar\/index.php\/wp-json\/wp\/v2\/posts\/32155","targetHints":{"allow":["GET"]}}],"collection":[{"href":"https:\/\/elfederalmendoza.com.ar\/index.php\/wp-json\/wp\/v2\/posts"}],"about":[{"href":"https:\/\/elfederalmendoza.com.ar\/index.php\/wp-json\/wp\/v2\/types\/post"}],"author":[{"embeddable":true,"href":"https:\/\/elfederalmendoza.com.ar\/index.php\/wp-json\/wp\/v2\/users\/2"}],"replies":[{"embeddable":true,"href":"https:\/\/elfederalmendoza.com.ar\/index.php\/wp-json\/wp\/v2\/comments?post=32155"}],"version-history":[{"count":1,"href":"https:\/\/elfederalmendoza.com.ar\/index.php\/wp-json\/wp\/v2\/posts\/32155\/revisions"}],"predecessor-version":[{"id":32158,"href":"https:\/\/elfederalmendoza.com.ar\/index.php\/wp-json\/wp\/v2\/posts\/32155\/revisions\/32158"}],"wp:featuredmedia":[{"embeddable":true,"href":"https:\/\/elfederalmendoza.com.ar\/index.php\/wp-json\/wp\/v2\/media\/32157"}],"wp:attachment":[{"href":"https:\/\/elfederalmendoza.com.ar\/index.php\/wp-json\/wp\/v2\/media?parent=32155"}],"wp:term":[{"taxonomy":"category","embeddable":true,"href":"https:\/\/elfederalmendoza.com.ar\/index.php\/wp-json\/wp\/v2\/categories?post=32155"},{"taxonomy":"post_tag","embeddable":true,"href":"https:\/\/elfederalmendoza.com.ar\/index.php\/wp-json\/wp\/v2\/tags?post=32155"}],"curies":[{"name":"wp","href":"https:\/\/api.w.org\/{rel}","templated":true}]}}