{"id":32160,"date":"2024-03-08T11:41:35","date_gmt":"2024-03-08T14:41:35","guid":{"rendered":"https:\/\/elfederalmendoza.com\/?p=32160"},"modified":"2024-03-08T11:41:36","modified_gmt":"2024-03-08T14:41:36","slug":"petri-adelanto-la-posicion-del-gobierno-sobre-la-posibilidad-de-restablecer-el-servicio-militar-obligatorio","status":"publish","type":"post","link":"https:\/\/elfederalmendoza.com.ar\/index.php\/2024\/03\/08\/petri-adelanto-la-posicion-del-gobierno-sobre-la-posibilidad-de-restablecer-el-servicio-militar-obligatorio\/","title":{"rendered":"Petri adelant\u00f3 la posici\u00f3n del Gobierno sobre la posibilidad de restablecer el servicio militar obligatorio"},"content":{"rendered":"\n<p>A 30 a\u00f1os de la eliminaci\u00f3n del\u00a0<strong>Servicio Militar Obligatorio (SMO),<\/strong>\u00a0el ministro de Defensa,<strong>\u00a0Luis Petri,<\/strong>\u00a0adelant\u00f3 la posici\u00f3n del Gobierno sobre la\u00a0<strong>posibilidad de reestablecerlo.\u00a0<\/strong>El funcionario de\u00a0<strong>Javier Milei\u00a0<\/strong>aclar\u00f3 cu\u00e1l es el plan de la cartera que conduce y qu\u00e9 podr\u00eda pasar con la instrucci\u00f3n forzada que se elimin\u00f3 en 1994 durante la administraci\u00f3n de\u00a0<strong>Carlos Menem<\/strong>, en el marco de la muerte de del soldado Omar Octavio Carrasco.<strong>\u00a0<\/strong><mark><strong>\u201cVamos a evaluar\u201d,<\/strong><\/mark>\u00a0desliz\u00f3 Petri. No obstante, autoridades enviaron un comunicado en donde desestimaron que el regreso del SMO est\u00e9 en discusi\u00f3n.<\/p>\n\n\n\n<p>En declaraciones a la prensa en medio de la Fiesta de la Vendimia, que se celebr\u00f3 en Mendoza -su provincial natal- este fin de semana, Petri dio detalles de los planes para su cartera. \u201cLo que tenemos en carpeta es de jerarquizar y reivindicar a las Fuerzas Armadas.<strong>\u00a0En tanto y en cuanto tengamos presupuesto, vamos a hacer todos los esfuerzos para ir en ese sentido. S\u00ed queremos, claramente, modificar las condiciones del servicio voluntario para garantizar la terminalidad educativa\u201d<\/strong>, indic\u00f3.<\/p>\n\n\n\n<p>Luego, hizo hincapi\u00e9 en la necesidad de mejorar la instrucci\u00f3n voluntaria. \u201cHoy tenemos un servicio voluntario que va entre los 18 y los 28 a\u00f1os de edad y no garantiza la terminalidad educativa. Y esos chicos que salen del servicio militar no tienen herramientas para incorporarse en el mercado laboral.\u00a0<strong>Queremos reformular el servicio militar voluntario, reformular los liceos para volver a los viejos liceos que tanta calidad supieron tener en toda la Rep\u00fablica Argentina.\u00a0<\/strong>Y estas son las cuestiones a las cuales nos estamos abocando\u201d, expres\u00f3.<\/p>\n\n\n\n<figure class=\"wp-block-image size-large\"><img loading=\"lazy\" decoding=\"async\" width=\"1024\" height=\"675\" src=\"https:\/\/elfederalmendoza.com\/wp-content\/uploads\/2024\/03\/petri1-1024x675.jpg\" alt=\"\" class=\"wp-image-32162\" srcset=\"https:\/\/elfederalmendoza.com.ar\/wp-content\/uploads\/2024\/03\/petri1-1024x675.jpg 1024w, https:\/\/elfederalmendoza.com.ar\/wp-content\/uploads\/2024\/03\/petri1-300x198.jpg 300w, https:\/\/elfederalmendoza.com.ar\/wp-content\/uploads\/2024\/03\/petri1-768x506.jpg 768w, https:\/\/elfederalmendoza.com.ar\/wp-content\/uploads\/2024\/03\/petri1.jpg 1437w\" sizes=\"auto, (max-width: 1024px) 100vw, 1024px\" \/><\/figure>\n\n\n\n<p>Tras ello, fue nuevamente consultado sobre la posibilidad de restaurar la obligatoriedad de la formaci\u00f3n militar, posibilidad que ha sido discutida dentro del plano libertario cuando reci\u00e9n comenzaba la carrera hacia la Casa Rosada, pero que no se volvi\u00f3 a instalar hasta ahora.\u00a0<mark><strong>\u201cHoy no est\u00e1n dadas las condiciones, pero es una cuesti\u00f3n que vamos a evaluar con el oficialismo y con la oposici\u00f3n\u201d, cerr\u00f3.<\/strong><\/mark><\/p>\n\n\n\n<p>Tras las declaraciones de Petri, desde Defensa aclararon:&nbsp;<strong>\u201cNunca se pens\u00f3 la vuelta del servicio militar obligatorio\u201d<\/strong>. \u201cS\u00ed se est\u00e1 estudiando y trabajando en una reestructuraci\u00f3n del servicio militar voluntario para garantizar la terminalidad educativa\u201d, precisaron.<\/p>\n\n\n\n<p>Y reforzaron:&nbsp;<mark>\u201cSe quiere reformular el servicio militar voluntario y reestructurar los liceos, para volver a los viejos liceos que tanta calidad supieron tener en toda la Rep\u00fablica Argentina\u201d.<\/mark><\/p>\n\n\n\n<h2 class=\"wp-block-heading\">El Servicio Militar Obligatorio<\/h2>\n\n\n\n<p>El<strong>&nbsp;Servicio Militar Obligatorio<\/strong>&nbsp;existi\u00f3 en la Argentina durante 92 a\u00f1os, entre diciembre de 1901 y agosto de 1994. Fue sancionado a trav\u00e9s de la Ley N\u00b0 4031, que llevar\u00eda el nombre del&nbsp;<strong>Coronel Pablo Riccheri,<\/strong>&nbsp;el ministro de Guerra de&nbsp;<strong>Julio Argentino Roca.<\/strong>&nbsp;Seg\u00fan esta legislaci\u00f3n, la conscripci\u00f3n forzosa pod\u00eda alcanzar a todos los j\u00f3venes argentinos, nativos y naturalizados, que hubieran cumplido veinte a\u00f1os \u2014posteriormente, se estableci\u00f3 la l\u00ednea a los 18 a\u00f1os\u2014 el a\u00f1o anterior a su llamamiento.<\/p>\n\n\n\n<p>El sistema de selecci\u00f3n constaba de un&nbsp;<strong>sorteo,&nbsp;<\/strong>transmitido por los medios de todo el pa\u00eds, en el que cada potencial candidato ten\u00eda un n\u00famero entre 1 a 1000 asignado a cada uno de los \u00faltimos tres n\u00fameros de identificaci\u00f3n nacional de los ciudadanos hombres.&nbsp;<strong>Cada a\u00f1o se anunciaba un n\u00famero de corte, y aquellos ciudadanos cuyo n\u00famero de identificaci\u00f3n nacional correspond\u00eda a un n\u00famero de sorteo por encima del corte deb\u00edan pasar la revisi\u00f3n m\u00e9dica para ser inscriptos al a\u00f1o de SMO.&nbsp;<\/strong>Concebido en el marco de las tensiones territoriales con Chile, que eventualmente pod\u00edan derivar en un conflicto armado, el plan de Riccheri buscaba entrenar a 100.000 j\u00f3venes en las artes militares en un plazo de diez a\u00f1os.<\/p>\n\n\n\n<figure class=\"wp-block-image is-resized\"><img decoding=\"async\" src=\"https:\/\/resizer.glanacion.com\/resizer\/v2\/el-ministro-de-defensa-jorge-taiana-encabezo-el-PY4IQD3CDNETFJVVJDYZ42H5W4.JPG?auth=7c8427db082cc8ec032c682a0f49d365d54c544d5b4dc05ca9463b9dabe35456&amp;width=420&amp;height=236&amp;quality=70&amp;smart=true\" alt=\"El ministro de Defensa, Jorge Taiana, encabez\u00f3 el acto por el D\u00eda del Ej\u00e9rcito Argentino.\" style=\"width:840px;height:auto\"\/><figcaption class=\"wp-element-caption\">El ministro de Defensa, Jorge Taiana, encabez\u00f3 el acto por el D\u00eda del Ej\u00e9rcito Argentino.Ministerio de Defensa<\/figcaption><\/figure>\n\n\n\n<p>Aunque form\u00f3 parte del paisaje nacional por m\u00e1s de nueve d\u00e9cadas, el involucramiento de las Fuerzas Armadas en la pol\u00edtica nacional a trav\u00e9s de golpes de Estado, as\u00ed como los abusos reportados por numerosos conscriptos por parte de sus oficiales,&nbsp;<strong>comenzaron a desacreditar la funci\u00f3n moral del SMO.<\/strong><\/p>\n\n\n\n<p>La Guerra de Malvinas, en la que buena parte de las tropas nacionales estuvieron conformadas por conscriptos que cumpl\u00edan el SMO, debilit\u00f3 a\u00fan m\u00e1s el sistema, cuya tasa de reclutamiento se achicaba mes a mes. Otros factores que contribuyeron a que se discutiera la vigencia de este sistema, ya bajo el gobierno democr\u00e1tico de<strong>&nbsp;Ra\u00fal Alfons\u00edn<\/strong>, fueron los alzamientos Carapintadas de 1987 y 1990 y la hiperinflaci\u00f3n de fines del gobierno radical y principios del de Menem, que hac\u00edan a muchos cuestionar el nivel de gasto del SMO.<\/p>\n\n\n\n<p>Todo cambi\u00f3 un a\u00f1o despu\u00e9s, el 31 de agosto de 1994, cuando la desaparici\u00f3n y posterior hallazgo del cuerpo de&nbsp;<strong>Omar Carrasco,&nbsp;<\/strong>un conscripto que hab\u00eda muerto producto de una paliza de sus oficiales mientras realizaba el SMO y cuyo cad\u00e1ver estuvo desaparecido por un mes, motivaron que el presidente<strong>&nbsp;Menem suspendiera la obligatoriedad mediante un decreto y habilitara el SMV, que rige actualmente.<\/strong><\/p>\n\n\n\n<p><strong>LA NACION<\/strong><\/p>\n","protected":false},"excerpt":{"rendered":"<p>A 30 a\u00f1os de la eliminaci\u00f3n del\u00a0Servicio Militar Obligatorio (SMO),\u00a0el ministro de Defensa,\u00a0Luis Petri,\u00a0adelant\u00f3 la posici\u00f3n del Gobierno sobre la\u00a0posibilidad de reestablecerlo.\u00a0El funcionario de\u00a0Javier Milei\u00a0aclar\u00f3 cu\u00e1l es el plan de la cartera que conduce y qu\u00e9 podr\u00eda pasar con la instrucci\u00f3n forzada que se elimin\u00f3 en 1994 durante la administraci\u00f3n de\u00a0Carlos Menem, en el marco<a class=\"read-more\" href=\"https:\/\/elfederalmendoza.com.ar\/index.php\/2024\/03\/08\/petri-adelanto-la-posicion-del-gobierno-sobre-la-posibilidad-de-restablecer-el-servicio-militar-obligatorio\/\"> [&hellip;]<\/a><\/p>\n","protected":false},"author":2,"featured_media":32163,"comment_status":"open","ping_status":"open","sticky":false,"template":"","format":"standard","meta":{"footnotes":""},"categories":[5618],"tags":[],"class_list":["post-32160","post","type-post","status-publish","format-standard","has-post-thumbnail","hentry","category-arg"],"rttpg_featured_image_url":{"full":["https:\/\/elfederalmendoza.com.ar\/wp-content\/uploads\/2024\/03\/petri3.jpg",1182,853,false],"landscape":["https:\/\/elfederalmendoza.com.ar\/wp-content\/uploads\/2024\/03\/petri3.jpg",1182,853,false],"portraits":["https:\/\/elfederalmendoza.com.ar\/wp-content\/uploads\/2024\/03\/petri3.jpg",1182,853,false],"thumbnail":["https:\/\/elfederalmendoza.com.ar\/wp-content\/uploads\/2024\/03\/petri3-150x150.jpg",150,150,true],"medium":["https:\/\/elfederalmendoza.com.ar\/wp-content\/uploads\/2024\/03\/petri3-300x216.jpg",300,216,true],"large":["https:\/\/elfederalmendoza.com.ar\/wp-content\/uploads\/2024\/03\/petri3-1024x739.jpg",640,462,true],"1536x1536":["https:\/\/elfederalmendoza.com.ar\/wp-content\/uploads\/2024\/03\/petri3.jpg",1182,853,false],"2048x2048":["https:\/\/elfederalmendoza.com.ar\/wp-content\/uploads\/2024\/03\/petri3.jpg",1182,853,false],"ultp_layout_landscape_large":["https:\/\/elfederalmendoza.com.ar\/wp-content\/uploads\/2024\/03\/petri3-1182x800.jpg",1182,800,true],"ultp_layout_landscape":["https:\/\/elfederalmendoza.com.ar\/wp-content\/uploads\/2024\/03\/petri3-870x570.jpg",870,570,true],"ultp_layout_portrait":["https:\/\/elfederalmendoza.com.ar\/wp-content\/uploads\/2024\/03\/petri3-600x853.jpg",600,853,true],"ultp_layout_square":["https:\/\/elfederalmendoza.com.ar\/wp-content\/uploads\/2024\/03\/petri3-600x600.jpg",600,600,true],"rpwe-thumbnail":["https:\/\/elfederalmendoza.com.ar\/wp-content\/uploads\/2024\/03\/petri3-45x45.jpg",45,45,true],"advps-thumb-one":["https:\/\/elfederalmendoza.com.ar\/wp-content\/uploads\/2024\/03\/petri3-1182x420.jpg",1182,420,true]},"rttpg_author":{"display_name":"Redacci\u00f3n El Federal","author_link":"https:\/\/elfederalmendoza.com.ar\/index.php\/author\/angelflores\/"},"rttpg_comment":0,"rttpg_category":"<a href=\"https:\/\/elfederalmendoza.com.ar\/index.php\/category\/arg\/\" rel=\"category tag\">Argentina<\/a>","rttpg_excerpt":"A 30 a\u00f1os de la eliminaci\u00f3n del\u00a0Servicio Militar Obligatorio (SMO),\u00a0el ministro de Defensa,\u00a0Luis Petri,\u00a0adelant\u00f3 la posici\u00f3n del Gobierno sobre la\u00a0posibilidad de reestablecerlo.\u00a0El funcionario de\u00a0Javier Milei\u00a0aclar\u00f3 cu\u00e1l es el plan de la cartera que conduce y qu\u00e9 podr\u00eda pasar con la instrucci\u00f3n forzada que se elimin\u00f3 en 1994 durante la administraci\u00f3n de\u00a0Carlos Menem, en el marco&hellip;","_links":{"self":[{"href":"https:\/\/elfederalmendoza.com.ar\/index.php\/wp-json\/wp\/v2\/posts\/32160","targetHints":{"allow":["GET"]}}],"collection":[{"href":"https:\/\/elfederalmendoza.com.ar\/index.php\/wp-json\/wp\/v2\/posts"}],"about":[{"href":"https:\/\/elfederalmendoza.com.ar\/index.php\/wp-json\/wp\/v2\/types\/post"}],"author":[{"embeddable":true,"href":"https:\/\/elfederalmendoza.com.ar\/index.php\/wp-json\/wp\/v2\/users\/2"}],"replies":[{"embeddable":true,"href":"https:\/\/elfederalmendoza.com.ar\/index.php\/wp-json\/wp\/v2\/comments?post=32160"}],"version-history":[{"count":1,"href":"https:\/\/elfederalmendoza.com.ar\/index.php\/wp-json\/wp\/v2\/posts\/32160\/revisions"}],"predecessor-version":[{"id":32164,"href":"https:\/\/elfederalmendoza.com.ar\/index.php\/wp-json\/wp\/v2\/posts\/32160\/revisions\/32164"}],"wp:featuredmedia":[{"embeddable":true,"href":"https:\/\/elfederalmendoza.com.ar\/index.php\/wp-json\/wp\/v2\/media\/32163"}],"wp:attachment":[{"href":"https:\/\/elfederalmendoza.com.ar\/index.php\/wp-json\/wp\/v2\/media?parent=32160"}],"wp:term":[{"taxonomy":"category","embeddable":true,"href":"https:\/\/elfederalmendoza.com.ar\/index.php\/wp-json\/wp\/v2\/categories?post=32160"},{"taxonomy":"post_tag","embeddable":true,"href":"https:\/\/elfederalmendoza.com.ar\/index.php\/wp-json\/wp\/v2\/tags?post=32160"}],"curies":[{"name":"wp","href":"https:\/\/api.w.org\/{rel}","templated":true}]}}