{"id":32186,"date":"2024-03-09T10:16:54","date_gmt":"2024-03-09T13:16:54","guid":{"rendered":"https:\/\/elfederalmendoza.com\/?p=32186"},"modified":"2024-03-09T10:16:56","modified_gmt":"2024-03-09T13:16:56","slug":"los-gobernadores-quedaron-satisfechos-con-la-apertura-de-la-casa-rosada-y-apuestan-a-construir-un-nuevo-vinculo","status":"publish","type":"post","link":"https:\/\/elfederalmendoza.com.ar\/index.php\/2024\/03\/09\/los-gobernadores-quedaron-satisfechos-con-la-apertura-de-la-casa-rosada-y-apuestan-a-construir-un-nuevo-vinculo\/","title":{"rendered":"Los gobernadores quedaron satisfechos con la apertura de la Casa Rosada y apuestan a construir un nuevo v\u00ednculo"},"content":{"rendered":"\n<p>El gesto de buena voluntad del Gobierno diluy\u00f3 el mal clima que hab\u00edan generado las acusaciones de Milei. Pidieron bajar el nivel de agresividad y aguardan por el borrador de la nueva Ley \u00d3mnibus.<\/p>\n\n\n\n<p>Hubo asistencia perfecta. En la extensa mesa del sal\u00f3n Eva Per\u00f3n estuvieron sentados los representantes de las<strong>\u00a023 provincias del pa\u00eds y la Ciudad de Buenos Aires<\/strong>. En la punta, el Jefe de Gabinete, Nicol\u00e1s Posse. A su derecha, el brazo pol\u00edtico del Gobierno, el ministro del Interior, Guillermo Francos. Fue\u00a0<strong>una imagen positiva para la Casa Rosada,<\/strong>\u00a0despu\u00e9s de un encadenamiento de acusaciones y agravios, y un fracaso legislativo estruendoso. Una<strong>\u00a0foto de paz y estabilidad.<\/strong><\/p>\n\n\n\n<p><strong>La reuni\u00f3n de casi cuatro horas<\/strong> fue un momento para barajar y dar de nuevo. As\u00ed lo sintieron la mayor\u00eda de los gobernadores. Los aliados y los negociadores pudieron reubicarse en esas posiciones, despu\u00e9s de la incomodidad de haber quedado atrapados por las amenazas y los insultos de Javier Milei a sus colegas. Los duros, seguir\u00e1n siendo duros y opositores.<\/p>\n\n\n\n<p>El equilibrio lo generan los gobernadores m\u00e1s pragm\u00e1ticos, la mayor\u00eda de ellos de partidos provinciales. El Gobierno entendi\u00f3 que debe generar una mayor\u00eda parlamentaria y que la mejor forma de hacerlo es construyendo puentes con los mandatarios. Pol\u00edtica tradicional en su m\u00e1xima expresi\u00f3n. Aunque el oficialismo la niegue y la descalifique.<\/p>\n\n\n\n<p>Los temas fueron los esperados. Impuesto a las Ganancias, restituci\u00f3n del Fondo Nacional de Incentivo Docente y del fondo compensador para el transporte, y la nueva Ley \u00d3mnibus. Cada una de las partes puso sobre la mesa sus intereses pero no hubo acuerdos, sino gestos de acercamiento y de buena predisposici\u00f3n para negociar. Desde la mirada de la mayor\u00eda de los gobernadores fue<strong>&nbsp;un avance importante.<\/strong>&nbsp;La guerra del Presidente contra ellos se puso en pausa. Nadie se anima a decir que se termin\u00f3.<\/p>\n\n\n\n<p><img loading=\"lazy\" decoding=\"async\" alt=\"Javier Milei no pas\u00f3 por la reuni\u00f3n y sigue sin tener di\u00e1logo directo con los gobernadores (EFE\/Juan Ignacio Roncoroni)\n\" height=\"1978\" width=\"2967\" src=\"https:\/\/www.infobae.com\/new-resizer\/rS7JYFe9Y2JTVKEYNFJTdqCENNo=\/420x280\/filters:format(webp):quality(85)\/cloudfront-us-east-1.images.arcpublishing.com\/infobae\/FGJKBAAX2VF7LMXXSZI5Z7YLE4.jpg%20420w\" srcset=\"https:\/\/www.infobae.com\/new-resizer\/rS7JYFe9Y2JTVKEYNFJTdqCENNo=\/420x280\/filters:format(webp):quality(85)\/cloudfront-us-east-1.images.arcpublishing.com\/infobae\/FGJKBAAX2VF7LMXXSZI5Z7YLE4.jpg 420w,https:\/\/www.infobae.com\/new-resizer\/JGkBOCBW1TUOorppfI-Kpvm34Mk=\/768x512\/filters:format(webp):quality(85)\/cloudfront-us-east-1.images.arcpublishing.com\/infobae\/FGJKBAAX2VF7LMXXSZI5Z7YLE4.jpg 768w,https:\/\/www.infobae.com\/new-resizer\/w7a90qdl41V58V9WieISAHiEt9Y=\/992x661\/filters:format(webp):quality(85)\/cloudfront-us-east-1.images.arcpublishing.com\/infobae\/FGJKBAAX2VF7LMXXSZI5Z7YLE4.jpg 992w,https:\/\/www.infobae.com\/new-resizer\/Q7ZGm5yM97-LbBev2t2yVDf8d6A=\/1200x800\/filters:format(webp):quality(85)\/cloudfront-us-east-1.images.arcpublishing.com\/infobae\/FGJKBAAX2VF7LMXXSZI5Z7YLE4.jpg 1200w,https:\/\/www.infobae.com\/new-resizer\/Ys_ddG_gNgre9UZvEBxWm2Pl46w=\/1440x960\/filters:format(webp):quality(85)\/cloudfront-us-east-1.images.arcpublishing.com\/infobae\/FGJKBAAX2VF7LMXXSZI5Z7YLE4.jpg 1440w\">Javier Milei no pas\u00f3 por la reuni\u00f3n y sigue sin tener di\u00e1logo directo con los gobernadores (EFE\/Juan Ignacio Roncoroni)<\/p>\n\n\n\n<p>\u201cHubo un \u00e1mbito de di\u00e1logo donde pudimos intercambiar opiniones.&nbsp;<strong>En la mayor\u00eda de los gobernadores hubo buena recepci\u00f3n de las propuestas del Gobierno.<\/strong>&nbsp;Pero todo se ver\u00e1 cuando tengamos la redacci\u00f3n m\u00e1s fina de la nueva Ley \u00d3mnibus\u201d, analiz\u00f3 uno de los gobernadores que estuvo presente en el encuentro y que ven\u00eda exigiendo mayor apertura por parte del oficialismo.<\/p>\n\n\n\n<p>Durante la reuni\u00f3n hubo un pedido un\u00e1nime para los dos ministros del Gabinete.<strong>&nbsp;Los mandatarios exigieron que Milei los deje de agredir a trav\u00e9s de las redes sociales.<\/strong>&nbsp;Le marcaron que para tener una buena convivencia es primordial que el Presidente revea sus formas. Francos y Posse solo atinaron a decir que le iban a hacer llegar el pedido. Formalidad pura. El malestar solo est\u00e1 tapado. Nadie se olvida.<\/p>\n\n\n\n<p><strong>El tema del restituci\u00f3n del Impuesto a las Ganancias divide a los gobernadores.<\/strong>&nbsp;Las provincias del sur y del centro no quieren que vuelva. En esa lista se anotan los gobernadores patag\u00f3nicos, Buenos Aires, La Pampa, Santa Fe y C\u00f3rdoba. El Gobierno insiste con el regreso del tributo mientras que los mandatarios piden que se utilice otro mecanismo de compensaci\u00f3n, como puede ser la coparticipaci\u00f3n del Impuesto Pa\u00eds o el Impuesto al Cheque.<\/p>\n\n\n\n<p><img loading=\"lazy\" decoding=\"async\" alt=\"El ministro del Interior, Guillermo Francos, una de las piezas claves para poder reconstruir la relaci\u00f3n de la Casa Rosada con los gobernadores \" height=\"2362\" width=\"3543\" src=\"https:\/\/www.infobae.com\/new-resizer\/VWMgzYxRwu5xesBgraV8Lo-iH5c=\/420x280\/filters:format(webp):quality(85)\/cloudfront-us-east-1.images.arcpublishing.com\/infobae\/ULOZKCQZS5DVXAPXV57CCO6GOU.jpg%20420w\" srcset=\"https:\/\/www.infobae.com\/new-resizer\/VWMgzYxRwu5xesBgraV8Lo-iH5c=\/420x280\/filters:format(webp):quality(85)\/cloudfront-us-east-1.images.arcpublishing.com\/infobae\/ULOZKCQZS5DVXAPXV57CCO6GOU.jpg 420w,https:\/\/www.infobae.com\/new-resizer\/Pf-7UIwFgaTzdQ4V062MOcJvw6k=\/768x512\/filters:format(webp):quality(85)\/cloudfront-us-east-1.images.arcpublishing.com\/infobae\/ULOZKCQZS5DVXAPXV57CCO6GOU.jpg 768w,https:\/\/www.infobae.com\/new-resizer\/9HRiHzYCwx5PhdnpBmBT-hECH84=\/992x661\/filters:format(webp):quality(85)\/cloudfront-us-east-1.images.arcpublishing.com\/infobae\/ULOZKCQZS5DVXAPXV57CCO6GOU.jpg 992w,https:\/\/www.infobae.com\/new-resizer\/28ZEaMg2TKD1ubtzw0J6AmfrMbc=\/1200x800\/filters:format(webp):quality(85)\/cloudfront-us-east-1.images.arcpublishing.com\/infobae\/ULOZKCQZS5DVXAPXV57CCO6GOU.jpg 1200w,https:\/\/www.infobae.com\/new-resizer\/iwLxTrxyXZwUJDq4vyjZY_0I8kE=\/1440x960\/filters:format(webp):quality(85)\/cloudfront-us-east-1.images.arcpublishing.com\/infobae\/ULOZKCQZS5DVXAPXV57CCO6GOU.jpg 1440w\">El ministro del Interior, Guillermo Francos, una de las piezas claves para poder reconstruir la relaci\u00f3n de la Casa Rosada con los gobernadores<\/p>\n\n\n\n<p>Durante la reuni\u00f3n el gobernador de C\u00f3rdoba,&nbsp;<strong>Mart\u00edn Llaryora<\/strong>, plante\u00f3 lo que ya hab\u00eda comentado en p\u00fablico. La posibilidad de instaurar un<strong>&nbsp;impuesto a los altos ingresos.<\/strong>&nbsp;Una postura similar tiene el santafesino&nbsp;<strong>Maximiliano Pullaro<\/strong>, que no asisti\u00f3 al encuentro debido a la cr\u00edtica situaci\u00f3n de inseguridad que est\u00e1 viviendo Rosario en los \u00faltimos d\u00edas. Son caminos alternativos que est\u00e1n en evaluaci\u00f3n.<\/p>\n\n\n\n<p>El Gobierno est\u00e1 dispuesto a trabajar en una postura que aglutine el mayor consenso de los mandatarios. Sabe con claridad que es un tema sensible que afecta, y mucho, las arcas provinciales, pero que sin acuerdo previo, cualquier proyecto de ley enviado desde el Poder Ejecutivo no podr\u00eda pasar el filtro de la C\u00e1mara de Diputados. Por eso Francos fue cuidadoso en sus declaraciones y advirti\u00f3 que buscar\u00e1n encontrar un punto de acuerdo.<\/p>\n\n\n\n<p><strong>El cambio en la gesti\u00f3n pol\u00edtica fue notorio<\/strong>. Los ministros se mostraron abiertos y predispuestos a poder construir posturas de consenso. Anticiparon las necesidades del Gobierno en t\u00e9rminos legislativos y abrieron un canal de di\u00e1logo nuevo a trav\u00e9s de la constituci\u00f3n de<strong>&nbsp;dos comisiones -una pol\u00edtica y otra econ\u00f3mica-&nbsp;<\/strong>para acelerar la b\u00fasqueda de acuerdos. Un lugar para canalizar reclamos pero, sobre todo, para que haya equipos t\u00e9cnicos trabajando a la par.<\/p>\n\n\n\n<p>La idea es que a trav\u00e9s de la comisi\u00f3n econ\u00f3mica, que formar\u00e1n los ministros de Econom\u00eda de todas las provincias, se puntee el boceto de la nueva Ley \u00d3mnibus, donde el Gobierno insistir\u00e1 con la delegaci\u00f3n de facultades al Poder Ejecutivo, la declaraci\u00f3n de m\u00faltiples emergencias y la privatizaci\u00f3n de empresas p\u00fablicas. La verdadera negociaci\u00f3n sobre el contenido de la ley a\u00fan no arranc\u00f3.<\/p>\n\n\n\n<p><img loading=\"lazy\" decoding=\"async\" alt=\"El gobernador de La Pampa, Sergio Ziliotto, es uno de los m\u00e1s duros y cr\u00edticos de la gesti\u00f3n del Gobierno \" height=\"1582\" width=\"2410\" src=\"https:\/\/www.infobae.com\/new-resizer\/-kQvfiWD31pCUEGAe6_5x9kVxYI=\/420x280\/filters:format(webp):quality(85)\/cloudfront-us-east-1.images.arcpublishing.com\/infobae\/RCB4RVW57VC2ZPYY5ABYVUYKJY.jpg%20420w\" srcset=\"https:\/\/www.infobae.com\/new-resizer\/-kQvfiWD31pCUEGAe6_5x9kVxYI=\/420x280\/filters:format(webp):quality(85)\/cloudfront-us-east-1.images.arcpublishing.com\/infobae\/RCB4RVW57VC2ZPYY5ABYVUYKJY.jpg 420w,https:\/\/www.infobae.com\/new-resizer\/Ifp0ILHlPL5GtgfJxWbZbugkv58=\/768x512\/filters:format(webp):quality(85)\/cloudfront-us-east-1.images.arcpublishing.com\/infobae\/RCB4RVW57VC2ZPYY5ABYVUYKJY.jpg 768w,https:\/\/www.infobae.com\/new-resizer\/9dnRSXOQVq7JBCugcf2MbO5RtNQ=\/992x661\/filters:format(webp):quality(85)\/cloudfront-us-east-1.images.arcpublishing.com\/infobae\/RCB4RVW57VC2ZPYY5ABYVUYKJY.jpg 992w,https:\/\/www.infobae.com\/new-resizer\/xWTFUfZ8tRKT82qayoXpFnvGrZQ=\/1200x800\/filters:format(webp):quality(85)\/cloudfront-us-east-1.images.arcpublishing.com\/infobae\/RCB4RVW57VC2ZPYY5ABYVUYKJY.jpg 1200w,https:\/\/www.infobae.com\/new-resizer\/SmiwpptOcd3KMGS6UO7GJhWmByY=\/1440x960\/filters:format(webp):quality(85)\/cloudfront-us-east-1.images.arcpublishing.com\/infobae\/RCB4RVW57VC2ZPYY5ABYVUYKJY.jpg 1440w\">El gobernador de La Pampa, Sergio Ziliotto, es uno de los m\u00e1s duros y cr\u00edticos de la gesti\u00f3n del Gobierno<\/p>\n\n\n\n<p><strong>\u201cLa ley est\u00e1 morigerada. Con algunos retoques, es votable\u201d<\/strong>, indicaron desde una de las provincias que rechaz\u00f3, a trav\u00e9s de sus diputados, el proyecto que lleg\u00f3 a tratarse en el recinto. El formato nuevo tiene&nbsp;<strong>190 art\u00edculos<\/strong>&nbsp;-muy distante de los m\u00e1s de 600 que tuvo el primer texto- pero los gobernadores a\u00fan no tienen la letra chica, clave para que levanten el pulgar. La intenci\u00f3n del Gobierno es&nbsp;<strong>que el proyecto llegue con acuerdo previo<\/strong>&nbsp;a la C\u00e1mara baja para que la negociaci\u00f3n no se empantane como sucedi\u00f3 un mes atr\u00e1s.<\/p>\n\n\n\n<p>La buena sinton\u00eda de la reuni\u00f3n es una parte de la historia. La otra empezar\u00e1 a construirse en el momento que haya m\u00e1s detalles del nuevo proyecto de ley y que el Gobierno vuelva a poner sobre la mesa una opci\u00f3n para ordenar la coparticipaci\u00f3n y restituir los fondos que las provincias perdieron por la eliminaci\u00f3n del impuesto a las ganancias. Es un punto de conflicto que, m\u00e1s temprano que tarde, deber\u00e1 resolver.<\/p>\n\n\n\n<p>Los gobernadores celebraron la apertura al di\u00e1logo a trav\u00e9s de sus redes sociales, lo que marca que el reclamo que ven\u00edan haciendo desde hace tiempo tuvo una devoluci\u00f3n.&nbsp;<strong>Tienen la voluntad pol\u00edtica de reconstruir el v\u00ednculo con la Casa Rosada a trav\u00e9s de Francos<\/strong>. Sin embargo, ponen un manto de duda sobre c\u00f3mo ser\u00e1 la relaci\u00f3n con Milei, al que consideran impredecible.<\/p>\n\n\n\n<p>Un gobernador dialoguista sintetiz\u00f3 la reuni\u00f3n en un pu\u00f1ado de palabras: \u201cEstamos a tiempo de que esto sea exitoso y que nosotros podamos contribuir para que el proyecto funcione. Depender\u00e1, en su gran mayor\u00eda, de lo que haga el Presidente\u201d.<\/p>\n","protected":false},"excerpt":{"rendered":"<p>El gesto de buena voluntad del Gobierno diluy\u00f3 el mal clima que hab\u00edan generado las acusaciones de Milei. Pidieron bajar el nivel de agresividad y aguardan por el borrador de la nueva Ley \u00d3mnibus. Hubo asistencia perfecta. En la extensa mesa del sal\u00f3n Eva Per\u00f3n estuvieron sentados los representantes de las\u00a023 provincias del pa\u00eds y<a class=\"read-more\" href=\"https:\/\/elfederalmendoza.com.ar\/index.php\/2024\/03\/09\/los-gobernadores-quedaron-satisfechos-con-la-apertura-de-la-casa-rosada-y-apuestan-a-construir-un-nuevo-vinculo\/\"> [&hellip;]<\/a><\/p>\n","protected":false},"author":2,"featured_media":32187,"comment_status":"open","ping_status":"open","sticky":false,"template":"","format":"standard","meta":{"footnotes":""},"categories":[5618],"tags":[],"class_list":["post-32186","post","type-post","status-publish","format-standard","has-post-thumbnail","hentry","category-arg"],"rttpg_featured_image_url":{"full":["https:\/\/elfederalmendoza.com.ar\/wp-content\/uploads\/2024\/03\/reunion-gobernadores.jpg",1492,769,false],"landscape":["https:\/\/elfederalmendoza.com.ar\/wp-content\/uploads\/2024\/03\/reunion-gobernadores.jpg",1492,769,false],"portraits":["https:\/\/elfederalmendoza.com.ar\/wp-content\/uploads\/2024\/03\/reunion-gobernadores.jpg",1492,769,false],"thumbnail":["https:\/\/elfederalmendoza.com.ar\/wp-content\/uploads\/2024\/03\/reunion-gobernadores-150x150.jpg",150,150,true],"medium":["https:\/\/elfederalmendoza.com.ar\/wp-content\/uploads\/2024\/03\/reunion-gobernadores-300x155.jpg",300,155,true],"large":["https:\/\/elfederalmendoza.com.ar\/wp-content\/uploads\/2024\/03\/reunion-gobernadores-1024x528.jpg",640,330,true],"1536x1536":["https:\/\/elfederalmendoza.com.ar\/wp-content\/uploads\/2024\/03\/reunion-gobernadores.jpg",1492,769,false],"2048x2048":["https:\/\/elfederalmendoza.com.ar\/wp-content\/uploads\/2024\/03\/reunion-gobernadores.jpg",1492,769,false],"ultp_layout_landscape_large":["https:\/\/elfederalmendoza.com.ar\/wp-content\/uploads\/2024\/03\/reunion-gobernadores-1200x769.jpg",1200,769,true],"ultp_layout_landscape":["https:\/\/elfederalmendoza.com.ar\/wp-content\/uploads\/2024\/03\/reunion-gobernadores-870x570.jpg",870,570,true],"ultp_layout_portrait":["https:\/\/elfederalmendoza.com.ar\/wp-content\/uploads\/2024\/03\/reunion-gobernadores-600x769.jpg",600,769,true],"ultp_layout_square":["https:\/\/elfederalmendoza.com.ar\/wp-content\/uploads\/2024\/03\/reunion-gobernadores-600x600.jpg",600,600,true],"rpwe-thumbnail":["https:\/\/elfederalmendoza.com.ar\/wp-content\/uploads\/2024\/03\/reunion-gobernadores-45x45.jpg",45,45,true],"advps-thumb-one":["https:\/\/elfederalmendoza.com.ar\/wp-content\/uploads\/2024\/03\/reunion-gobernadores-1200x420.jpg",1200,420,true]},"rttpg_author":{"display_name":"Redacci\u00f3n El Federal","author_link":"https:\/\/elfederalmendoza.com.ar\/index.php\/author\/angelflores\/"},"rttpg_comment":0,"rttpg_category":"<a href=\"https:\/\/elfederalmendoza.com.ar\/index.php\/category\/arg\/\" rel=\"category tag\">Argentina<\/a>","rttpg_excerpt":"El gesto de buena voluntad del Gobierno diluy\u00f3 el mal clima que hab\u00edan generado las acusaciones de Milei. Pidieron bajar el nivel de agresividad y aguardan por el borrador de la nueva Ley \u00d3mnibus. Hubo asistencia perfecta. En la extensa mesa del sal\u00f3n Eva Per\u00f3n estuvieron sentados los representantes de las\u00a023 provincias del pa\u00eds y&hellip;","_links":{"self":[{"href":"https:\/\/elfederalmendoza.com.ar\/index.php\/wp-json\/wp\/v2\/posts\/32186","targetHints":{"allow":["GET"]}}],"collection":[{"href":"https:\/\/elfederalmendoza.com.ar\/index.php\/wp-json\/wp\/v2\/posts"}],"about":[{"href":"https:\/\/elfederalmendoza.com.ar\/index.php\/wp-json\/wp\/v2\/types\/post"}],"author":[{"embeddable":true,"href":"https:\/\/elfederalmendoza.com.ar\/index.php\/wp-json\/wp\/v2\/users\/2"}],"replies":[{"embeddable":true,"href":"https:\/\/elfederalmendoza.com.ar\/index.php\/wp-json\/wp\/v2\/comments?post=32186"}],"version-history":[{"count":1,"href":"https:\/\/elfederalmendoza.com.ar\/index.php\/wp-json\/wp\/v2\/posts\/32186\/revisions"}],"predecessor-version":[{"id":32188,"href":"https:\/\/elfederalmendoza.com.ar\/index.php\/wp-json\/wp\/v2\/posts\/32186\/revisions\/32188"}],"wp:featuredmedia":[{"embeddable":true,"href":"https:\/\/elfederalmendoza.com.ar\/index.php\/wp-json\/wp\/v2\/media\/32187"}],"wp:attachment":[{"href":"https:\/\/elfederalmendoza.com.ar\/index.php\/wp-json\/wp\/v2\/media?parent=32186"}],"wp:term":[{"taxonomy":"category","embeddable":true,"href":"https:\/\/elfederalmendoza.com.ar\/index.php\/wp-json\/wp\/v2\/categories?post=32186"},{"taxonomy":"post_tag","embeddable":true,"href":"https:\/\/elfederalmendoza.com.ar\/index.php\/wp-json\/wp\/v2\/tags?post=32186"}],"curies":[{"name":"wp","href":"https:\/\/api.w.org\/{rel}","templated":true}]}}