{"id":32189,"date":"2024-03-09T10:55:03","date_gmt":"2024-03-09T13:55:03","guid":{"rendered":"https:\/\/elfederalmendoza.com\/?p=32189"},"modified":"2024-03-09T10:55:04","modified_gmt":"2024-03-09T13:55:04","slug":"romina-uhrig-ex-participante-de-gran-hermano-fue-imputada-por-lavado-de-dinero-junto-a-su-ex-marido","status":"publish","type":"post","link":"https:\/\/elfederalmendoza.com.ar\/index.php\/2024\/03\/09\/romina-uhrig-ex-participante-de-gran-hermano-fue-imputada-por-lavado-de-dinero-junto-a-su-ex-marido\/","title":{"rendered":"Romina Uhrig, ex participante de Gran Hermano, fue imputada por lavado de dinero junto a su ex marido"},"content":{"rendered":"\n<p><strong>Romina Uhrig y su exmarido, Walter Festa, fueron imputados por lavado de dinero.&nbsp;<\/strong>La causa est\u00e1 radicada en la Justicia Federal de Mor\u00f3n.<\/p>\n\n\n\n<p>Vale recordar que<strong>&nbsp;la finalista de Gran Hermano 2022 fue diputada de la Naci\u00f3n y su exesposo fue intendente de Moreno.<\/strong><\/p>\n\n\n\n<p>\u201cLa fiscal\u00eda est\u00e1 pidiendo una serie de medidas. Hay una causa que se estaba tramitando en la Justicia provincial donde se investigaba a Festa por enriquecimiento il\u00edcito como funcionario p\u00fablico. De esa causa se desprende ahora esto: la imputaci\u00f3n contra Romina Uhrig, finalista de Gran Hermano, y contra el exintendente de Moreno\u201d, detall\u00f3 el periodista Rodrigo Alegre en TN Central.<\/p>\n\n\n\n<p>En esa l\u00ednea, sigui\u00f3: \u201cHay una serie de propiedades en la costa, en un country que se llama Villa Robles, que est\u00e1 siendo investigado; una casa en un barrio privado en la zona de General Rodr\u00edguez;&nbsp;<strong>un predio comprado en la provincia de Salta en la localidad de Cafayate\u201d.<\/strong><\/p>\n\n\n\n<p>\u201cLa Justicia est\u00e1 pidiendo informaci\u00f3n a la AFIP y al mismo tiempo est\u00e1 pidiendo informaci\u00f3n al Registro de la Propiedad del inmueble, y al mismo tiempo, informaci\u00f3n a los registros de buques y yates. Hay una cuesti\u00f3n patrimonial de fondos que la Justicia entiende que hay indicios necesarios para iniciar una investigaci\u00f3n por lavado de dinero.&nbsp;<strong>Se habla del pago de una casa en 100 mil d\u00f3lares en efectivo\u201d,<\/strong>&nbsp;cerr\u00f3.<\/p>\n","protected":false},"excerpt":{"rendered":"<p>Romina Uhrig y su exmarido, Walter Festa, fueron imputados por lavado de dinero.&nbsp;La causa est\u00e1 radicada en la Justicia Federal de Mor\u00f3n. Vale recordar que&nbsp;la finalista de Gran Hermano 2022 fue diputada de la Naci\u00f3n y su exesposo fue intendente de Moreno. \u201cLa fiscal\u00eda est\u00e1 pidiendo una serie de medidas. Hay una causa que se<a class=\"read-more\" href=\"https:\/\/elfederalmendoza.com.ar\/index.php\/2024\/03\/09\/romina-uhrig-ex-participante-de-gran-hermano-fue-imputada-por-lavado-de-dinero-junto-a-su-ex-marido\/\"> [&hellip;]<\/a><\/p>\n","protected":false},"author":2,"featured_media":20261,"comment_status":"open","ping_status":"open","sticky":false,"template":"","format":"standard","meta":{"footnotes":""},"categories":[5618],"tags":[],"class_list":["post-32189","post","type-post","status-publish","format-standard","has-post-thumbnail","hentry","category-arg"],"rttpg_featured_image_url":{"full":["https:\/\/elfederalmendoza.com.ar\/wp-content\/uploads\/2023\/02\/romina-uhrig-20220818-1404058.jpg",1040,780,false],"landscape":["https:\/\/elfederalmendoza.com.ar\/wp-content\/uploads\/2023\/02\/romina-uhrig-20220818-1404058.jpg",1040,780,false],"portraits":["https:\/\/elfederalmendoza.com.ar\/wp-content\/uploads\/2023\/02\/romina-uhrig-20220818-1404058.jpg",1040,780,false],"thumbnail":["https:\/\/elfederalmendoza.com.ar\/wp-content\/uploads\/2023\/02\/romina-uhrig-20220818-1404058-150x150.jpg",150,150,true],"medium":["https:\/\/elfederalmendoza.com.ar\/wp-content\/uploads\/2023\/02\/romina-uhrig-20220818-1404058-300x225.jpg",300,225,true],"large":["https:\/\/elfederalmendoza.com.ar\/wp-content\/uploads\/2023\/02\/romina-uhrig-20220818-1404058-1024x768.jpg",640,480,true],"1536x1536":["https:\/\/elfederalmendoza.com.ar\/wp-content\/uploads\/2023\/02\/romina-uhrig-20220818-1404058.jpg",1040,780,false],"2048x2048":["https:\/\/elfederalmendoza.com.ar\/wp-content\/uploads\/2023\/02\/romina-uhrig-20220818-1404058.jpg",1040,780,false],"ultp_layout_landscape_large":["https:\/\/elfederalmendoza.com.ar\/wp-content\/uploads\/2023\/02\/romina-uhrig-20220818-1404058.jpg",1040,780,false],"ultp_layout_landscape":["https:\/\/elfederalmendoza.com.ar\/wp-content\/uploads\/2023\/02\/romina-uhrig-20220818-1404058-870x570.jpg",870,570,true],"ultp_layout_portrait":["https:\/\/elfederalmendoza.com.ar\/wp-content\/uploads\/2023\/02\/romina-uhrig-20220818-1404058-600x780.jpg",600,780,true],"ultp_layout_square":["https:\/\/elfederalmendoza.com.ar\/wp-content\/uploads\/2023\/02\/romina-uhrig-20220818-1404058-600x600.jpg",600,600,true],"rpwe-thumbnail":["https:\/\/elfederalmendoza.com.ar\/wp-content\/uploads\/2023\/02\/romina-uhrig-20220818-1404058-45x45.jpg",45,45,true],"advps-thumb-one":["https:\/\/elfederalmendoza.com.ar\/wp-content\/uploads\/2023\/02\/romina-uhrig-20220818-1404058-1040x420.jpg",1040,420,true]},"rttpg_author":{"display_name":"Redacci\u00f3n El Federal","author_link":"https:\/\/elfederalmendoza.com.ar\/index.php\/author\/angelflores\/"},"rttpg_comment":0,"rttpg_category":"<a href=\"https:\/\/elfederalmendoza.com.ar\/index.php\/category\/arg\/\" rel=\"category tag\">Argentina<\/a>","rttpg_excerpt":"Romina Uhrig y su exmarido, Walter Festa, fueron imputados por lavado de dinero.&nbsp;La causa est\u00e1 radicada en la Justicia Federal de Mor\u00f3n. Vale recordar que&nbsp;la finalista de Gran Hermano 2022 fue diputada de la Naci\u00f3n y su exesposo fue intendente de Moreno. \u201cLa fiscal\u00eda est\u00e1 pidiendo una serie de medidas. Hay una causa que se&hellip;","_links":{"self":[{"href":"https:\/\/elfederalmendoza.com.ar\/index.php\/wp-json\/wp\/v2\/posts\/32189","targetHints":{"allow":["GET"]}}],"collection":[{"href":"https:\/\/elfederalmendoza.com.ar\/index.php\/wp-json\/wp\/v2\/posts"}],"about":[{"href":"https:\/\/elfederalmendoza.com.ar\/index.php\/wp-json\/wp\/v2\/types\/post"}],"author":[{"embeddable":true,"href":"https:\/\/elfederalmendoza.com.ar\/index.php\/wp-json\/wp\/v2\/users\/2"}],"replies":[{"embeddable":true,"href":"https:\/\/elfederalmendoza.com.ar\/index.php\/wp-json\/wp\/v2\/comments?post=32189"}],"version-history":[{"count":1,"href":"https:\/\/elfederalmendoza.com.ar\/index.php\/wp-json\/wp\/v2\/posts\/32189\/revisions"}],"predecessor-version":[{"id":32194,"href":"https:\/\/elfederalmendoza.com.ar\/index.php\/wp-json\/wp\/v2\/posts\/32189\/revisions\/32194"}],"wp:featuredmedia":[{"embeddable":true,"href":"https:\/\/elfederalmendoza.com.ar\/index.php\/wp-json\/wp\/v2\/media\/20261"}],"wp:attachment":[{"href":"https:\/\/elfederalmendoza.com.ar\/index.php\/wp-json\/wp\/v2\/media?parent=32189"}],"wp:term":[{"taxonomy":"category","embeddable":true,"href":"https:\/\/elfederalmendoza.com.ar\/index.php\/wp-json\/wp\/v2\/categories?post=32189"},{"taxonomy":"post_tag","embeddable":true,"href":"https:\/\/elfederalmendoza.com.ar\/index.php\/wp-json\/wp\/v2\/tags?post=32189"}],"curies":[{"name":"wp","href":"https:\/\/api.w.org\/{rel}","templated":true}]}}