{"id":32190,"date":"2024-03-09T10:55:09","date_gmt":"2024-03-09T13:55:09","guid":{"rendered":"https:\/\/elfederalmendoza.com\/?p=32190"},"modified":"2024-03-09T10:55:10","modified_gmt":"2024-03-09T13:55:10","slug":"cristina-kirchner-perdio-el-control-del-consejo-de-la-magistratura","status":"publish","type":"post","link":"https:\/\/elfederalmendoza.com.ar\/index.php\/2024\/03\/09\/cristina-kirchner-perdio-el-control-del-consejo-de-la-magistratura\/","title":{"rendered":"Cristina Kirchner perdi\u00f3 el control del Consejo de la Magistratura"},"content":{"rendered":"\n<p><strong>Por primera vez en casi cuatro a\u00f1os El Consejo de la Magistratura, el organismo que propone, sanciona y destituye jueces, qued\u00f3 completo luego de una serie de maniobras de Cristina Kirchner para no perder su control<\/strong>. Sucede que el presidente de la Corte Suprema de Justicia de la Naci\u00f3n y del Consejo de la Magistratura de la Naci\u00f3n, Horacio Rosatti, tom\u00f3 juramento este viernes, en los t\u00e9rminos establecidos en la Acordada N\u00b0 5\/24, al nuevo integrante del Consejo de la Magistratura de la Naci\u00f3n.<\/p>\n\n\n\n<p>Se trata del viceministro de Justicia,&nbsp;<strong>Sebasti\u00e1n Amerio<\/strong>, quien integrar\u00e1 el Consejo en representaci\u00f3n del Poder Ejecutivo Nacional. Amerio es un&nbsp;<strong>hombre de confianza del ministro de Justicia, Mariano C\u00faneo Libarona.<br><\/strong><\/p>\n\n\n\n<p>La semana pasada, Rosatti le hab\u00eda tomado juramento al senador del PRO Luis Juez, quien\u00a0<strong>sufri\u00f3 durante dos a\u00f1os un bloque de la ex vicepresidenta<\/strong>\u00a0para ocupar ese cargo.<\/p>\n\n\n\n<p>Cristina empez\u00f3 una serie de maniobras cuando en el 2021, la Corte declar\u00f3 inconstitucional la ley que hizo sancionar, como senadora,&nbsp;<strong>para reducir su n\u00famero de miembros a 13 y as\u00ed tener mayor\u00eda.<\/strong>&nbsp;Pudo nombrar, junto con su esposa, m\u00e1s de 500 jueces.<br>El fallo de la Corte volvi\u00f3 a la Magistratura de 20 miembros y a un equilibrio entre los representantes de la pol\u00edtica, la academia, los jueces y los abogados, tal como es el esp\u00edritu de la reforma de la Constituci\u00f3n de 1994.<br><strong><\/strong><\/p>\n\n\n\n<p><strong>As\u00ed por primera vez desde el 2006, el Consejo de la Magistratura no tiene una mayor\u00eda pol\u00edtica y la ex presidenta perdi\u00f3 su control.<\/strong>Del acto de juramento de Amerio, celebrado en el Sal\u00f3n Bermejo del Palacio de Tribunales, participaron el vicepresidente de la Corte, Carlos Rosenkrantz, el ministro decano Juan Carlos Maqueda y el ministro Ricardo Lorenzetti.<\/p>\n\n\n\n<p>Asimismo, estuvieron presentes los\/as consejeros\/as Diego Barroetave\u00f1a, Agustina D\u00edaz Cordero, Hugo Galderisi, Miguel Piedecasas, Mar\u00eda Alejandra Prov\u00edtola, Roxana Reyes y Mar\u00eda Fernanda V\u00e1zquez.<\/p>\n\n\n\n<p>Tambi\u00e9n estuvieron el subsecretario de Asuntos Registrales del Ministerio de Justicia, Carlos Medina; el secretario judicial a cargo de la Secretar\u00eda de Administraci\u00f3n de la Corte, Dami\u00e1n Font; el secretario judicial a cargo de la Secretar\u00eda Jur\u00eddica General de la Corte, Sebasti\u00e1n Cl\u00e9rici; el director del Centro de Asistencia Judicial Federal, Pablo Lamounan; el administrador General del Poder Judicial, Alexis Varady; el secretario letrado de la Presidencia del Consejo de la Magistratura, Mat\u00edas Posdeley, funcionarios de la Corte y del Consejo.&nbsp;<\/p>\n","protected":false},"excerpt":{"rendered":"<p>Por primera vez en casi cuatro a\u00f1os El Consejo de la Magistratura, el organismo que propone, sanciona y destituye jueces, qued\u00f3 completo luego de una serie de maniobras de Cristina Kirchner para no perder su control. Sucede que el presidente de la Corte Suprema de Justicia de la Naci\u00f3n y del Consejo de la Magistratura<a class=\"read-more\" href=\"https:\/\/elfederalmendoza.com.ar\/index.php\/2024\/03\/09\/cristina-kirchner-perdio-el-control-del-consejo-de-la-magistratura\/\"> [&hellip;]<\/a><\/p>\n","protected":false},"author":2,"featured_media":19330,"comment_status":"open","ping_status":"open","sticky":false,"template":"","format":"standard","meta":{"footnotes":""},"categories":[5618],"tags":[],"class_list":["post-32190","post","type-post","status-publish","format-standard","has-post-thumbnail","hentry","category-arg"],"rttpg_featured_image_url":{"full":["https:\/\/elfederalmendoza.com.ar\/wp-content\/uploads\/2022\/12\/cristina-enojada.jpg",1200,799,false],"landscape":["https:\/\/elfederalmendoza.com.ar\/wp-content\/uploads\/2022\/12\/cristina-enojada.jpg",1200,799,false],"portraits":["https:\/\/elfederalmendoza.com.ar\/wp-content\/uploads\/2022\/12\/cristina-enojada.jpg",1200,799,false],"thumbnail":["https:\/\/elfederalmendoza.com.ar\/wp-content\/uploads\/2022\/12\/cristina-enojada-150x150.jpg",150,150,true],"medium":["https:\/\/elfederalmendoza.com.ar\/wp-content\/uploads\/2022\/12\/cristina-enojada-300x200.jpg",300,200,true],"large":["https:\/\/elfederalmendoza.com.ar\/wp-content\/uploads\/2022\/12\/cristina-enojada-1024x682.jpg",640,426,true],"1536x1536":["https:\/\/elfederalmendoza.com.ar\/wp-content\/uploads\/2022\/12\/cristina-enojada.jpg",1200,799,false],"2048x2048":["https:\/\/elfederalmendoza.com.ar\/wp-content\/uploads\/2022\/12\/cristina-enojada.jpg",1200,799,false],"ultp_layout_landscape_large":["https:\/\/elfederalmendoza.com.ar\/wp-content\/uploads\/2022\/12\/cristina-enojada.jpg",1200,799,false],"ultp_layout_landscape":["https:\/\/elfederalmendoza.com.ar\/wp-content\/uploads\/2022\/12\/cristina-enojada-870x570.jpg",870,570,true],"ultp_layout_portrait":["https:\/\/elfederalmendoza.com.ar\/wp-content\/uploads\/2022\/12\/cristina-enojada-600x799.jpg",600,799,true],"ultp_layout_square":["https:\/\/elfederalmendoza.com.ar\/wp-content\/uploads\/2022\/12\/cristina-enojada-600x600.jpg",600,600,true],"rpwe-thumbnail":["https:\/\/elfederalmendoza.com.ar\/wp-content\/uploads\/2022\/12\/cristina-enojada-45x45.jpg",45,45,true],"advps-thumb-one":["https:\/\/elfederalmendoza.com.ar\/wp-content\/uploads\/2022\/12\/cristina-enojada-1200x420.jpg",1200,420,true]},"rttpg_author":{"display_name":"Redacci\u00f3n El Federal","author_link":"https:\/\/elfederalmendoza.com.ar\/index.php\/author\/angelflores\/"},"rttpg_comment":0,"rttpg_category":"<a href=\"https:\/\/elfederalmendoza.com.ar\/index.php\/category\/arg\/\" rel=\"category tag\">Argentina<\/a>","rttpg_excerpt":"Por primera vez en casi cuatro a\u00f1os El Consejo de la Magistratura, el organismo que propone, sanciona y destituye jueces, qued\u00f3 completo luego de una serie de maniobras de Cristina Kirchner para no perder su control. Sucede que el presidente de la Corte Suprema de Justicia de la Naci\u00f3n y del Consejo de la Magistratura&hellip;","_links":{"self":[{"href":"https:\/\/elfederalmendoza.com.ar\/index.php\/wp-json\/wp\/v2\/posts\/32190","targetHints":{"allow":["GET"]}}],"collection":[{"href":"https:\/\/elfederalmendoza.com.ar\/index.php\/wp-json\/wp\/v2\/posts"}],"about":[{"href":"https:\/\/elfederalmendoza.com.ar\/index.php\/wp-json\/wp\/v2\/types\/post"}],"author":[{"embeddable":true,"href":"https:\/\/elfederalmendoza.com.ar\/index.php\/wp-json\/wp\/v2\/users\/2"}],"replies":[{"embeddable":true,"href":"https:\/\/elfederalmendoza.com.ar\/index.php\/wp-json\/wp\/v2\/comments?post=32190"}],"version-history":[{"count":1,"href":"https:\/\/elfederalmendoza.com.ar\/index.php\/wp-json\/wp\/v2\/posts\/32190\/revisions"}],"predecessor-version":[{"id":32195,"href":"https:\/\/elfederalmendoza.com.ar\/index.php\/wp-json\/wp\/v2\/posts\/32190\/revisions\/32195"}],"wp:featuredmedia":[{"embeddable":true,"href":"https:\/\/elfederalmendoza.com.ar\/index.php\/wp-json\/wp\/v2\/media\/19330"}],"wp:attachment":[{"href":"https:\/\/elfederalmendoza.com.ar\/index.php\/wp-json\/wp\/v2\/media?parent=32190"}],"wp:term":[{"taxonomy":"category","embeddable":true,"href":"https:\/\/elfederalmendoza.com.ar\/index.php\/wp-json\/wp\/v2\/categories?post=32190"},{"taxonomy":"post_tag","embeddable":true,"href":"https:\/\/elfederalmendoza.com.ar\/index.php\/wp-json\/wp\/v2\/tags?post=32190"}],"curies":[{"name":"wp","href":"https:\/\/api.w.org\/{rel}","templated":true}]}}