{"id":32408,"date":"2024-03-23T11:41:09","date_gmt":"2024-03-23T14:41:09","guid":{"rendered":"https:\/\/elfederalmendoza.com\/?p=32408"},"modified":"2024-03-23T11:41:10","modified_gmt":"2024-03-23T14:41:10","slug":"el-senado-echo-a-un-empleado-que-no-iba-a-trabajar-tenia-una-condena-por-amenazas-y-usaba-tobillera-electronica","status":"publish","type":"post","link":"https:\/\/elfederalmendoza.com.ar\/index.php\/2024\/03\/23\/el-senado-echo-a-un-empleado-que-no-iba-a-trabajar-tenia-una-condena-por-amenazas-y-usaba-tobillera-electronica\/","title":{"rendered":"El Senado ech\u00f3 a un empleado que no iba a trabajar: ten\u00eda una condena por amenazas y usaba tobillera electr\u00f3nica"},"content":{"rendered":"\n<p>La ins\u00f3lita situaci\u00f3n fue corroborada por Infobae, tras semanas de investigaci\u00f3n. El ex agente fue planta temporaria desde 2014. Victoria Villarruel lo desvincul\u00f3 el 1 de febrero.<\/p>\n\n\n\n<p>Los desaguisados con los que se encuentran las flamantes gestiones que ingresan al Congreso -muchos siguen en pie, a pesar de los a\u00f1os- volvieron a regalar una situaci\u00f3n ins\u00f3lita, esta vez, en el Senado:<strong>\u00a0un empleado que no iba a trabajar fue desvinculado el 1 de febrero pasado.<\/strong>\u00a0Tras semanas de investigaci\u00f3n<strong>, Infobae\u00a0<\/strong>corrobor\u00f3 que el ahora ex trabajador acept\u00f3 en R\u00edo Negro<strong>\u00a0la culpabilidad por da\u00f1os y amenazas en un juicio abreviado, en agosto de 2021, y us\u00f3 durante meses una tobillera electr\u00f3nica<\/strong>\u00a0que no le impidi\u00f3 continuar con su relaci\u00f3n con la C\u00e1mara alta.<a href=\"https:\/\/www.infobae.com\/politica\/2024\/03\/23\/el-peronismo-no-tiene-los-votos-para-rechazar-el-dnu-y-aguarda-por-la-negociacion-del-gobierno-con-las-provincias\/\" target=\"_blank\" rel=\"noreferrer noopener\"><\/a><\/p>\n\n\n\n<p>El febrero pasado, en una resoluci\u00f3n firmada por la secretaria administrativa del Senado,&nbsp;<strong>Mar\u00eda Laura Izzo<\/strong>&nbsp;-mano derecha de&nbsp;<strong>Victoria Villarruel<\/strong>-, se inform\u00f3 que el prosecretario de Coordinaci\u00f3n Operativa de la C\u00e1mara alta,&nbsp;<strong>Manuel Chavarr\u00eda<\/strong>, solicit\u00f3 la baja de unos agentes a partir del 1 de dicho mes. Seg\u00fan los argumentos de la resoluci\u00f3n, la ley que regula al personal del Congreso -24.600- \u201cestablece que el personal de la Planta Temporaria, por razones de servicio excepcionales, podr\u00e1n ejercer transitoriamente funciones t\u00e9cnicas, administrativas, de maestranza y de servicio\u201d.<\/p>\n\n\n\n<p>Ante las reiteradas ausencias sin ning\u00fan tipo de justificaci\u00f3n en la mencionada prosecretar\u00eda y, con el uso de las facultades que le permite la normativa vigente, Izzo dio anul\u00f3 el estatus de los tres empleados. No obstante, uno de ellos,\u00a0<strong>J.B<\/strong>., que ingres\u00f3 en 2014 a la C\u00e1mara alta por pedido de la ex senadora rionegrina y actual legisladora provincial,\u00a0<strong>Magdalena Odarda<\/strong>, aval\u00f3 en agosto de 2021 la pena \u201cde un a\u00f1o y medio de prisi\u00f3n en suspenso\u201d por diversos delitos de amenazas y da\u00f1os.\u00a0<strong>Hubo tres v\u00edctimas involucradas en el expediente judicial<\/strong>.<a href=\"https:\/\/www.infobae.com\/politica\/2024\/03\/23\/el-gobierno-busca-retomar-el-manejo-de-la-agenda-politica-abre-nuevos-frentes-y-expone-tensiones-propias\/\" target=\"_blank\" rel=\"noreferrer noopener\"><\/a><\/p>\n\n\n\n<p>El fallo agreg\u00f3&nbsp;<strong>dos a\u00f1os de pautas de conducta como \u201cfijar domicilio del que no podr\u00e1 ausentarse ni mudarse sin dar aviso de ello\u201d<\/strong>; \u201ciniciar un tratamiento psicol\u00f3gico grupal e individual\u201d tendientes \u201ca abordar el consumo problem\u00e1tico de alcohol y drogas, su impulsividad y sus reacciones violentas\u201d; \u201csometerse a una prohibici\u00f3n de acercamiento y contacto en un radio de 300 metros\u201d respecto de las tres v\u00edctimas, como as\u00ed tambi\u00e9n \u201crespecto de sus domicilios personales y laborales\u201d; y&nbsp;<strong>un monitoreo \u201cdurante seis meses, del siguiente modo: los cuatro meses iniciales con un dispositivo dual de seguimiento, para continuar luego de evaluar las circunstancias con una tobillera\u201d<\/strong>.<\/p>\n\n\n\n<p><img loading=\"lazy\" decoding=\"async\" alt=\"La ex senadora y actual legisladora provincial Magdalena Odarda\" height=\"1080\" width=\"1920\" class=\"\" src=\"https:\/\/www.infobae.com\/new-resizer\/wQvvps33vF8s1R3yenmlKebNV_Y=\/420x236\/filters:format(webp):quality(85)\/cloudfront-us-east-1.images.arcpublishing.com\/infobae\/LQPZMO2XDVCALPFKTA26KE2MIY.jpg%20420w\" srcset=\"https:\/\/www.infobae.com\/new-resizer\/wQvvps33vF8s1R3yenmlKebNV_Y=\/420x236\/filters:format(webp):quality(85)\/cloudfront-us-east-1.images.arcpublishing.com\/infobae\/LQPZMO2XDVCALPFKTA26KE2MIY.jpg 420w,https:\/\/www.infobae.com\/new-resizer\/QC-oHp2_6ZO9dlqssu1efhXii6E=\/768x432\/filters:format(webp):quality(85)\/cloudfront-us-east-1.images.arcpublishing.com\/infobae\/LQPZMO2XDVCALPFKTA26KE2MIY.jpg 768w,https:\/\/www.infobae.com\/new-resizer\/ac_j42xXi1rCSMbVBESlAeOVcMw=\/992x558\/filters:format(webp):quality(85)\/cloudfront-us-east-1.images.arcpublishing.com\/infobae\/LQPZMO2XDVCALPFKTA26KE2MIY.jpg 992w,https:\/\/www.infobae.com\/new-resizer\/oK5ABtQhucykD4cUkGiCN0mgdfk=\/1200x675\/filters:format(webp):quality(85)\/cloudfront-us-east-1.images.arcpublishing.com\/infobae\/LQPZMO2XDVCALPFKTA26KE2MIY.jpg 1200w,https:\/\/www.infobae.com\/new-resizer\/s-tmwACMJQ0A8zAIh10yudyJHC4=\/1440x810\/filters:format(webp):quality(85)\/cloudfront-us-east-1.images.arcpublishing.com\/infobae\/LQPZMO2XDVCALPFKTA26KE2MIY.jpg 1440w\">La ex senadora y actual legisladora provincial Magdalena Odarda<\/p>\n\n\n\n<p><strong>\u201cTe voy a levantar del cogote, mirame a los ojos\u201d; \u201cahora s\u00ed te asusto\u201d; \u201cdame el nene sino te voy a desmayar de una pi\u00f1a\u201d; \u201ctu madre es una hija de puta, la voy a matar, voy a matar a todos los est\u00e9n con tu madre\u201d; \u201cseguro el viejo de ac\u00e1 al lado llam\u00f3 a la polic\u00eda, lo voy a matar\u201d; y \u201cte voy a matar, para qu\u00e9 le contaste, voy a venir todos los d\u00edas hasta que te encuentre\u201d<\/strong>, son algunas frases sobre sucesos que este medio corrobor\u00f3 en el fallo definitivo de la justicia rionegrina. A pesar de todo esto, autoridades de la entonces gesti\u00f3n de Cristina Kirchner obviaron este tema y el involucrado sigui\u00f3 conectado de manera laboral al Senado. El 1 de febrero pasado fue eyectado.<a href=\"https:\/\/www.infobae.com\/politica\/2024\/03\/23\/en-la-previa-de-otro-24-de-marzo-patricia-bullrich-dijo-que-hay-muchos-militares-detenidos-sin-causas-y-hablo-de-venganza\/\" target=\"_blank\" rel=\"noreferrer noopener\"><\/a><\/p>\n\n\n\n<h2 class=\"wp-block-heading\">Otras medidas<\/h2>\n\n\n\n<p>Desde el 10 de diciembre pasado,&nbsp;<strong>Infobae<\/strong>&nbsp;public\u00f3 varias decisiones adoptadas por Villarruel e Izzo. Por caso, se desalojaron 12 oficinas de legisladores con mandato cumplido; se rechazaron compensaciones a agentes que ped\u00edan extras por estudios realizados -incluso, uno no contaba con el secundario finalizado-; y se echaron a varios empleados por ausentarse sin justificaci\u00f3n.<\/p>\n\n\n\n<p>En otra resoluci\u00f3n de Villarruel se detalla el sendero de un trabajador que revistaba la planta permanente de la Defensor\u00eda del P\u00fablico de Servicios de Comunicaci\u00f3n Audiovisual y que pidi\u00f3 licencia all\u00ed, durante el gobierno de&nbsp;<strong>Alberto Fern\u00e1ndez<\/strong>, para tener un cargo como personal pol\u00edtico -transitorio- de&nbsp;<strong>Cristina Kirchner<\/strong>&nbsp;en el Senado. La ex secretaria administrativa y actual diputada provincial de La C\u00e1mpora,&nbsp;<strong>Mar\u00eda Luz Alonso<\/strong>&nbsp;(La Pampa), permiti\u00f3 que el trabajador se convirtiera en planta permanente de la C\u00e1mara alta. La Vicepresidenta lo desactiv\u00f3 semanas atr\u00e1s.<\/p>\n\n\n\n<p><img loading=\"lazy\" decoding=\"async\" alt=\"La ex secretaria administrativa del Senado y actual diputada provincial de La C\u00e1mpora en La Pampa, Mar\u00eda Luz Alonso\" height=\"1080\" width=\"1920\" class=\"\" src=\"https:\/\/www.infobae.com\/new-resizer\/4sw0iPgcecrx94X_KSkJA1xdZ5E=\/420x236\/filters:format(webp):quality(85)\/cloudfront-us-east-1.images.arcpublishing.com\/infobae\/6IMGTK4WVVFILASG4OQGDPWDHM.jpg%20420w\" srcset=\"https:\/\/www.infobae.com\/new-resizer\/4sw0iPgcecrx94X_KSkJA1xdZ5E=\/420x236\/filters:format(webp):quality(85)\/cloudfront-us-east-1.images.arcpublishing.com\/infobae\/6IMGTK4WVVFILASG4OQGDPWDHM.jpg 420w,https:\/\/www.infobae.com\/new-resizer\/hIkDBzbeeSaUCk7LycL41BWxkqs=\/768x432\/filters:format(webp):quality(85)\/cloudfront-us-east-1.images.arcpublishing.com\/infobae\/6IMGTK4WVVFILASG4OQGDPWDHM.jpg 768w,https:\/\/www.infobae.com\/new-resizer\/xGD8q-hQdYveQhi_CdTJf1wCees=\/992x558\/filters:format(webp):quality(85)\/cloudfront-us-east-1.images.arcpublishing.com\/infobae\/6IMGTK4WVVFILASG4OQGDPWDHM.jpg 992w,https:\/\/www.infobae.com\/new-resizer\/zjTiTsMEybeULzSkIM8Gvn-wcyI=\/1200x675\/filters:format(webp):quality(85)\/cloudfront-us-east-1.images.arcpublishing.com\/infobae\/6IMGTK4WVVFILASG4OQGDPWDHM.jpg 1200w,https:\/\/www.infobae.com\/new-resizer\/5TKP7hEoHrlX1SAokwQaoEhJtjs=\/1440x810\/filters:format(webp):quality(85)\/cloudfront-us-east-1.images.arcpublishing.com\/infobae\/6IMGTK4WVVFILASG4OQGDPWDHM.jpg 1440w\">La ex secretaria administrativa del Senado y actual diputada provincial de La C\u00e1mpora en La Pampa, Mar\u00eda Luz Alonso<\/p>\n\n\n\n<p>Otra resoluci\u00f3n de Izzo, la 112\/24, se refiere a los agentes transitorios que se van del Senado cuando finaliza el mandato del correspondiente legislador. Sin embargo, una persona que trabaj\u00f3 con el hasta el 10 de diciembre legislador y otrora gobernador de Misiones,&nbsp;<strong>Maurice Closs<\/strong>, obtuvo la planta permanente el 25 de octubre pasado, a tres d\u00edas de las elecciones generales. Por no cumplir con la ley 24.600 -personal legislativo-, qued\u00f3 afuera de la \u201ccasa\u201d.<\/p>\n\n\n\n<p>Izzo fue votada como secretaria administrativa del Senado el 13 de diciembre pasado, cuando un conglomerado del oficialismo y la oposici\u00f3n no kirchnerista juntaron 39 votos para designar autoridades y repartirse la integraci\u00f3n de las comisiones. All\u00ed tambi\u00e9n recibi\u00f3 luz verde el secretario parlamentario de la C\u00e1mara alta,&nbsp;<strong>Agust\u00edn Giustinian<\/strong>, quien lleva al detalle el d\u00eda a d\u00eda de la labor legislativa.<\/p>\n\n\n\n<p>Ambos funcionarios fueron ratificados por unanimidad el viernes 23 de febrero pasado, cuando se realiz\u00f3 -como plantea el reglamento- la sesi\u00f3n preparatoria. All\u00ed, el kirchnerismo cambi\u00f3 su postura -se abstuvo en diciembre \u00faltimo- y vot\u00f3 en conjunto con La Libertad Avanza y el resto de la oposici\u00f3n.<\/p>\n\n\n\n<h2 class=\"wp-block-heading\">Lupa a la obra social<\/h2>\n\n\n\n<p>El mi\u00e9rcoles de la corriente semana, Izzo fue designada por Villarruel en la \u201cpresidencia de la comisi\u00f3n administradora de la Direcci\u00f3n de Ayuda Social para el Personal del Congreso\u201d. Es una de las \u00e1reas m\u00e1s sensibles por la inevitable conexi\u00f3n con el sindicalismo. Fue reclamada con ansiedad y sin \u00e9xito no s\u00f3lo por el titular de Diputados,&nbsp;<strong>Mart\u00edn Menem<\/strong>, sino tambi\u00e9n por su entorno.<\/p>\n","protected":false},"excerpt":{"rendered":"<p>La ins\u00f3lita situaci\u00f3n fue corroborada por Infobae, tras semanas de investigaci\u00f3n. El ex agente fue planta temporaria desde 2014. Victoria Villarruel lo desvincul\u00f3 el 1 de febrero. Los desaguisados con los que se encuentran las flamantes gestiones que ingresan al Congreso -muchos siguen en pie, a pesar de los a\u00f1os- volvieron a regalar una situaci\u00f3n<a class=\"read-more\" href=\"https:\/\/elfederalmendoza.com.ar\/index.php\/2024\/03\/23\/el-senado-echo-a-un-empleado-que-no-iba-a-trabajar-tenia-una-condena-por-amenazas-y-usaba-tobillera-electronica\/\"> [&hellip;]<\/a><\/p>\n","protected":false},"author":2,"featured_media":32409,"comment_status":"open","ping_status":"open","sticky":false,"template":"","format":"standard","meta":{"footnotes":""},"categories":[5618],"tags":[],"class_list":["post-32408","post","type-post","status-publish","format-standard","has-post-thumbnail","hentry","category-arg"],"rttpg_featured_image_url":{"full":["https:\/\/elfederalmendoza.com.ar\/wp-content\/uploads\/2024\/03\/victoria.jpg",1476,831,false],"landscape":["https:\/\/elfederalmendoza.com.ar\/wp-content\/uploads\/2024\/03\/victoria.jpg",1476,831,false],"portraits":["https:\/\/elfederalmendoza.com.ar\/wp-content\/uploads\/2024\/03\/victoria.jpg",1476,831,false],"thumbnail":["https:\/\/elfederalmendoza.com.ar\/wp-content\/uploads\/2024\/03\/victoria-150x150.jpg",150,150,true],"medium":["https:\/\/elfederalmendoza.com.ar\/wp-content\/uploads\/2024\/03\/victoria-300x169.jpg",300,169,true],"large":["https:\/\/elfederalmendoza.com.ar\/wp-content\/uploads\/2024\/03\/victoria-1024x577.jpg",640,361,true],"1536x1536":["https:\/\/elfederalmendoza.com.ar\/wp-content\/uploads\/2024\/03\/victoria.jpg",1476,831,false],"2048x2048":["https:\/\/elfederalmendoza.com.ar\/wp-content\/uploads\/2024\/03\/victoria.jpg",1476,831,false],"ultp_layout_landscape_large":["https:\/\/elfederalmendoza.com.ar\/wp-content\/uploads\/2024\/03\/victoria-1200x800.jpg",1200,800,true],"ultp_layout_landscape":["https:\/\/elfederalmendoza.com.ar\/wp-content\/uploads\/2024\/03\/victoria-870x570.jpg",870,570,true],"ultp_layout_portrait":["https:\/\/elfederalmendoza.com.ar\/wp-content\/uploads\/2024\/03\/victoria-600x831.jpg",600,831,true],"ultp_layout_square":["https:\/\/elfederalmendoza.com.ar\/wp-content\/uploads\/2024\/03\/victoria-600x600.jpg",600,600,true],"rpwe-thumbnail":["https:\/\/elfederalmendoza.com.ar\/wp-content\/uploads\/2024\/03\/victoria-45x45.jpg",45,45,true],"advps-thumb-one":["https:\/\/elfederalmendoza.com.ar\/wp-content\/uploads\/2024\/03\/victoria-1200x420.jpg",1200,420,true]},"rttpg_author":{"display_name":"Redacci\u00f3n El Federal","author_link":"https:\/\/elfederalmendoza.com.ar\/index.php\/author\/angelflores\/"},"rttpg_comment":0,"rttpg_category":"<a href=\"https:\/\/elfederalmendoza.com.ar\/index.php\/category\/arg\/\" rel=\"category tag\">Argentina<\/a>","rttpg_excerpt":"La ins\u00f3lita situaci\u00f3n fue corroborada por Infobae, tras semanas de investigaci\u00f3n. El ex agente fue planta temporaria desde 2014. Victoria Villarruel lo desvincul\u00f3 el 1 de febrero. Los desaguisados con los que se encuentran las flamantes gestiones que ingresan al Congreso -muchos siguen en pie, a pesar de los a\u00f1os- volvieron a regalar una situaci\u00f3n&hellip;","_links":{"self":[{"href":"https:\/\/elfederalmendoza.com.ar\/index.php\/wp-json\/wp\/v2\/posts\/32408","targetHints":{"allow":["GET"]}}],"collection":[{"href":"https:\/\/elfederalmendoza.com.ar\/index.php\/wp-json\/wp\/v2\/posts"}],"about":[{"href":"https:\/\/elfederalmendoza.com.ar\/index.php\/wp-json\/wp\/v2\/types\/post"}],"author":[{"embeddable":true,"href":"https:\/\/elfederalmendoza.com.ar\/index.php\/wp-json\/wp\/v2\/users\/2"}],"replies":[{"embeddable":true,"href":"https:\/\/elfederalmendoza.com.ar\/index.php\/wp-json\/wp\/v2\/comments?post=32408"}],"version-history":[{"count":1,"href":"https:\/\/elfederalmendoza.com.ar\/index.php\/wp-json\/wp\/v2\/posts\/32408\/revisions"}],"predecessor-version":[{"id":32410,"href":"https:\/\/elfederalmendoza.com.ar\/index.php\/wp-json\/wp\/v2\/posts\/32408\/revisions\/32410"}],"wp:featuredmedia":[{"embeddable":true,"href":"https:\/\/elfederalmendoza.com.ar\/index.php\/wp-json\/wp\/v2\/media\/32409"}],"wp:attachment":[{"href":"https:\/\/elfederalmendoza.com.ar\/index.php\/wp-json\/wp\/v2\/media?parent=32408"}],"wp:term":[{"taxonomy":"category","embeddable":true,"href":"https:\/\/elfederalmendoza.com.ar\/index.php\/wp-json\/wp\/v2\/categories?post=32408"},{"taxonomy":"post_tag","embeddable":true,"href":"https:\/\/elfederalmendoza.com.ar\/index.php\/wp-json\/wp\/v2\/tags?post=32408"}],"curies":[{"name":"wp","href":"https:\/\/api.w.org\/{rel}","templated":true}]}}