{"id":32457,"date":"2024-03-29T11:02:35","date_gmt":"2024-03-29T14:02:35","guid":{"rendered":"https:\/\/elfederalmendoza.com\/?p=32457"},"modified":"2024-03-29T11:02:36","modified_gmt":"2024-03-29T14:02:36","slug":"detuvieron-al-presunto-asesino-del-playero-en-rosario-tiene-15-anos","status":"publish","type":"post","link":"https:\/\/elfederalmendoza.com.ar\/index.php\/2024\/03\/29\/detuvieron-al-presunto-asesino-del-playero-en-rosario-tiene-15-anos\/","title":{"rendered":"Detuvieron al presunto asesino del playero en Rosario: tiene 15 a\u00f1os"},"content":{"rendered":"\n<p>El sospechoso de matar a Bruno Bussanich fue entregado por la recompensa de 10 millones de pesos que el Gobierno de Santa Fe ofreci\u00f3 por datos para encontrarlo. Los allanamientos fueron ordenados por los fiscales Adri\u00e1n Spelta y Patricio Saldutti.<\/p>\n\n\n\n<p>En medio de la escalada de\u00a0<strong>violencia narco\u00a0<\/strong>en\u00a0<strong>Rosario<\/strong>, ayer jueves por la noche, la Polic\u00eda de Investigaciones de Santa Fe detuvo al presunto\u00a0<strong>asesino del playero\u00a0de estaci\u00f3n de servicio Bruno Bussanich<\/strong>, muerto el 10 de marzo en un brutal ataque en su lugar de trabajo.<\/p>\n\n\n\n<p>El presunto sicario es menor de edad: tiene 15 a\u00f1os. As\u00ed, se vuelve inimputable dado el C\u00f3digo Penal vigente. Tras su captura, el joven qued\u00f3 a disposici\u00f3n de la\u00a0<strong>Justicia de menores<\/strong>.<\/p>\n\n\n\n<p>Seg\u00fan pudo saber\u00a0<strong>Infobae<\/strong>\u00a0de fuentes del caso, las autoridades dieron con \u00e9l en medio de un allanamiento realizado en el barrio Zona Cero. Al ser arrestado, confes\u00f3 todo. Los procedimientos fueron ordenados por los fiscales\u00a0<strong>Adri\u00e1n Spelta\u00a0<\/strong>y<strong>\u00a0Patricio Saldutti<\/strong>, de la\u00a0<strong>Unidad de Homicidios de Rosario<\/strong>.<a href=\"https:\/\/www.infobae.com\/sociedad\/policiales\/2024\/03\/29\/liberaron-al-chofer-que-fue-demorado-con-los-sospechosos-por-la-amenaza-a-la-familia-de-di-maria\/\" target=\"_blank\" rel=\"noreferrer noopener\"><\/a><\/p>\n\n\n\n<p>La clave para llegar a \u00e9l, confirmaron fuentes del caso, fue<strong>&nbsp;la recompensa de $10 millones que el Gobierno provincial de Maximiliano Pullaro&nbsp;<\/strong>para quien aporte datos que puedan llevar a su captura. Tambi\u00e9n, aseguran fuentes judiciales, existi\u00f3 un trabajo de inteligencia. Al detenerlo, se descubri\u00f3 que se hab\u00eda te\u00f1ido el pelo para evadir a la Justicia, ya que su rostro qued\u00f3 registrado en las c\u00e1maras de seguridad de la&nbsp;<strong>estaci\u00f3n de servicio Puma<\/strong>, ubicada en las calles Mendoza y Rojas, al momento del ataque.<\/p>\n\n\n\n<p>El 10 de marzo por la madrugada, el adolescente descendi\u00f3 de un veh\u00edculo\u00a0<strong>Fiat Duna<\/strong>\u00a0y sin mediar palabra abri\u00f3 fuego contra\u00a0<strong>Bussanich<\/strong>, de 25 a\u00f1os. El joven asesinado -en pareja con una mujer madre de un hijo- estaba de turno ese s\u00e1bado en los surtidores de la estaci\u00f3n. Pese a que contaba con empleo, seg\u00fan su usuario de LinkedIn, estaba en b\u00fasqueda de un trabajo m\u00e1s acorde a sus expectativas: como\u00a0<strong>t\u00e9cnico de mantenimiento, t\u00e9cnico electromec\u00e1nico, oficial t\u00e9cnico o analista de calidad.<\/strong>\u00a0Era hincha de Rosario Central.<a href=\"https:\/\/www.infobae.com\/sociedad\/policiales\/2024\/03\/29\/carlos-carrascosa-despues-de-la-condena-a-pachelo-busca-la-destitucion-de-molina-pico-y-quiere-hacerle-juicio-al-estado\/\" target=\"_blank\" rel=\"noreferrer noopener\"><\/a><\/p>\n\n\n\n<p><img loading=\"lazy\" decoding=\"async\" alt=\"Bruno Bussanich junto a su pareja \" height=\"1080\" width=\"1920\" class=\"\" src=\"https:\/\/www.infobae.com\/new-resizer\/0Cy4nwk1TeBSO386Lu9XrTZEhsI=\/420x236\/filters:format(webp):quality(85)\/cloudfront-us-east-1.images.arcpublishing.com\/infobae\/Y2DG3743DFDZFKP7ZPFATRE6BM.jpg%20420w\" srcset=\"https:\/\/www.infobae.com\/new-resizer\/0Cy4nwk1TeBSO386Lu9XrTZEhsI=\/420x236\/filters:format(webp):quality(85)\/cloudfront-us-east-1.images.arcpublishing.com\/infobae\/Y2DG3743DFDZFKP7ZPFATRE6BM.jpg 420w,https:\/\/www.infobae.com\/new-resizer\/iG5scRkwa3bmhzMxs9Li7FkLaAQ=\/768x432\/filters:format(webp):quality(85)\/cloudfront-us-east-1.images.arcpublishing.com\/infobae\/Y2DG3743DFDZFKP7ZPFATRE6BM.jpg 768w,https:\/\/www.infobae.com\/new-resizer\/QENxumysGP6g5mMx0xQfzYShb2E=\/992x558\/filters:format(webp):quality(85)\/cloudfront-us-east-1.images.arcpublishing.com\/infobae\/Y2DG3743DFDZFKP7ZPFATRE6BM.jpg 992w,https:\/\/www.infobae.com\/new-resizer\/4tg4E8ruhPGEO7YWYZ-iI2Eqi80=\/1200x675\/filters:format(webp):quality(85)\/cloudfront-us-east-1.images.arcpublishing.com\/infobae\/Y2DG3743DFDZFKP7ZPFATRE6BM.jpg 1200w,https:\/\/www.infobae.com\/new-resizer\/JTkRCNLVwle-O04SjApkddx5RfU=\/1440x810\/filters:format(webp):quality(85)\/cloudfront-us-east-1.images.arcpublishing.com\/infobae\/Y2DG3743DFDZFKP7ZPFATRE6BM.jpg 1440w\">Bruno Bussanich junto a su pareja<\/p>\n\n\n\n<p>En el lugar del hecho, se encontr\u00f3 una nota con amenazas al gobernador de Santa Fe,&nbsp;<strong>Maximiliano Pullaro<\/strong>, y su ministro de Seguridad, Pablo Cococcioni.&nbsp;<strong>\u201cEsta guerra no es por el territorio, es contra Pullaro y Cococcioni\u201d,<\/strong>&nbsp;comienza diciendo el mensaje del crimen organizado y contin\u00faa: \u201cAs\u00ed como nosotros llegamos a 300 muertos, estando unidos vamos a matar a m\u00e1s inocentes por a\u00f1o\u201d.<\/p>\n\n\n\n<p>El homicidio no fue el \u00fanico que se registr\u00f3 esa semana. Los primeros d\u00edas de marzo fueron los m\u00e1s sangrientos en Rosario en lo que va del a\u00f1o, con&nbsp;<strong>los homicidios de dos colectiveros y un taxista<\/strong>, en un cuadro de tensi\u00f3n extrema motivado por<strong>&nbsp;los estrictos controles del gobierno de Pullaro a las segundas y terceras l\u00edneas<\/strong>&nbsp;de las grandes bandas de Rosario, con hampones presos en penales provinciales.<\/p>\n\n\n\n<p>El crimen de Bussanich, en cierta forma, fue un punto de quiebre para la pol\u00edtica En este contexto, el Gobierno nacional dispuso el despliegue de las fuerzas federales de seguridad y militares en el distrito santafesino para poder combatir al crimen organizado. Las\u00a0<strong>Fuerzas Armadas<\/strong>\u00a0solo colaborar\u00e1n en cuestiones log\u00edsticas. De igual forma, el Ejecutivo impuls\u00f3 un proyecto de ley para que los militares tengan m\u00e1s posibilidad de acci\u00f3n en cuestiones de seguridad interior. Todo, en un cuadro general contradictorio: seg\u00fan datos del Ministerio P\u00fablico de la Acusaci\u00f3n,\u00a0<strong>los homicidios en Rosario bajaron un 60 por ciento en el primer trimestre de 2024<\/strong>\u00a0con respecto al a\u00f1o anterior.<\/p>\n\n\n\n<p>Esta semana,&nbsp;<strong>la tensi\u00f3n recrudeci\u00f3 con la amenaza a \u00c1ngel Di Mar\u00eda y su familia, hallada en la entrada del country Miraflores<\/strong>, en la zona de Funes. Hay dos detenidos por el hecho.<\/p>\n\n\n\n<p><img loading=\"lazy\" decoding=\"async\" alt=\"As\u00ed esperaba el sicario que mat\u00f3 al playero\" height=\"1080\" width=\"1920\" class=\"\" src=\"https:\/\/www.infobae.com\/new-resizer\/hpMPC3pgcoZYagdwP4ihHo8MfYY=\/420x236\/filters:format(webp):quality(85)\/cloudfront-us-east-1.images.arcpublishing.com\/infobae\/RHXHWWVXT5FPFPFGUCVEW6TKRI.jpg%20420w\" srcset=\"https:\/\/www.infobae.com\/new-resizer\/hpMPC3pgcoZYagdwP4ihHo8MfYY=\/420x236\/filters:format(webp):quality(85)\/cloudfront-us-east-1.images.arcpublishing.com\/infobae\/RHXHWWVXT5FPFPFGUCVEW6TKRI.jpg 420w,https:\/\/www.infobae.com\/new-resizer\/WF6X0cZZ-qt6nzTmHGXG9xRMxCs=\/768x432\/filters:format(webp):quality(85)\/cloudfront-us-east-1.images.arcpublishing.com\/infobae\/RHXHWWVXT5FPFPFGUCVEW6TKRI.jpg 768w,https:\/\/www.infobae.com\/new-resizer\/HqPgwQieCi9uUn7tL2l3lt16Zgk=\/992x558\/filters:format(webp):quality(85)\/cloudfront-us-east-1.images.arcpublishing.com\/infobae\/RHXHWWVXT5FPFPFGUCVEW6TKRI.jpg 992w,https:\/\/www.infobae.com\/new-resizer\/wL_nvERDocbPtFuCmHDXOX22Dms=\/1200x675\/filters:format(webp):quality(85)\/cloudfront-us-east-1.images.arcpublishing.com\/infobae\/RHXHWWVXT5FPFPFGUCVEW6TKRI.jpg 1200w,https:\/\/www.infobae.com\/new-resizer\/Onm-pJ6Ri5B4jOoKFsIiJ_IAzBo=\/1440x810\/filters:format(webp):quality(85)\/cloudfront-us-east-1.images.arcpublishing.com\/infobae\/RHXHWWVXT5FPFPFGUCVEW6TKRI.jpg 1440w\">As\u00ed esperaba el sicario que mat\u00f3 al playero<\/p>\n\n\n\n<p>Por el homicidio de Bussanich, la Justicia&nbsp;<strong>ya hab\u00eda detenido a otros dos j\u00f3venes en el barrio 7 de Septiembre<\/strong>. Ambos son mayores de edad. Las Tropas de Operaciones Especiales (TOE) detuvieron a<strong>&nbsp;Tiago Andr\u00e9s P.&nbsp;<\/strong>de 19 a\u00f1os, a quien le secuestraron celulares y prendas de vestir con aparentes manchas de sangre.<\/p>\n\n\n\n<p>El segundo en ser arrestado fue&nbsp;<strong>Tiziano Uriel C. de 19 a\u00f1os.&nbsp;<\/strong>En el lugar, incautaron dos tel\u00e9fonos celulares, efectivo y otros dispositivos electr\u00f3nicos.<\/p>\n\n\n\n<p>Seg\u00fan confirmaron fuentes del caso a este medio,&nbsp;<strong>se cree que uno de ellos ser\u00eda el chofer del adolescente de 15 a\u00f1os<\/strong>, sindicado como el autor material del hecho. Ambos detenidos integrar\u00edan un grupo delictivo conocido como<strong>&nbsp;\u201cla banda de los menores\u201d<\/strong>&nbsp;del barrio 7 de Septiembre, no muy lejano a la estaci\u00f3n de servicio donde fue asesinado el playero de 25 a\u00f1os.<\/p>\n\n\n\n<p>El ide\u00f3logo del ataque, tal como en el caso del atentado a Di Mar\u00eda,<strong>&nbsp;todav\u00eda se desconoce.<\/strong><\/p>\n","protected":false},"excerpt":{"rendered":"<p>El sospechoso de matar a Bruno Bussanich fue entregado por la recompensa de 10 millones de pesos que el Gobierno de Santa Fe ofreci\u00f3 por datos para encontrarlo. Los allanamientos fueron ordenados por los fiscales Adri\u00e1n Spelta y Patricio Saldutti. En medio de la escalada de\u00a0violencia narco\u00a0en\u00a0Rosario, ayer jueves por la noche, la Polic\u00eda de<a class=\"read-more\" href=\"https:\/\/elfederalmendoza.com.ar\/index.php\/2024\/03\/29\/detuvieron-al-presunto-asesino-del-playero-en-rosario-tiene-15-anos\/\"> [&hellip;]<\/a><\/p>\n","protected":false},"author":2,"featured_media":32459,"comment_status":"open","ping_status":"open","sticky":false,"template":"","format":"standard","meta":{"footnotes":""},"categories":[5618],"tags":[],"class_list":["post-32457","post","type-post","status-publish","format-standard","has-post-thumbnail","hentry","category-arg"],"rttpg_featured_image_url":{"full":["https:\/\/elfederalmendoza.com.ar\/wp-content\/uploads\/2024\/03\/PLAYERO1.jpg",1265,842,false],"landscape":["https:\/\/elfederalmendoza.com.ar\/wp-content\/uploads\/2024\/03\/PLAYERO1.jpg",1265,842,false],"portraits":["https:\/\/elfederalmendoza.com.ar\/wp-content\/uploads\/2024\/03\/PLAYERO1.jpg",1265,842,false],"thumbnail":["https:\/\/elfederalmendoza.com.ar\/wp-content\/uploads\/2024\/03\/PLAYERO1-150x150.jpg",150,150,true],"medium":["https:\/\/elfederalmendoza.com.ar\/wp-content\/uploads\/2024\/03\/PLAYERO1-300x200.jpg",300,200,true],"large":["https:\/\/elfederalmendoza.com.ar\/wp-content\/uploads\/2024\/03\/PLAYERO1-1024x682.jpg",640,426,true],"1536x1536":["https:\/\/elfederalmendoza.com.ar\/wp-content\/uploads\/2024\/03\/PLAYERO1.jpg",1265,842,false],"2048x2048":["https:\/\/elfederalmendoza.com.ar\/wp-content\/uploads\/2024\/03\/PLAYERO1.jpg",1265,842,false],"ultp_layout_landscape_large":["https:\/\/elfederalmendoza.com.ar\/wp-content\/uploads\/2024\/03\/PLAYERO1-1200x800.jpg",1200,800,true],"ultp_layout_landscape":["https:\/\/elfederalmendoza.com.ar\/wp-content\/uploads\/2024\/03\/PLAYERO1-870x570.jpg",870,570,true],"ultp_layout_portrait":["https:\/\/elfederalmendoza.com.ar\/wp-content\/uploads\/2024\/03\/PLAYERO1-600x842.jpg",600,842,true],"ultp_layout_square":["https:\/\/elfederalmendoza.com.ar\/wp-content\/uploads\/2024\/03\/PLAYERO1-600x600.jpg",600,600,true],"rpwe-thumbnail":["https:\/\/elfederalmendoza.com.ar\/wp-content\/uploads\/2024\/03\/PLAYERO1-45x45.jpg",45,45,true],"advps-thumb-one":["https:\/\/elfederalmendoza.com.ar\/wp-content\/uploads\/2024\/03\/PLAYERO1-1200x420.jpg",1200,420,true]},"rttpg_author":{"display_name":"Redacci\u00f3n El Federal","author_link":"https:\/\/elfederalmendoza.com.ar\/index.php\/author\/angelflores\/"},"rttpg_comment":0,"rttpg_category":"<a href=\"https:\/\/elfederalmendoza.com.ar\/index.php\/category\/arg\/\" rel=\"category tag\">Argentina<\/a>","rttpg_excerpt":"El sospechoso de matar a Bruno Bussanich fue entregado por la recompensa de 10 millones de pesos que el Gobierno de Santa Fe ofreci\u00f3 por datos para encontrarlo. Los allanamientos fueron ordenados por los fiscales Adri\u00e1n Spelta y Patricio Saldutti. En medio de la escalada de\u00a0violencia narco\u00a0en\u00a0Rosario, ayer jueves por la noche, la Polic\u00eda de&hellip;","_links":{"self":[{"href":"https:\/\/elfederalmendoza.com.ar\/index.php\/wp-json\/wp\/v2\/posts\/32457","targetHints":{"allow":["GET"]}}],"collection":[{"href":"https:\/\/elfederalmendoza.com.ar\/index.php\/wp-json\/wp\/v2\/posts"}],"about":[{"href":"https:\/\/elfederalmendoza.com.ar\/index.php\/wp-json\/wp\/v2\/types\/post"}],"author":[{"embeddable":true,"href":"https:\/\/elfederalmendoza.com.ar\/index.php\/wp-json\/wp\/v2\/users\/2"}],"replies":[{"embeddable":true,"href":"https:\/\/elfederalmendoza.com.ar\/index.php\/wp-json\/wp\/v2\/comments?post=32457"}],"version-history":[{"count":1,"href":"https:\/\/elfederalmendoza.com.ar\/index.php\/wp-json\/wp\/v2\/posts\/32457\/revisions"}],"predecessor-version":[{"id":32460,"href":"https:\/\/elfederalmendoza.com.ar\/index.php\/wp-json\/wp\/v2\/posts\/32457\/revisions\/32460"}],"wp:featuredmedia":[{"embeddable":true,"href":"https:\/\/elfederalmendoza.com.ar\/index.php\/wp-json\/wp\/v2\/media\/32459"}],"wp:attachment":[{"href":"https:\/\/elfederalmendoza.com.ar\/index.php\/wp-json\/wp\/v2\/media?parent=32457"}],"wp:term":[{"taxonomy":"category","embeddable":true,"href":"https:\/\/elfederalmendoza.com.ar\/index.php\/wp-json\/wp\/v2\/categories?post=32457"},{"taxonomy":"post_tag","embeddable":true,"href":"https:\/\/elfederalmendoza.com.ar\/index.php\/wp-json\/wp\/v2\/tags?post=32457"}],"curies":[{"name":"wp","href":"https:\/\/api.w.org\/{rel}","templated":true}]}}