{"id":32472,"date":"2024-04-02T08:49:39","date_gmt":"2024-04-02T11:49:39","guid":{"rendered":"https:\/\/elfederalmendoza.com\/?p=32472"},"modified":"2024-04-02T08:49:40","modified_gmt":"2024-04-02T11:49:40","slug":"imponen-multas-millonarias-a-los-funcionarios-por-irregularidades-en-el-control-del-uso-de-combustible-de-san-rafael","status":"publish","type":"post","link":"https:\/\/elfederalmendoza.com.ar\/index.php\/2024\/04\/02\/imponen-multas-millonarias-a-los-funcionarios-por-irregularidades-en-el-control-del-uso-de-combustible-de-san-rafael\/","title":{"rendered":"Imponen multas millonarias a los funcionarios por irregularidades en el control del uso de combustible de San Rafael"},"content":{"rendered":"\n<p>Luego de una exhaustiva revisi\u00f3n, el\u00a0<strong>Tribunal de Cuentas de Mendoza<\/strong>\u00a0dio por confirmadas las irregularidades que existieron en el sistema de control del uso de combustible en la Municipalidad de\u00a0<strong>San Rafael\u00a0<\/strong>y le impuso multas millonarias a los funcionarios responsables. Entre ellos, aparece el actual diputado del Partido Justicialista,\u00a0<strong>Gustavo Perret<\/strong>, que deber\u00e1 pagar una multa de casi 1.5 millones de pesos. Seg\u00fan el \u00f3rgano de control, bajo su gesti\u00f3n existi\u00f3 una \u00abfalta de control obscena\u00bb que llev\u00f3 a que, en el a\u00f1o 2021 el municipio acumule gastos injustificados en combustible por alrededor de 4 millones de pesos.<\/p>\n\n\n\n<p>En concreto, se detectaron\u00a0deficiencias en la documentaci\u00f3n de respaldo de la rendici\u00f3n del gasto y consumo de combustible. Entre ellas, vales expedidos con dominios de veh\u00edculos no existentes en el parque automotor municipal, vales vac\u00edos o incompletos y hasta vales a un mismo veh\u00edculo con cargas de nafta y gasoil. El a\u00f1o pasado el\u00a0<strong>Tribunal de Cuentas<\/strong>\u00a0observ\u00f3 estas inconsistencias y abri\u00f3 una pieza separada para darle la oportunidad a los funcionarios de justificar las erogaciones.\u00a0En ese entonces, en plena campa\u00f1a electoral, candidatos de Cambia Mendoza denunciaron p\u00fablicamente las irregularidades.\u00a0<\/p>\n\n\n\n<p>El fallo 18015 determina que los funcionarios&nbsp;<strong>Gustavo Perret&nbsp;<\/strong>(actualmente diputado) Luis Juan Sierra y Mar\u00eda de los \u00c1ngeles Vila \u00abemiten un relato pormenorizado del procedimiento de contrataci\u00f3n y compra de combustible, el cual no fue objeto de la observaci\u00f3n, sino que la misma se fundament\u00f3 en las deficiencias detectadas en la documentaci\u00f3n que respalda la rendici\u00f3n del gasto en consumo de combustible, determinando que la misma no resulta ser elemento suficiente ni contiene la legitimidad necesaria como respaldo del gasto\u201d.<\/p>\n\n\n\n<p>\u00abEl reparo formulado se concret\u00f3 en las deficiencias detectadas en la documentaci\u00f3n que respalda la rendici\u00f3n del gasto en consumo de combustible, y esa rendici\u00f3n debe ser presentada de manera clara, precisa y detallada, con documentos mercantiles v\u00e1lidos, legibles y en original\u00bb, adhiere desde la auditor\u00eda.<\/p>\n\n\n\n<p>\u00ab\u00c9sta situaci\u00f3n impide corroborar que el gasto de la partida presupuestaria combustible, haya sido utilizado para la finalidad p\u00fablica, control este que s\u00ed pertenece al \u00e1mbito de actuaci\u00f3n propio de este Tribunal (&#8230;) A\u00a0los fines de demostrar la correcta inversi\u00f3n de los fondos p\u00fablicos se debi\u00f3 acreditar la correspondencia entre la orden de pedido, la factura y los remitos (vales) de consumo. El Pliego de Condiciones Generales as\u00ed lo exige, pues en su art. 33 obliga a consignar en la factura el N\u00b0 y fecha de la orden de compra y N\u00b0 y fecha del remito respaldatorio de la entrega del bien\u00bb, remarca de forma categ\u00f3rica el fallo del\u00a0<strong>Tribunal de Cuentas<\/strong>.<\/p>\n\n\n\n<p><em>Fuente: MDZ<\/em><\/p>\n","protected":false},"excerpt":{"rendered":"<p>Luego de una exhaustiva revisi\u00f3n, el\u00a0Tribunal de Cuentas de Mendoza\u00a0dio por confirmadas las irregularidades que existieron en el sistema de control del uso de combustible en la Municipalidad de\u00a0San Rafael\u00a0y le impuso multas millonarias a los funcionarios responsables. Entre ellos, aparece el actual diputado del Partido Justicialista,\u00a0Gustavo Perret, que deber\u00e1 pagar una multa de casi<a class=\"read-more\" href=\"https:\/\/elfederalmendoza.com.ar\/index.php\/2024\/04\/02\/imponen-multas-millonarias-a-los-funcionarios-por-irregularidades-en-el-control-del-uso-de-combustible-de-san-rafael\/\"> [&hellip;]<\/a><\/p>\n","protected":false},"author":2,"featured_media":32475,"comment_status":"open","ping_status":"open","sticky":false,"template":"","format":"standard","meta":{"footnotes":""},"categories":[1],"tags":[],"class_list":["post-32472","post","type-post","status-publish","format-standard","has-post-thumbnail","hentry","category-mza"],"rttpg_featured_image_url":{"full":["https:\/\/elfederalmendoza.com.ar\/wp-content\/uploads\/2024\/04\/f848x477-1573878_1631681_5050.webp",848,477,false],"landscape":["https:\/\/elfederalmendoza.com.ar\/wp-content\/uploads\/2024\/04\/f848x477-1573878_1631681_5050.webp",848,477,false],"portraits":["https:\/\/elfederalmendoza.com.ar\/wp-content\/uploads\/2024\/04\/f848x477-1573878_1631681_5050.webp",848,477,false],"thumbnail":["https:\/\/elfederalmendoza.com.ar\/wp-content\/uploads\/2024\/04\/f848x477-1573878_1631681_5050-150x150.webp",150,150,true],"medium":["https:\/\/elfederalmendoza.com.ar\/wp-content\/uploads\/2024\/04\/f848x477-1573878_1631681_5050-300x169.webp",300,169,true],"large":["https:\/\/elfederalmendoza.com.ar\/wp-content\/uploads\/2024\/04\/f848x477-1573878_1631681_5050.webp",640,360,false],"1536x1536":["https:\/\/elfederalmendoza.com.ar\/wp-content\/uploads\/2024\/04\/f848x477-1573878_1631681_5050.webp",848,477,false],"2048x2048":["https:\/\/elfederalmendoza.com.ar\/wp-content\/uploads\/2024\/04\/f848x477-1573878_1631681_5050.webp",848,477,false],"ultp_layout_landscape_large":["https:\/\/elfederalmendoza.com.ar\/wp-content\/uploads\/2024\/04\/f848x477-1573878_1631681_5050.webp",848,477,false],"ultp_layout_landscape":["https:\/\/elfederalmendoza.com.ar\/wp-content\/uploads\/2024\/04\/f848x477-1573878_1631681_5050.webp",848,477,false],"ultp_layout_portrait":["https:\/\/elfederalmendoza.com.ar\/wp-content\/uploads\/2024\/04\/f848x477-1573878_1631681_5050-600x477.webp",600,477,true],"ultp_layout_square":["https:\/\/elfederalmendoza.com.ar\/wp-content\/uploads\/2024\/04\/f848x477-1573878_1631681_5050-600x477.webp",600,477,true],"rpwe-thumbnail":["https:\/\/elfederalmendoza.com.ar\/wp-content\/uploads\/2024\/04\/f848x477-1573878_1631681_5050-45x45.webp",45,45,true],"advps-thumb-one":["https:\/\/elfederalmendoza.com.ar\/wp-content\/uploads\/2024\/04\/f848x477-1573878_1631681_5050-848x420.webp",848,420,true]},"rttpg_author":{"display_name":"Redacci\u00f3n El Federal","author_link":"https:\/\/elfederalmendoza.com.ar\/index.php\/author\/angelflores\/"},"rttpg_comment":0,"rttpg_category":"<a href=\"https:\/\/elfederalmendoza.com.ar\/index.php\/category\/mza\/\" rel=\"category tag\">Mendoza<\/a>","rttpg_excerpt":"Luego de una exhaustiva revisi\u00f3n, el\u00a0Tribunal de Cuentas de Mendoza\u00a0dio por confirmadas las irregularidades que existieron en el sistema de control del uso de combustible en la Municipalidad de\u00a0San Rafael\u00a0y le impuso multas millonarias a los funcionarios responsables. Entre ellos, aparece el actual diputado del Partido Justicialista,\u00a0Gustavo Perret, que deber\u00e1 pagar una multa de casi&hellip;","_links":{"self":[{"href":"https:\/\/elfederalmendoza.com.ar\/index.php\/wp-json\/wp\/v2\/posts\/32472","targetHints":{"allow":["GET"]}}],"collection":[{"href":"https:\/\/elfederalmendoza.com.ar\/index.php\/wp-json\/wp\/v2\/posts"}],"about":[{"href":"https:\/\/elfederalmendoza.com.ar\/index.php\/wp-json\/wp\/v2\/types\/post"}],"author":[{"embeddable":true,"href":"https:\/\/elfederalmendoza.com.ar\/index.php\/wp-json\/wp\/v2\/users\/2"}],"replies":[{"embeddable":true,"href":"https:\/\/elfederalmendoza.com.ar\/index.php\/wp-json\/wp\/v2\/comments?post=32472"}],"version-history":[{"count":1,"href":"https:\/\/elfederalmendoza.com.ar\/index.php\/wp-json\/wp\/v2\/posts\/32472\/revisions"}],"predecessor-version":[{"id":32480,"href":"https:\/\/elfederalmendoza.com.ar\/index.php\/wp-json\/wp\/v2\/posts\/32472\/revisions\/32480"}],"wp:featuredmedia":[{"embeddable":true,"href":"https:\/\/elfederalmendoza.com.ar\/index.php\/wp-json\/wp\/v2\/media\/32475"}],"wp:attachment":[{"href":"https:\/\/elfederalmendoza.com.ar\/index.php\/wp-json\/wp\/v2\/media?parent=32472"}],"wp:term":[{"taxonomy":"category","embeddable":true,"href":"https:\/\/elfederalmendoza.com.ar\/index.php\/wp-json\/wp\/v2\/categories?post=32472"},{"taxonomy":"post_tag","embeddable":true,"href":"https:\/\/elfederalmendoza.com.ar\/index.php\/wp-json\/wp\/v2\/tags?post=32472"}],"curies":[{"name":"wp","href":"https:\/\/api.w.org\/{rel}","templated":true}]}}