{"id":32473,"date":"2024-04-02T08:47:57","date_gmt":"2024-04-02T11:47:57","guid":{"rendered":"https:\/\/elfederalmendoza.com\/?p=32473"},"modified":"2024-04-02T08:48:12","modified_gmt":"2024-04-02T11:48:12","slug":"tras-una-persecusion-cayo-el-terror-de-la-uncuyo-robaba-a-profesores-y-estudiantes","status":"publish","type":"post","link":"https:\/\/elfederalmendoza.com.ar\/index.php\/2024\/04\/02\/tras-una-persecusion-cayo-el-terror-de-la-uncuyo-robaba-a-profesores-y-estudiantes\/","title":{"rendered":"Tras una persecuci\u00f3n, cay\u00f3 el terror de la UNCuyo: robaba a profesores y estudiantes"},"content":{"rendered":"\n<p><strong>Polic\u00edas que realizaban servicios extraordinarios en la Universidad Nacional de Cuyo (UNCuyo)&nbsp;<\/strong>detuvieron la ma\u00f1ana de este lunes a un asaltante que protagoniz\u00f3 en los \u00faltimos d\u00edas diversos hechos de inseguridad contra empleados de seguridad y tambi\u00e9n a estudiantes en paradas de colectivos del predio ubicado en zona del Parque General San Mart\u00edn.&nbsp;<mark>Llevaba dos armas blancas, una sierra y una r\u00e9plica de arma de fuego.<\/mark><\/p>\n\n\n\n<p>Los efectivos se encontraban realizando diversos trabajos de control cuando recibieron un llamado de un empleado de seguridad alertando sobre la detecci\u00f3n en el predio de deportes de un malviviente que ya hab\u00eda cometido diversos asaltos en los \u00faltimos d\u00edas. Lo identific\u00f3 con\u00a0<em>\u201ccontextura delgada, tatuajes, ropas oscuras y mochila azul\u201d.<\/em><\/p>\n\n\n\n<p>Durante la comunicaci\u00f3n, el hombre de seguridad detall\u00f3 que hab\u00eda sufrido un robo el 29 de marzo a las 15 y que este hombre era el autor. Ante esto, minutos antes de las 11, personal de seguridad privada y tambi\u00e9n los uniformados se dirigieron hasta el lugar para intentar capturar al sospechoso.<\/p>\n\n\n\n<p>Una vez en la escena, el sujeto not\u00f3 la presencia de los polic\u00edas y escap\u00f3 corriendo. En ese momento,<mark>&nbsp;los dos polic\u00edas de servicios extraordinarios salieron en persecuci\u00f3n y lograron darle alcance cuando intent\u00f3 trepar un cerco perimetral del predio.<\/mark><\/p>\n\n\n\n<p>Lo redujeron y esposaron y realizaron una requisa en la mochila. As\u00ed fue que hallaron&nbsp;<strong>la r\u00e9plica de pistola negra, una hoja de sierra de unos 15 cent\u00edmetros y dos cuchillos tipo Tramontina<\/strong>. Otra movilidad lleg\u00f3 hasta el lugar y traslad\u00f3 al sospechoso a sede judicial.<\/p>\n\n\n\n<p>El hombre fue identificado. Tiene 47 a\u00f1os y es oriundo del barrio Olivares.<\/p>\n\n\n\n<p><em>Fuente: El Sol<\/em><\/p>\n","protected":false},"excerpt":{"rendered":"<p>Polic\u00edas que realizaban servicios extraordinarios en la Universidad Nacional de Cuyo (UNCuyo)&nbsp;detuvieron la ma\u00f1ana de este lunes a un asaltante que protagoniz\u00f3 en los \u00faltimos d\u00edas diversos hechos de inseguridad contra empleados de seguridad y tambi\u00e9n a estudiantes en paradas de colectivos del predio ubicado en zona del Parque General San Mart\u00edn.&nbsp;Llevaba dos armas blancas,<a class=\"read-more\" href=\"https:\/\/elfederalmendoza.com.ar\/index.php\/2024\/04\/02\/tras-una-persecusion-cayo-el-terror-de-la-uncuyo-robaba-a-profesores-y-estudiantes\/\"> [&hellip;]<\/a><\/p>\n","protected":false},"author":2,"featured_media":32476,"comment_status":"open","ping_status":"open","sticky":false,"template":"","format":"standard","meta":{"footnotes":""},"categories":[1],"tags":[],"class_list":["post-32473","post","type-post","status-publish","format-standard","has-post-thumbnail","hentry","category-mza"],"rttpg_featured_image_url":{"full":["https:\/\/elfederalmendoza.com.ar\/wp-content\/uploads\/2024\/04\/WhatsApp-Image-2024-04-01-at-16.14.58.webp",641,614,false],"landscape":["https:\/\/elfederalmendoza.com.ar\/wp-content\/uploads\/2024\/04\/WhatsApp-Image-2024-04-01-at-16.14.58.webp",641,614,false],"portraits":["https:\/\/elfederalmendoza.com.ar\/wp-content\/uploads\/2024\/04\/WhatsApp-Image-2024-04-01-at-16.14.58.webp",641,614,false],"thumbnail":["https:\/\/elfederalmendoza.com.ar\/wp-content\/uploads\/2024\/04\/WhatsApp-Image-2024-04-01-at-16.14.58-150x150.webp",150,150,true],"medium":["https:\/\/elfederalmendoza.com.ar\/wp-content\/uploads\/2024\/04\/WhatsApp-Image-2024-04-01-at-16.14.58-300x287.webp",300,287,true],"large":["https:\/\/elfederalmendoza.com.ar\/wp-content\/uploads\/2024\/04\/WhatsApp-Image-2024-04-01-at-16.14.58.webp",640,613,false],"1536x1536":["https:\/\/elfederalmendoza.com.ar\/wp-content\/uploads\/2024\/04\/WhatsApp-Image-2024-04-01-at-16.14.58.webp",641,614,false],"2048x2048":["https:\/\/elfederalmendoza.com.ar\/wp-content\/uploads\/2024\/04\/WhatsApp-Image-2024-04-01-at-16.14.58.webp",641,614,false],"ultp_layout_landscape_large":["https:\/\/elfederalmendoza.com.ar\/wp-content\/uploads\/2024\/04\/WhatsApp-Image-2024-04-01-at-16.14.58.webp",641,614,false],"ultp_layout_landscape":["https:\/\/elfederalmendoza.com.ar\/wp-content\/uploads\/2024\/04\/WhatsApp-Image-2024-04-01-at-16.14.58-641x570.webp",641,570,true],"ultp_layout_portrait":["https:\/\/elfederalmendoza.com.ar\/wp-content\/uploads\/2024\/04\/WhatsApp-Image-2024-04-01-at-16.14.58-600x614.webp",600,614,true],"ultp_layout_square":["https:\/\/elfederalmendoza.com.ar\/wp-content\/uploads\/2024\/04\/WhatsApp-Image-2024-04-01-at-16.14.58-600x600.webp",600,600,true],"rpwe-thumbnail":["https:\/\/elfederalmendoza.com.ar\/wp-content\/uploads\/2024\/04\/WhatsApp-Image-2024-04-01-at-16.14.58-45x45.webp",45,45,true],"advps-thumb-one":["https:\/\/elfederalmendoza.com.ar\/wp-content\/uploads\/2024\/04\/WhatsApp-Image-2024-04-01-at-16.14.58-641x420.webp",641,420,true]},"rttpg_author":{"display_name":"Redacci\u00f3n El Federal","author_link":"https:\/\/elfederalmendoza.com.ar\/index.php\/author\/angelflores\/"},"rttpg_comment":0,"rttpg_category":"<a href=\"https:\/\/elfederalmendoza.com.ar\/index.php\/category\/mza\/\" rel=\"category tag\">Mendoza<\/a>","rttpg_excerpt":"Polic\u00edas que realizaban servicios extraordinarios en la Universidad Nacional de Cuyo (UNCuyo)&nbsp;detuvieron la ma\u00f1ana de este lunes a un asaltante que protagoniz\u00f3 en los \u00faltimos d\u00edas diversos hechos de inseguridad contra empleados de seguridad y tambi\u00e9n a estudiantes en paradas de colectivos del predio ubicado en zona del Parque General San Mart\u00edn.&nbsp;Llevaba dos armas blancas,&hellip;","_links":{"self":[{"href":"https:\/\/elfederalmendoza.com.ar\/index.php\/wp-json\/wp\/v2\/posts\/32473","targetHints":{"allow":["GET"]}}],"collection":[{"href":"https:\/\/elfederalmendoza.com.ar\/index.php\/wp-json\/wp\/v2\/posts"}],"about":[{"href":"https:\/\/elfederalmendoza.com.ar\/index.php\/wp-json\/wp\/v2\/types\/post"}],"author":[{"embeddable":true,"href":"https:\/\/elfederalmendoza.com.ar\/index.php\/wp-json\/wp\/v2\/users\/2"}],"replies":[{"embeddable":true,"href":"https:\/\/elfederalmendoza.com.ar\/index.php\/wp-json\/wp\/v2\/comments?post=32473"}],"version-history":[{"count":2,"href":"https:\/\/elfederalmendoza.com.ar\/index.php\/wp-json\/wp\/v2\/posts\/32473\/revisions"}],"predecessor-version":[{"id":32479,"href":"https:\/\/elfederalmendoza.com.ar\/index.php\/wp-json\/wp\/v2\/posts\/32473\/revisions\/32479"}],"wp:featuredmedia":[{"embeddable":true,"href":"https:\/\/elfederalmendoza.com.ar\/index.php\/wp-json\/wp\/v2\/media\/32476"}],"wp:attachment":[{"href":"https:\/\/elfederalmendoza.com.ar\/index.php\/wp-json\/wp\/v2\/media?parent=32473"}],"wp:term":[{"taxonomy":"category","embeddable":true,"href":"https:\/\/elfederalmendoza.com.ar\/index.php\/wp-json\/wp\/v2\/categories?post=32473"},{"taxonomy":"post_tag","embeddable":true,"href":"https:\/\/elfederalmendoza.com.ar\/index.php\/wp-json\/wp\/v2\/tags?post=32473"}],"curies":[{"name":"wp","href":"https:\/\/api.w.org\/{rel}","templated":true}]}}