{"id":32482,"date":"2024-04-02T12:01:32","date_gmt":"2024-04-02T15:01:32","guid":{"rendered":"https:\/\/elfederalmendoza.com\/?p=32482"},"modified":"2024-04-02T12:01:34","modified_gmt":"2024-04-02T15:01:34","slug":"los-turistas-que-pasaron-por-mendoza-en-semana-santa-dejaron-unos-35-millones-de-dolares","status":"publish","type":"post","link":"https:\/\/elfederalmendoza.com.ar\/index.php\/2024\/04\/02\/los-turistas-que-pasaron-por-mendoza-en-semana-santa-dejaron-unos-35-millones-de-dolares\/","title":{"rendered":"Los turistas que pasaron por Mendoza en Semana Santa dejaron unos 35 millones de d\u00f3lares"},"content":{"rendered":"\n<p>La ocupaci\u00f3n hotelera promedi\u00f3 el 90% y super\u00f3 los registros del 2023. Llegaron m\u00e1s de 130.000 turistas que gastaron en promedio unos $55.000 por d\u00eda.<\/p>\n\n\n\n<p>La industria mendocina del turismo sonri\u00f3 este\u00a0<strong>fin de semana XXXL que reuni\u00f3 los feriados de semana con los de la conmemoraci\u00f3n de los ca\u00eddos en Malvinas.<\/strong>\u00a0Es que al parecer la crisis econ\u00f3mica no influy\u00f3 demasiado: en estos 6 d\u00edas la\u00a0<strong>ocupaci\u00f3n hotelera en la provincia promedi\u00f3 el 90%<\/strong>, y los m\u00e1s de\u00a0<strong>130.000 visitantes dejaron en total unos 35 millones de d\u00f3lares.<\/strong><\/p>\n\n\n\n<p>Es que seg\u00fan estimaron desde el Ente Provincial de Turismo cada uno de esos visitantes<strong>&nbsp;gastaron en promedio unos $55.000 por d\u00eda<\/strong>&nbsp;y la mayor\u00eda&nbsp;<strong>se qued\u00f3 al menos 4 d\u00edas y medio en la provincia<\/strong>, por lo que la cuenta en pesos arroja unos $35.000.000.000.<\/p>\n\n\n\n<p>\u00abLa provincia ha estado repleta sobretodo en San Rafael que tuvo una ocupaci\u00f3n superior al 98%, en alta monta\u00f1a hubo n\u00fameros similares al Valle de Uco con el 85% y al final del d\u00eda a la Ciudad tambi\u00e9n le ha ido muy bien, estim\u00e1bamos que iba a ser del 75% y trep\u00f3 a m\u00e1s del 85%. La zona metropolitana es la que tiene m\u00e1s camas y por eso tambi\u00e9n tiene m\u00e1s peso relativo en el c\u00e1lculo promedio\u00bb, detall\u00f3 la titular del Emetur, <strong>Gabriela Testa.<\/strong><\/p>\n\n\n\n<figure class=\"wp-block-image\"><img decoding=\"async\" src=\"https:\/\/media.diariouno.com.ar\/p\/80b81f95fb6445f5dc6fcfd4e8e6f2fa\/adjuntos\/298\/imagenes\/009\/313\/0009313526\/1200x0\/smart\/para-estos-seis-dias-fin-semana-y-feriados-se-espera-un-gran-movimiento-turistas-y-mendocinos.jpg\" alt=\"Para estos seis d\u00edas de fin de semana y feriados llegaron a Mendoza unos 130.000 turistas, entre nacionales y extranjeros. \" title=\"Para estos seis d\u00edas de fin de semana y feriados llegaron a Mendoza unos 130.000 turistas, entre nacionales y extranjeros. \"\/><\/figure>\n\n\n\n<p>Para estos seis d\u00edas de fin de semana y feriados llegaron a Mendoza unos 130.000 turistas, entre nacionales y extranjeros.<\/p>\n\n\n\n<p>La explicaci\u00f3n que brindan los analistas del turismo es que en el caso de los visitantes nacionales, es evidente que&nbsp;<strong>aquellos que no pudieron tomar vacaciones en los meses estivales esperaron hasta este fin de semana extralargo para descansar<\/strong>.<\/p>\n\n\n\n<p>Pero adem\u00e1s, aquel alto registro de&nbsp;<strong>ocupaci\u00f3n tur\u00edstica se nutri\u00f3 de quienes llegaron de pa\u00edses lim\u00edtrofes<\/strong>, que comenzaron a ingresar a la provincia el mismo viernes por el feriado casi universal de Semana Santa. Los primeros en llegar fueron los turistas chilenos, pero tambi\u00e9n hubo mucho visitante uruguayo .<\/p>\n\n\n\n<figure class=\"wp-block-image\"><img decoding=\"async\" src=\"https:\/\/media.diariouno.com.ar\/p\/b005ebc60cdee9ffea9f4b854e8fbe1d\/adjuntos\/298\/imagenes\/009\/314\/0009314376\/1200x0\/smart\/turismo-mendoza-9-semana-santa-2024jpg.jpg\" alt=\"El gran caudal de visitantes que lleg\u00f3 a Mendoza se nutri\u00f3 de turistas chilenos y uruguayos, a quienes les beneficia el tipo de cambio. \" title=\"El gran caudal de visitantes que lleg\u00f3 a Mendoza se nutri\u00f3 de turistas chilenos y uruguayos, a quienes les beneficia el tipo de cambio. \"\/><\/figure>\n\n\n\n<p>El gran caudal de visitantes que lleg\u00f3 a Mendoza se nutri\u00f3 de turistas chilenos y uruguayos, a quienes les beneficia el tipo de cambio.<\/p>\n\n\n\n<p>\u00abHubo una&nbsp;<strong>importante porci\u00f3n de extranjeros, sobretodo chilenos<\/strong>&nbsp;en el \u00e1rea metropolitana como es casi una costumbre, pero tambi\u00e9n con mucha presencia en el sur provincial, porque hab\u00edan ingresado por el Paso Pehuenche. En el caso de los&nbsp;<strong>uruguayos nos benefici\u00f3 que ellos tuviesen la semana del turismo&nbsp;<\/strong>y es claro que tambi\u00e9n nos eligieron porque ellos tienen una conveniencia cambiaria que los beneficia\u00bb, explic\u00f3 Testa.<\/p>\n\n\n\n<h2 class=\"wp-block-heading\">Promociones y conectividad a\u00e9rea hicieron de atractivo a los turistas<\/h2>\n\n\n\n<p>En el an\u00e1lisis de lo que pudo servir de atractivo para que los turistas eligieran Mendoza, desde el Emetur marcaron que funcionaron las promociones como el Sale Mendoza Verano 2024, dise\u00f1adas para incentivar la atracci\u00f3n de turistas argentinos, y marcaron que la creciente conectividad a\u00e9rea de la provincia tambi\u00e9n colabor\u00f3.<\/p>\n\n\n\n<p>A eso se sum\u00f3 el tradicional programa de&nbsp;<strong>M\u00fasica Cl\u00e1sica por los Caminos del Vino, con 60 conciertos en toda la provincia<\/strong>, a los que este a\u00f1o se adosaron las provincias cuyanas de San Juan y San Luis.<\/p>\n\n\n\n<figure class=\"wp-block-image\"><img decoding=\"async\" src=\"https:\/\/media.diariouno.com.ar\/p\/f05105ebdd3c2895edd98ae49e7f76b1\/adjuntos\/298\/imagenes\/009\/314\/0009314887\/1200x0\/smart\/musica-clasica-los-caminos-del-vinojpg.jpg\" alt=\"La oferta del ciclo de M\u00fasica Cl\u00e1sica por los Caminos del Vino hizo de gran atractivo para los turistas que pasaron por Mendoza. \" title=\"La oferta del ciclo de M\u00fasica Cl\u00e1sica por los Caminos del Vino hizo de gran atractivo para los turistas que pasaron por Mendoza. \"\/><\/figure>\n\n\n\n<p>La oferta del ciclo de M\u00fasica Cl\u00e1sica por los Caminos del Vino hizo de gran atractivo para los turistas que pasaron por Mendoza.<\/p>\n\n\n\n<p>Asimismo, y en este caso de iniciativa privada, se realiz\u00f3 tambi\u00e9n la&nbsp;<strong>Vendimia para Todxs, que el pasado domingo 31 celebr\u00f3 sus 21 a\u00f1os&nbsp;<\/strong>y es un gran atractivo y un s\u00edmbolo para a comunidad LGBTQ+, que representa un segmento de viajeros de alto nivel de consumo.<\/p>\n\n\n\n<p>Por su lado Aerol\u00edneas Argentinas comunic\u00f3 que hubo 40% m\u00e1s de pasajes emitidos en relaci\u00f3n con el mismo fin de semana largo de 2023, y calcul\u00f3 que transport\u00f3 a unos 35.000 pasajeros diarios.<\/p>\n\n\n\n<p>\u00abMendoza ha estado presente en eventos de promoci\u00f3n tur\u00edstica en mercados internacionales como Espa\u00f1a, Colombia, Uruguay, Chile, Alemania y Suiza. Por su parte, el lunes 25, se acord\u00f3 con representantes del sector privado la agenda de promoci\u00f3n de lo que resta de este primer semestre\u201d.<\/p>\n","protected":false},"excerpt":{"rendered":"<p>La ocupaci\u00f3n hotelera promedi\u00f3 el 90% y super\u00f3 los registros del 2023. Llegaron m\u00e1s de 130.000 turistas que gastaron en promedio unos $55.000 por d\u00eda. La industria mendocina del turismo sonri\u00f3 este\u00a0fin de semana XXXL que reuni\u00f3 los feriados de semana con los de la conmemoraci\u00f3n de los ca\u00eddos en Malvinas.\u00a0Es que al parecer la<a class=\"read-more\" href=\"https:\/\/elfederalmendoza.com.ar\/index.php\/2024\/04\/02\/los-turistas-que-pasaron-por-mendoza-en-semana-santa-dejaron-unos-35-millones-de-dolares\/\"> [&hellip;]<\/a><\/p>\n","protected":false},"author":2,"featured_media":32484,"comment_status":"open","ping_status":"open","sticky":false,"template":"","format":"standard","meta":{"footnotes":""},"categories":[1],"tags":[],"class_list":["post-32482","post","type-post","status-publish","format-standard","has-post-thumbnail","hentry","category-mza"],"rttpg_featured_image_url":{"full":["https:\/\/elfederalmendoza.com.ar\/wp-content\/uploads\/2024\/04\/turistas.jpg",1423,808,false],"landscape":["https:\/\/elfederalmendoza.com.ar\/wp-content\/uploads\/2024\/04\/turistas.jpg",1423,808,false],"portraits":["https:\/\/elfederalmendoza.com.ar\/wp-content\/uploads\/2024\/04\/turistas.jpg",1423,808,false],"thumbnail":["https:\/\/elfederalmendoza.com.ar\/wp-content\/uploads\/2024\/04\/turistas-150x150.jpg",150,150,true],"medium":["https:\/\/elfederalmendoza.com.ar\/wp-content\/uploads\/2024\/04\/turistas-300x170.jpg",300,170,true],"large":["https:\/\/elfederalmendoza.com.ar\/wp-content\/uploads\/2024\/04\/turistas-1024x581.jpg",640,363,true],"1536x1536":["https:\/\/elfederalmendoza.com.ar\/wp-content\/uploads\/2024\/04\/turistas.jpg",1423,808,false],"2048x2048":["https:\/\/elfederalmendoza.com.ar\/wp-content\/uploads\/2024\/04\/turistas.jpg",1423,808,false],"ultp_layout_landscape_large":["https:\/\/elfederalmendoza.com.ar\/wp-content\/uploads\/2024\/04\/turistas-1200x800.jpg",1200,800,true],"ultp_layout_landscape":["https:\/\/elfederalmendoza.com.ar\/wp-content\/uploads\/2024\/04\/turistas-870x570.jpg",870,570,true],"ultp_layout_portrait":["https:\/\/elfederalmendoza.com.ar\/wp-content\/uploads\/2024\/04\/turistas-600x808.jpg",600,808,true],"ultp_layout_square":["https:\/\/elfederalmendoza.com.ar\/wp-content\/uploads\/2024\/04\/turistas-600x600.jpg",600,600,true],"rpwe-thumbnail":["https:\/\/elfederalmendoza.com.ar\/wp-content\/uploads\/2024\/04\/turistas-45x45.jpg",45,45,true],"advps-thumb-one":["https:\/\/elfederalmendoza.com.ar\/wp-content\/uploads\/2024\/04\/turistas-1200x420.jpg",1200,420,true]},"rttpg_author":{"display_name":"Redacci\u00f3n El Federal","author_link":"https:\/\/elfederalmendoza.com.ar\/index.php\/author\/angelflores\/"},"rttpg_comment":0,"rttpg_category":"<a href=\"https:\/\/elfederalmendoza.com.ar\/index.php\/category\/mza\/\" rel=\"category tag\">Mendoza<\/a>","rttpg_excerpt":"La ocupaci\u00f3n hotelera promedi\u00f3 el 90% y super\u00f3 los registros del 2023. Llegaron m\u00e1s de 130.000 turistas que gastaron en promedio unos $55.000 por d\u00eda. La industria mendocina del turismo sonri\u00f3 este\u00a0fin de semana XXXL que reuni\u00f3 los feriados de semana con los de la conmemoraci\u00f3n de los ca\u00eddos en Malvinas.\u00a0Es que al parecer la&hellip;","_links":{"self":[{"href":"https:\/\/elfederalmendoza.com.ar\/index.php\/wp-json\/wp\/v2\/posts\/32482","targetHints":{"allow":["GET"]}}],"collection":[{"href":"https:\/\/elfederalmendoza.com.ar\/index.php\/wp-json\/wp\/v2\/posts"}],"about":[{"href":"https:\/\/elfederalmendoza.com.ar\/index.php\/wp-json\/wp\/v2\/types\/post"}],"author":[{"embeddable":true,"href":"https:\/\/elfederalmendoza.com.ar\/index.php\/wp-json\/wp\/v2\/users\/2"}],"replies":[{"embeddable":true,"href":"https:\/\/elfederalmendoza.com.ar\/index.php\/wp-json\/wp\/v2\/comments?post=32482"}],"version-history":[{"count":1,"href":"https:\/\/elfederalmendoza.com.ar\/index.php\/wp-json\/wp\/v2\/posts\/32482\/revisions"}],"predecessor-version":[{"id":32485,"href":"https:\/\/elfederalmendoza.com.ar\/index.php\/wp-json\/wp\/v2\/posts\/32482\/revisions\/32485"}],"wp:featuredmedia":[{"embeddable":true,"href":"https:\/\/elfederalmendoza.com.ar\/index.php\/wp-json\/wp\/v2\/media\/32484"}],"wp:attachment":[{"href":"https:\/\/elfederalmendoza.com.ar\/index.php\/wp-json\/wp\/v2\/media?parent=32482"}],"wp:term":[{"taxonomy":"category","embeddable":true,"href":"https:\/\/elfederalmendoza.com.ar\/index.php\/wp-json\/wp\/v2\/categories?post=32482"},{"taxonomy":"post_tag","embeddable":true,"href":"https:\/\/elfederalmendoza.com.ar\/index.php\/wp-json\/wp\/v2\/tags?post=32482"}],"curies":[{"name":"wp","href":"https:\/\/api.w.org\/{rel}","templated":true}]}}