{"id":32496,"date":"2024-04-07T11:28:39","date_gmt":"2024-04-07T14:28:39","guid":{"rendered":"https:\/\/elfederalmendoza.com\/?p=32496"},"modified":"2024-04-07T11:31:32","modified_gmt":"2024-04-07T14:31:32","slug":"32496","status":"publish","type":"post","link":"https:\/\/elfederalmendoza.com.ar\/index.php\/2024\/04\/07\/32496\/","title":{"rendered":"Tatuadora y madre de dos ni\u00f1os: qui\u00e9n era la mujer asesinada en Guaymall\u00e9n"},"content":{"rendered":"\n<p>Una vez m\u00e1s,\u00a0<strong>Mendoza fue escenario de un trist\u00edsimo femicidio<\/strong>\u00a0que enlut\u00f3 a la provincia.\u00a0<strong>Florencia Gui\u00f1az\u00fa fue hallada sin vida<\/strong>\u00a0en una habitaci\u00f3n de su casa en Guaymall\u00e9n junto a su pareja Ignacio Notto colgado. La principal hip\u00f3tesis del caso apunta a que el hombre fue quien la asesin\u00f3 ahorc\u00e1ndola con las manos y luego se quit\u00f3 la vida colg\u00e1ndose con un cable coaxil.<\/p>\n\n\n\n<p>El s\u00e1bado pasado,\u00a0<strong>Gui\u00f1az\u00fa celebraba sus 30 a\u00f1os y una semana m\u00e1s tarde muri\u00f3 en manos del hombre con el que compart\u00eda sus d\u00edas.<\/strong>\u00a0La pareja fue hallada sin vida en la habitaci\u00f3n que compart\u00edan en calle Bombal al 300, luego de que los vecinos llamaran al 911 tras ver un cartel pegado en la puerta de la vivienda que rezaba:\u00a0<em><strong>\u201cLlamen a la Polic\u00eda que los ni\u00f1os est\u00e1n solos\u201d<\/strong><\/em>.<\/p>\n\n\n\n<p>Una vez m\u00e1s,\u00a0<strong>Mendoza fue escenario de un trist\u00edsimo femicidio<\/strong>\u00a0que enlut\u00f3 a la provincia.\u00a0<strong>Florencia Gui\u00f1az\u00fa fue hallada sin vida<\/strong>\u00a0en una habitaci\u00f3n de su casa en Guaymall\u00e9n junto a su pareja Ignacio Notto colgado. La principal hip\u00f3tesis del caso apunta a que el hombre fue quien la asesin\u00f3 ahorc\u00e1ndola con las manos y luego se quit\u00f3 la vida colg\u00e1ndose con un cable coaxil.<\/p>\n\n\n\n<p>El s\u00e1bado pasado,&nbsp;<strong>Gui\u00f1az\u00fa celebraba sus 30 a\u00f1os y una semana m\u00e1s tarde muri\u00f3 en manos del hombre con el que compart\u00eda sus d\u00edas.<\/strong>&nbsp;La pareja fue hallada sin vida en la habitaci\u00f3n que compart\u00edan en calle Bombal al 300, luego de que los vecinos llamaran al 911 tras ver un cartel pegado en la puerta de la vivienda que rezaba:&nbsp;<em><strong>\u201cLlamen a la Polic\u00eda que los ni\u00f1os est\u00e1n solos\u201d<\/strong><\/em>.<\/p>\n\n\n\n<figure class=\"wp-block-image\"><img decoding=\"async\" src=\"https:\/\/www.losandes.com.ar\/resizer\/2oHERZpyRqR3At1d5mN9JWS8XaE=\/1023x1023\/smart\/cloudfront-us-east-1.images.arcpublishing.com\/grupoclarin\/CNQYVVIWJJEB7CZVNMEVIGTHAE.png\" alt=\"Florencia Gui\u00f1az\u00fa era madre de dos ni\u00f1os y fue asesinada en su casa de Guaymall\u00e9n.\"\/><figcaption class=\"wp-element-caption\">Florencia Gui\u00f1az\u00fa era madre de dos ni\u00f1os y fue asesinada en su casa de Guaymall\u00e9n.<\/figcaption><\/figure>\n\n\n\n<p>Gui\u00f1az\u00fa y Notto eran pareja y padres de dos ni\u00f1os. Un var\u00f3n de 7 a\u00f1os que fue socrrido por los vecinos tras el femicidio, y una nena de 5 a\u00f1os que, seg\u00fan fuentes policiales, estaba con una de sus abuelas.<\/p>\n\n\n\n<p>La joven asesinada era oriunda de La Consulta, San Carlos, pero llevaba ya algunos a\u00f1os viviendo en Gran Mendoza. Amante de la naturaleza y del fitness, la joven amaba el deporte: entrenaba f\u00fatbol, rugby y crossfit.<\/p>\n\n\n\n<figure class=\"wp-block-image\"><img decoding=\"async\" src=\"https:\/\/www.losandes.com.ar\/resizer\/jIOZHpVI7RVEp7o4Wv0wSHeuJjM=\/1023x1230\/smart\/cloudfront-us-east-1.images.arcpublishing.com\/grupoclarin\/4TR4UKZLDRDHFKR5Z3YROYM74Q.png\" alt=\"Florencia Gui\u00f1az\u00fa era madre de dos ni\u00f1os y fue asesinada en su casa de Guaymall\u00e9n.\"\/><figcaption class=\"wp-element-caption\">Florencia Gui\u00f1az\u00fa era madre de dos ni\u00f1os y fue asesinada en su casa de Guaymall\u00e9n.<\/figcaption><\/figure>\n\n\n\n<p>La joven madre era T\u00e9cnica en Higiene y Seguridad Laboral y se dedicaba a tatuar, de hecho ten\u00eda una p\u00e1gina en la red social Instagram donde mostraba los trabajos en las distintas pieles donde dej\u00f3 plasmado su talento.<\/p>\n\n\n\n<p>En sus redes sociales se la puede ver en varias fotos junto a Notto, a quien hab\u00eda denunciado en noviembre pasado por violencia de g\u00e9nero, pero con quien al parecer hab\u00eda apostado a darle nueva oportunidad para rearmarse como pareja.<\/p>\n\n\n\n<figure class=\"wp-block-image\"><img decoding=\"async\" src=\"https:\/\/www.losandes.com.ar\/resizer\/7pD_Mqvdq9kAvsi5Tnfr3GoCuBk=\/1023x1272\/smart\/cloudfront-us-east-1.images.arcpublishing.com\/grupoclarin\/VZR6NVXA4VBG5I34KTKQSIH7QU.png\" alt=\"Florencia Gui\u00f1az\u00fa era madre de dos ni\u00f1os y fue asesinada en su casa de Guaymall\u00e9n.\"\/><figcaption class=\"wp-element-caption\">Florencia Gui\u00f1az\u00fa era madre de dos ni\u00f1os y fue asesinada en su casa de Guaymall\u00e9n.<\/figcaption><\/figure>\n\n\n\n<p>Los vecinos explicaron a los agentes y a personal de la fiscal\u00eda de Homicidios que durante\u00a0<strong>la noche del viernes y en la ma\u00f1ana de este s\u00e1bado hab\u00edan escuchado muchos ruidos\u00a0<\/strong>coincidentes a una fuerte pelea, pero nadie llam\u00f3 a la Polic\u00eda pese a que sab\u00edan que Notto Escobar era violento con Gui\u00f1az\u00fa.<\/p>\n\n\n\n<p>Informaci\u00f3n de Los Andes<\/p>\n","protected":false},"excerpt":{"rendered":"<p>Una vez m\u00e1s,\u00a0Mendoza fue escenario de un trist\u00edsimo femicidio\u00a0que enlut\u00f3 a la provincia.\u00a0Florencia Gui\u00f1az\u00fa fue hallada sin vida\u00a0en una habitaci\u00f3n de su casa en Guaymall\u00e9n junto a su pareja Ignacio Notto colgado. La principal hip\u00f3tesis del caso apunta a que el hombre fue quien la asesin\u00f3 ahorc\u00e1ndola con las manos y luego se quit\u00f3 la<a class=\"read-more\" href=\"https:\/\/elfederalmendoza.com.ar\/index.php\/2024\/04\/07\/32496\/\"> [&hellip;]<\/a><\/p>\n","protected":false},"author":2,"featured_media":32498,"comment_status":"open","ping_status":"open","sticky":false,"template":"","format":"standard","meta":{"footnotes":""},"categories":[1],"tags":[],"class_list":["post-32496","post","type-post","status-publish","format-standard","has-post-thumbnail","hentry","category-mza"],"rttpg_featured_image_url":{"full":["https:\/\/elfederalmendoza.com.ar\/wp-content\/uploads\/2024\/04\/tatuadora.jpg",886,596,false],"landscape":["https:\/\/elfederalmendoza.com.ar\/wp-content\/uploads\/2024\/04\/tatuadora.jpg",886,596,false],"portraits":["https:\/\/elfederalmendoza.com.ar\/wp-content\/uploads\/2024\/04\/tatuadora.jpg",886,596,false],"thumbnail":["https:\/\/elfederalmendoza.com.ar\/wp-content\/uploads\/2024\/04\/tatuadora-150x150.jpg",150,150,true],"medium":["https:\/\/elfederalmendoza.com.ar\/wp-content\/uploads\/2024\/04\/tatuadora-300x202.jpg",300,202,true],"large":["https:\/\/elfederalmendoza.com.ar\/wp-content\/uploads\/2024\/04\/tatuadora.jpg",640,431,false],"1536x1536":["https:\/\/elfederalmendoza.com.ar\/wp-content\/uploads\/2024\/04\/tatuadora.jpg",886,596,false],"2048x2048":["https:\/\/elfederalmendoza.com.ar\/wp-content\/uploads\/2024\/04\/tatuadora.jpg",886,596,false],"ultp_layout_landscape_large":["https:\/\/elfederalmendoza.com.ar\/wp-content\/uploads\/2024\/04\/tatuadora.jpg",886,596,false],"ultp_layout_landscape":["https:\/\/elfederalmendoza.com.ar\/wp-content\/uploads\/2024\/04\/tatuadora-870x570.jpg",870,570,true],"ultp_layout_portrait":["https:\/\/elfederalmendoza.com.ar\/wp-content\/uploads\/2024\/04\/tatuadora-600x596.jpg",600,596,true],"ultp_layout_square":["https:\/\/elfederalmendoza.com.ar\/wp-content\/uploads\/2024\/04\/tatuadora-600x596.jpg",600,596,true],"rpwe-thumbnail":["https:\/\/elfederalmendoza.com.ar\/wp-content\/uploads\/2024\/04\/tatuadora-45x45.jpg",45,45,true],"advps-thumb-one":["https:\/\/elfederalmendoza.com.ar\/wp-content\/uploads\/2024\/04\/tatuadora-886x420.jpg",886,420,true]},"rttpg_author":{"display_name":"Redacci\u00f3n El Federal","author_link":"https:\/\/elfederalmendoza.com.ar\/index.php\/author\/angelflores\/"},"rttpg_comment":0,"rttpg_category":"<a href=\"https:\/\/elfederalmendoza.com.ar\/index.php\/category\/mza\/\" rel=\"category tag\">Mendoza<\/a>","rttpg_excerpt":"Una vez m\u00e1s,\u00a0Mendoza fue escenario de un trist\u00edsimo femicidio\u00a0que enlut\u00f3 a la provincia.\u00a0Florencia Gui\u00f1az\u00fa fue hallada sin vida\u00a0en una habitaci\u00f3n de su casa en Guaymall\u00e9n junto a su pareja Ignacio Notto colgado. La principal hip\u00f3tesis del caso apunta a que el hombre fue quien la asesin\u00f3 ahorc\u00e1ndola con las manos y luego se quit\u00f3 la&hellip;","_links":{"self":[{"href":"https:\/\/elfederalmendoza.com.ar\/index.php\/wp-json\/wp\/v2\/posts\/32496","targetHints":{"allow":["GET"]}}],"collection":[{"href":"https:\/\/elfederalmendoza.com.ar\/index.php\/wp-json\/wp\/v2\/posts"}],"about":[{"href":"https:\/\/elfederalmendoza.com.ar\/index.php\/wp-json\/wp\/v2\/types\/post"}],"author":[{"embeddable":true,"href":"https:\/\/elfederalmendoza.com.ar\/index.php\/wp-json\/wp\/v2\/users\/2"}],"replies":[{"embeddable":true,"href":"https:\/\/elfederalmendoza.com.ar\/index.php\/wp-json\/wp\/v2\/comments?post=32496"}],"version-history":[{"count":2,"href":"https:\/\/elfederalmendoza.com.ar\/index.php\/wp-json\/wp\/v2\/posts\/32496\/revisions"}],"predecessor-version":[{"id":32501,"href":"https:\/\/elfederalmendoza.com.ar\/index.php\/wp-json\/wp\/v2\/posts\/32496\/revisions\/32501"}],"wp:featuredmedia":[{"embeddable":true,"href":"https:\/\/elfederalmendoza.com.ar\/index.php\/wp-json\/wp\/v2\/media\/32498"}],"wp:attachment":[{"href":"https:\/\/elfederalmendoza.com.ar\/index.php\/wp-json\/wp\/v2\/media?parent=32496"}],"wp:term":[{"taxonomy":"category","embeddable":true,"href":"https:\/\/elfederalmendoza.com.ar\/index.php\/wp-json\/wp\/v2\/categories?post=32496"},{"taxonomy":"post_tag","embeddable":true,"href":"https:\/\/elfederalmendoza.com.ar\/index.php\/wp-json\/wp\/v2\/tags?post=32496"}],"curies":[{"name":"wp","href":"https:\/\/api.w.org\/{rel}","templated":true}]}}