{"id":32502,"date":"2024-04-12T07:39:18","date_gmt":"2024-04-12T10:39:18","guid":{"rendered":"https:\/\/elfederalmendoza.com\/?p=32502"},"modified":"2024-04-12T07:42:28","modified_gmt":"2024-04-12T10:42:28","slug":"la-cgt-explico-los-motivos-del-segundo-paro-general-de-la-cgt-en-6-meses-del-gobierno-de-milei","status":"publish","type":"post","link":"https:\/\/elfederalmendoza.com.ar\/index.php\/2024\/04\/12\/la-cgt-explico-los-motivos-del-segundo-paro-general-de-la-cgt-en-6-meses-del-gobierno-de-milei\/","title":{"rendered":"La CGT explic\u00f3 los motivos del segundo paro general en 6 meses del gobierno de Milei"},"content":{"rendered":"\n<p>El secretario general de la CGT cuestion\u00f3 al gobierno de Milei por \u00abentorpecer\u00bb las negociaciones salariales y liberar los precios. Tambi\u00e9n advirti\u00f3 por un \u00abproceso recesivo inaceptable\u00bb y el oficialismo respondi\u00f3 con duras cr\u00edticas.<\/p>\n\n\n\n<p><strong>H\u00e9ctor Daer,\u00a0<\/strong>cotitular de la\u00a0<strong>Confederaci\u00f3n General del Trabajo\u00a0(CGT)<\/strong>, asegur\u00f3 este jueves que el\u00a0<strong>paro general convocado para el pr\u00f3ximo 9 de mayo<\/strong>\u00a0se basa en el rechazo a las pol\u00edticas aplicadas por el oficialismo\u00a0que -seg\u00fan desliz\u00f3- llevar\u00e1n al pa\u00eds a un\u00a0<strong>\u00abproceso recesivo inaceptable\u00bb<\/strong>. Desde Estados Unidos,\u00a0<strong>Javier Milei<\/strong>\u00a0retuite\u00f3 una publicaci\u00f3n para manifestar su disgusto ante la iniciativa de\u00a0los dirigentes gremiales.<\/p>\n\n\n\n<p>\u00ab<strong>No podemos aceptar que todo se libere y que se pretenda que los salarios tengan l\u00edmites.<\/strong>&nbsp;Somos organizaciones sindicales responsables y tenemos claros cu\u00e1les son los l\u00edmites y las posibilidades de cada sector para llegar a acuerdos\u00bb, indic\u00f3 Daer.<\/p>\n\n\n\n<p>En conferencia de prensa junto a los otros integrantes del triunvirato de la CGT, Pablo Moyano y Carlos Acu\u00f1a, Daer aclar\u00f3 que&nbsp;<strong>\u00abel paro es por 24 horas sin movilizaci\u00f3n\u00bb<\/strong>&nbsp;el 9 de mayo.<\/p>\n\n\n\n<p>Luego de la reuni\u00f3n del Consejo Directivo que determin\u00f3 la medida de fuerza, el dirigente del gremio de Sanidad se\u00f1al\u00f3 que&nbsp;<strong>el gobierno de Milei \u00abentorpece\u00bb las negociaciones salariales vigentes<\/strong>.<\/p>\n\n\n\n<figure class=\"wp-block-image\"><img decoding=\"async\" src=\"https:\/\/fotos.perfil.com\/\/2024\/04\/12\/900\/0\/cgt-conferencia-de-prensa-20240411-1784092.jpg\" alt=\"CGT conferencia de prensa 20240411\"\/><figcaption class=\"wp-element-caption\">Conferencia de prensa de la CGT. Foto: NA<\/figcaption><\/figure>\n\n\n\n<p>\u00ab<strong>Primero se da este retiro del Estado de las negociaciones y despu\u00e9s el ingreso entorpeciendo la actividad de paritaria.<\/strong>&nbsp;Esto nos lleva a una complicaci\u00f3n doble, porque primero tenemos que pelear en la puja distributiva y despu\u00e9s por el cobro de ese salario\u00bb, expres\u00f3 Daer.<\/p>\n\n\n\n<p>Y continu\u00f3: \u00abAyer la planteamos claramente frente al Poder Ejecutivo, y pareciera que en este clima de no hay plata, hoy tenemos el problema con el transporte, y lo vamos a tener sistem\u00e1ticamente con muchas actividades\u00bb.<\/p>\n\n\n\n<p>\u00abEl impacto que va a generar el ajuste de precios, de tarifas, y el ajuste que se viene dando en esta intenci\u00f3n de achicar los salarios solo&nbsp;<strong>nos va a llevar a un proceso recesivo de un nivel inaceptable<\/strong>, por ese motivo tomamos la decisi\u00f3n de convocar a un paro de 24 horas el 9 de mayo\u00bb, enfatiz\u00f3 Daer.<\/p>\n\n\n\n<p>Si bien afirm\u00f3 que la reuni\u00f3n de este mi\u00e9rcoles en Casa Rosada fue \u00abbuena\u00bb, se quej\u00f3 porque \u00abno puede ser que el Estado se desentienda de las negociaciones salariales y que cometa la torpeza de no homologarlas\u00bb.<\/p>\n\n\n\n<h2 class=\"wp-block-heading\"><strong>\u00abSindicalistas con s\u00edndrome de abstinencia\u00bb: la severa respuesta del Gobierno a la CGT<\/strong><\/h2>\n\n\n\n<figure class=\"wp-block-image\"><img decoding=\"async\" src=\"https:\/\/fotos.perfil.com\/\/2024\/04\/12\/900\/0\/retuit-de-milei-contra-la-cgt-20240411-1784120.jpg\" alt=\"Retuit de Milei contra la CGT 20240411\"\/><figcaption class=\"wp-element-caption\">Javier Milei retuite\u00f3 un comentario contra la CGT. Foto:&nbsp;X\/@JMilei<\/figcaption><\/figure>\n\n\n\n<figure class=\"wp-block-image\"><img decoding=\"async\" src=\"https:\/\/fotos.perfil.com\/\/2024\/04\/11\/900\/0\/javier-lanari-contra-la-cgt-20240411-1784047.jpg\" alt=\"Javier Lanari contra la CGT 20240411\"\/><figcaption class=\"wp-element-caption\">Foto:&nbsp;X\/@javierlanari<\/figcaption><\/figure>\n\n\n\n<p>El presidente Javier Milei se limit\u00f3 a compartir en su cuenta de X el comentario de un usuario que cuestion\u00f3 la postura pasiva de los l\u00edderes gremiales durante el gobierno anterior, a diferencia del empuje&nbsp;actual de la CGT, que convoc\u00f3 a un&nbsp;<strong>segundo paro&nbsp;general desde el inicio del mandato del l\u00edder libertario, hace cuatro meses.<\/strong><\/p>\n\n\n\n<p>Pero la respuesta m\u00e1s \u00abdura\u00bb del Gobierno ante el nuevo paro convocado por la CGT lleg\u00f3 por intermedio del&nbsp;<strong>subsecretario de Prensa de la Naci\u00f3n, Javier Lanari<\/strong>, que fue uno de los primeros dirigentes del oficialismo en rechazar la medida de fuerza y tambi\u00e9n aprovech\u00f3 para descalificar en redes sociales a los l\u00edderes de la CGT al llamarlos<strong>&nbsp;\u00absindicalistas con s\u00edndrome de abstinencia\u00bb<\/strong>.<\/p>\n\n\n\n<p><strong>\u00abLa CGT est\u00e1 decidida a que Milei sea el Presidente con mayor cantidad de paros generales. Sindicalistas con s\u00edndrome de abstinencia. Hibernaron 4 a\u00f1os en el periodo de mayor empobrecimiento de los trabajadores. Es un gran honor!\u00bb<\/strong>, public\u00f3 el funcionario nacional en su cuenta de la red social X.<\/p>\n\n\n\n<p>El segundo paro contra la administraci\u00f3n del presidente Javier Milei se anunci\u00f3 un d\u00eda despu\u00e9s de que la c\u00fapula de la CGT fuera recibida en Casa Rosada por el jefe de Gabinete, Nicol\u00e1s Posse, y el ministro del Interior, Guillermo Francos. La cumbre no tuvo los resultados que el Gobierno esperaba.<\/p>\n","protected":false},"excerpt":{"rendered":"<p>El secretario general de la CGT cuestion\u00f3 al gobierno de Milei por \u00abentorpecer\u00bb las negociaciones salariales y liberar los precios. Tambi\u00e9n advirti\u00f3 por un \u00abproceso recesivo inaceptable\u00bb y el oficialismo respondi\u00f3 con duras cr\u00edticas. H\u00e9ctor Daer,\u00a0cotitular de la\u00a0Confederaci\u00f3n General del Trabajo\u00a0(CGT), asegur\u00f3 este jueves que el\u00a0paro general convocado para el pr\u00f3ximo 9 de mayo\u00a0se basa<a class=\"read-more\" href=\"https:\/\/elfederalmendoza.com.ar\/index.php\/2024\/04\/12\/la-cgt-explico-los-motivos-del-segundo-paro-general-de-la-cgt-en-6-meses-del-gobierno-de-milei\/\"> [&hellip;]<\/a><\/p>\n","protected":false},"author":2,"featured_media":32504,"comment_status":"open","ping_status":"open","sticky":false,"template":"","format":"standard","meta":{"footnotes":""},"categories":[5618],"tags":[],"class_list":["post-32502","post","type-post","status-publish","format-standard","has-post-thumbnail","hentry","category-arg"],"rttpg_featured_image_url":{"full":["https:\/\/elfederalmendoza.com.ar\/wp-content\/uploads\/2024\/04\/cgt4.jpg",1338,742,false],"landscape":["https:\/\/elfederalmendoza.com.ar\/wp-content\/uploads\/2024\/04\/cgt4.jpg",1338,742,false],"portraits":["https:\/\/elfederalmendoza.com.ar\/wp-content\/uploads\/2024\/04\/cgt4.jpg",1338,742,false],"thumbnail":["https:\/\/elfederalmendoza.com.ar\/wp-content\/uploads\/2024\/04\/cgt4-150x150.jpg",150,150,true],"medium":["https:\/\/elfederalmendoza.com.ar\/wp-content\/uploads\/2024\/04\/cgt4-300x166.jpg",300,166,true],"large":["https:\/\/elfederalmendoza.com.ar\/wp-content\/uploads\/2024\/04\/cgt4-1024x568.jpg",640,355,true],"1536x1536":["https:\/\/elfederalmendoza.com.ar\/wp-content\/uploads\/2024\/04\/cgt4.jpg",1338,742,false],"2048x2048":["https:\/\/elfederalmendoza.com.ar\/wp-content\/uploads\/2024\/04\/cgt4.jpg",1338,742,false],"ultp_layout_landscape_large":["https:\/\/elfederalmendoza.com.ar\/wp-content\/uploads\/2024\/04\/cgt4-1200x742.jpg",1200,742,true],"ultp_layout_landscape":["https:\/\/elfederalmendoza.com.ar\/wp-content\/uploads\/2024\/04\/cgt4-870x570.jpg",870,570,true],"ultp_layout_portrait":["https:\/\/elfederalmendoza.com.ar\/wp-content\/uploads\/2024\/04\/cgt4-600x742.jpg",600,742,true],"ultp_layout_square":["https:\/\/elfederalmendoza.com.ar\/wp-content\/uploads\/2024\/04\/cgt4-600x600.jpg",600,600,true],"rpwe-thumbnail":["https:\/\/elfederalmendoza.com.ar\/wp-content\/uploads\/2024\/04\/cgt4-45x45.jpg",45,45,true],"advps-thumb-one":["https:\/\/elfederalmendoza.com.ar\/wp-content\/uploads\/2024\/04\/cgt4-1200x420.jpg",1200,420,true]},"rttpg_author":{"display_name":"Redacci\u00f3n El Federal","author_link":"https:\/\/elfederalmendoza.com.ar\/index.php\/author\/angelflores\/"},"rttpg_comment":0,"rttpg_category":"<a href=\"https:\/\/elfederalmendoza.com.ar\/index.php\/category\/arg\/\" rel=\"category tag\">Argentina<\/a>","rttpg_excerpt":"El secretario general de la CGT cuestion\u00f3 al gobierno de Milei por \u00abentorpecer\u00bb las negociaciones salariales y liberar los precios. Tambi\u00e9n advirti\u00f3 por un \u00abproceso recesivo inaceptable\u00bb y el oficialismo respondi\u00f3 con duras cr\u00edticas. H\u00e9ctor Daer,\u00a0cotitular de la\u00a0Confederaci\u00f3n General del Trabajo\u00a0(CGT), asegur\u00f3 este jueves que el\u00a0paro general convocado para el pr\u00f3ximo 9 de mayo\u00a0se basa&hellip;","_links":{"self":[{"href":"https:\/\/elfederalmendoza.com.ar\/index.php\/wp-json\/wp\/v2\/posts\/32502","targetHints":{"allow":["GET"]}}],"collection":[{"href":"https:\/\/elfederalmendoza.com.ar\/index.php\/wp-json\/wp\/v2\/posts"}],"about":[{"href":"https:\/\/elfederalmendoza.com.ar\/index.php\/wp-json\/wp\/v2\/types\/post"}],"author":[{"embeddable":true,"href":"https:\/\/elfederalmendoza.com.ar\/index.php\/wp-json\/wp\/v2\/users\/2"}],"replies":[{"embeddable":true,"href":"https:\/\/elfederalmendoza.com.ar\/index.php\/wp-json\/wp\/v2\/comments?post=32502"}],"version-history":[{"count":2,"href":"https:\/\/elfederalmendoza.com.ar\/index.php\/wp-json\/wp\/v2\/posts\/32502\/revisions"}],"predecessor-version":[{"id":32508,"href":"https:\/\/elfederalmendoza.com.ar\/index.php\/wp-json\/wp\/v2\/posts\/32502\/revisions\/32508"}],"wp:featuredmedia":[{"embeddable":true,"href":"https:\/\/elfederalmendoza.com.ar\/index.php\/wp-json\/wp\/v2\/media\/32504"}],"wp:attachment":[{"href":"https:\/\/elfederalmendoza.com.ar\/index.php\/wp-json\/wp\/v2\/media?parent=32502"}],"wp:term":[{"taxonomy":"category","embeddable":true,"href":"https:\/\/elfederalmendoza.com.ar\/index.php\/wp-json\/wp\/v2\/categories?post=32502"},{"taxonomy":"post_tag","embeddable":true,"href":"https:\/\/elfederalmendoza.com.ar\/index.php\/wp-json\/wp\/v2\/tags?post=32502"}],"curies":[{"name":"wp","href":"https:\/\/api.w.org\/{rel}","templated":true}]}}