{"id":32509,"date":"2024-04-12T08:50:47","date_gmt":"2024-04-12T11:50:47","guid":{"rendered":"https:\/\/elfederalmendoza.com\/?p=32509"},"modified":"2024-04-12T08:50:48","modified_gmt":"2024-04-12T11:50:48","slug":"megaoperativo-narco-siete-detenidos-armas-granadas-y-drogas-en-allanamientos-en-las-heras","status":"publish","type":"post","link":"https:\/\/elfederalmendoza.com.ar\/index.php\/2024\/04\/12\/megaoperativo-narco-siete-detenidos-armas-granadas-y-drogas-en-allanamientos-en-las-heras\/","title":{"rendered":"Megaoperativo narco: siete detenidos, armas, granadas y drogas en allanamientos en Las Heras"},"content":{"rendered":"\n<p>La Polic\u00eda hizo varios procedimientos en simult\u00e1neo este jueves.<strong> El megaoperativo fue en el Barrio Cinco Mil Lotes.<\/strong><\/p>\n\n\n\n<p>La Polic\u00eda de Mendoza realiz\u00f3 un nuevo operativo que incluy\u00f3\u00a0<strong>11 allanamientos simult\u00e1neos en Las Heras<\/strong>. Desde hac\u00eda un tiempo se estaban realizando trabajos de inteligencia para dar con delincuentes que operaban en la zona.<\/p>\n\n\n\n<p>Como resultado de las maniobras<strong>&nbsp;se detuvo a siete personas con antecedentes&nbsp;<\/strong>que quedaron a disposici\u00f3n de la Justicia. Adem\u00e1s, se secuestraron<strong>&nbsp;armas, tanto cortas como largas, granadas, dinero y tel\u00e9fonos celulares<\/strong>, elementos que permitir\u00e1n establecer las redes delictuales por las que se mov\u00edan. De esta manera, se espera poder planear nuevos allanamientos para los pr\u00f3ximos d\u00edas.<\/p>\n\n\n\n<figure class=\"wp-block-image is-resized\"><img decoding=\"async\" src=\"https:\/\/www.mendozapost.com\/files\/image\/561\/561667\/661846fe8ce21_570_380!.jpg?s=06dfaceb1d9f5fe82515b8bf7a147d22&amp;d=1712867074\" alt=\"\" style=\"width:840px;height:auto\"\/><\/figure>\n\n\n\n<p>Fueron&nbsp;<strong>140 los efectivos que se desplegaron desde las 6 de la ma\u00f1ana en el barrio Cinco Mil Lotes del departamento<\/strong>. Uno de los objetivos que llevaban era la&nbsp;<strong>desactivaci\u00f3n de kiosquitos<\/strong>&nbsp;dedicados al comercio estupefacientes.<\/p>\n\n\n\n<p>En ese sentido, desde la Polic\u00eda de Mendoza explicaron que se trat\u00f3 de un nuevo operativo exitoso realizado en conjunto con la Justicia Federal, con el que&nbsp;<strong>se consigui\u00f3 desarticular una importante banda que comercializaba y distribu\u00eda coca\u00edna<\/strong>, adem\u00e1s de dar con varios delincuentes.<\/p>\n\n\n\n<p>\u00abUno de los grupos delictuales estaba liderado por un hombre, alias&nbsp;<strong>El Mali o el T\u00edo Mali<\/strong>, quien asignaba los roles al resto de los integrantes, operando principalmente dentro de los conglomerados donde se realizaron las medidas y abasteciendo bocas de expendio al narcomenudeo\u00bb, detallaron fuentes policiales que participaron de los allanamientos simult\u00e1neos.<\/p>\n\n\n\n<figure class=\"wp-block-image is-resized\"><img decoding=\"async\" src=\"https:\/\/www.mendozapost.com\/files\/image\/561\/561669\/6618470b3e996_570_380!.jpg?s=1695b5d2c6b8d60db8313c4909dd480a&amp;d=1712867085\" alt=\"\" style=\"width:840px;height:auto\"\/><\/figure>\n\n\n\n<p>Sumaron que tambi\u00e9n<strong>&nbsp;se procedi\u00f3 al secuestro de 170 gramos de coca\u00edna, 800 gramos de marihuana, $ 600.000 y un indoor de cultivo de cannabis.<\/strong><br>Participaron Polic\u00edas Contra el Narcotr\u00e1fico (PCN), la AFIP y personal del Juzgado Federal N\u00b0 1, a cargo del doctor Marcelo Garnica y la doctora Florencia Elias, titular de la Secretar\u00eda Penal B.<\/p>\n\n\n\n<p>Las acciones contaron, adem\u00e1s, con la colaboraci\u00f3n de efectivos del Cuerpo de Infanter\u00eda, la Unidad de Acci\u00f3n Preventiva (UAP), Polic\u00eda Rural, Cuerpo de Aviaci\u00f3n Policial, Divisi\u00f3n VANT y el Grupo Especial de Seguridad.<\/p>\n","protected":false},"excerpt":{"rendered":"<p>La Polic\u00eda hizo varios procedimientos en simult\u00e1neo este jueves. El megaoperativo fue en el Barrio Cinco Mil Lotes. La Polic\u00eda de Mendoza realiz\u00f3 un nuevo operativo que incluy\u00f3\u00a011 allanamientos simult\u00e1neos en Las Heras. Desde hac\u00eda un tiempo se estaban realizando trabajos de inteligencia para dar con delincuentes que operaban en la zona. Como resultado de<a class=\"read-more\" href=\"https:\/\/elfederalmendoza.com.ar\/index.php\/2024\/04\/12\/megaoperativo-narco-siete-detenidos-armas-granadas-y-drogas-en-allanamientos-en-las-heras\/\"> [&hellip;]<\/a><\/p>\n","protected":false},"author":2,"featured_media":32511,"comment_status":"open","ping_status":"open","sticky":false,"template":"","format":"standard","meta":{"footnotes":""},"categories":[1],"tags":[],"class_list":["post-32509","post","type-post","status-publish","format-standard","has-post-thumbnail","hentry","category-mza"],"rttpg_featured_image_url":{"full":["https:\/\/elfederalmendoza.com.ar\/wp-content\/uploads\/2024\/04\/mega.jpg",1160,665,false],"landscape":["https:\/\/elfederalmendoza.com.ar\/wp-content\/uploads\/2024\/04\/mega.jpg",1160,665,false],"portraits":["https:\/\/elfederalmendoza.com.ar\/wp-content\/uploads\/2024\/04\/mega.jpg",1160,665,false],"thumbnail":["https:\/\/elfederalmendoza.com.ar\/wp-content\/uploads\/2024\/04\/mega-150x150.jpg",150,150,true],"medium":["https:\/\/elfederalmendoza.com.ar\/wp-content\/uploads\/2024\/04\/mega-300x172.jpg",300,172,true],"large":["https:\/\/elfederalmendoza.com.ar\/wp-content\/uploads\/2024\/04\/mega-1024x587.jpg",640,367,true],"1536x1536":["https:\/\/elfederalmendoza.com.ar\/wp-content\/uploads\/2024\/04\/mega.jpg",1160,665,false],"2048x2048":["https:\/\/elfederalmendoza.com.ar\/wp-content\/uploads\/2024\/04\/mega.jpg",1160,665,false],"ultp_layout_landscape_large":["https:\/\/elfederalmendoza.com.ar\/wp-content\/uploads\/2024\/04\/mega.jpg",1160,665,false],"ultp_layout_landscape":["https:\/\/elfederalmendoza.com.ar\/wp-content\/uploads\/2024\/04\/mega-870x570.jpg",870,570,true],"ultp_layout_portrait":["https:\/\/elfederalmendoza.com.ar\/wp-content\/uploads\/2024\/04\/mega-600x665.jpg",600,665,true],"ultp_layout_square":["https:\/\/elfederalmendoza.com.ar\/wp-content\/uploads\/2024\/04\/mega-600x600.jpg",600,600,true],"rpwe-thumbnail":["https:\/\/elfederalmendoza.com.ar\/wp-content\/uploads\/2024\/04\/mega-45x45.jpg",45,45,true],"advps-thumb-one":["https:\/\/elfederalmendoza.com.ar\/wp-content\/uploads\/2024\/04\/mega-1160x420.jpg",1160,420,true]},"rttpg_author":{"display_name":"Redacci\u00f3n El Federal","author_link":"https:\/\/elfederalmendoza.com.ar\/index.php\/author\/angelflores\/"},"rttpg_comment":0,"rttpg_category":"<a href=\"https:\/\/elfederalmendoza.com.ar\/index.php\/category\/mza\/\" rel=\"category tag\">Mendoza<\/a>","rttpg_excerpt":"La Polic\u00eda hizo varios procedimientos en simult\u00e1neo este jueves. El megaoperativo fue en el Barrio Cinco Mil Lotes. La Polic\u00eda de Mendoza realiz\u00f3 un nuevo operativo que incluy\u00f3\u00a011 allanamientos simult\u00e1neos en Las Heras. Desde hac\u00eda un tiempo se estaban realizando trabajos de inteligencia para dar con delincuentes que operaban en la zona. Como resultado de&hellip;","_links":{"self":[{"href":"https:\/\/elfederalmendoza.com.ar\/index.php\/wp-json\/wp\/v2\/posts\/32509","targetHints":{"allow":["GET"]}}],"collection":[{"href":"https:\/\/elfederalmendoza.com.ar\/index.php\/wp-json\/wp\/v2\/posts"}],"about":[{"href":"https:\/\/elfederalmendoza.com.ar\/index.php\/wp-json\/wp\/v2\/types\/post"}],"author":[{"embeddable":true,"href":"https:\/\/elfederalmendoza.com.ar\/index.php\/wp-json\/wp\/v2\/users\/2"}],"replies":[{"embeddable":true,"href":"https:\/\/elfederalmendoza.com.ar\/index.php\/wp-json\/wp\/v2\/comments?post=32509"}],"version-history":[{"count":1,"href":"https:\/\/elfederalmendoza.com.ar\/index.php\/wp-json\/wp\/v2\/posts\/32509\/revisions"}],"predecessor-version":[{"id":32512,"href":"https:\/\/elfederalmendoza.com.ar\/index.php\/wp-json\/wp\/v2\/posts\/32509\/revisions\/32512"}],"wp:featuredmedia":[{"embeddable":true,"href":"https:\/\/elfederalmendoza.com.ar\/index.php\/wp-json\/wp\/v2\/media\/32511"}],"wp:attachment":[{"href":"https:\/\/elfederalmendoza.com.ar\/index.php\/wp-json\/wp\/v2\/media?parent=32509"}],"wp:term":[{"taxonomy":"category","embeddable":true,"href":"https:\/\/elfederalmendoza.com.ar\/index.php\/wp-json\/wp\/v2\/categories?post=32509"},{"taxonomy":"post_tag","embeddable":true,"href":"https:\/\/elfederalmendoza.com.ar\/index.php\/wp-json\/wp\/v2\/tags?post=32509"}],"curies":[{"name":"wp","href":"https:\/\/api.w.org\/{rel}","templated":true}]}}