{"id":32514,"date":"2024-04-13T09:17:56","date_gmt":"2024-04-13T12:17:56","guid":{"rendered":"https:\/\/elfederalmendoza.com\/?p=32514"},"modified":"2024-04-13T09:17:58","modified_gmt":"2024-04-13T12:17:58","slug":"la-inflacion-de-mendoza-volvio-a-ser-de-un-digito-despues-de-cinco-meses-92","status":"publish","type":"post","link":"https:\/\/elfederalmendoza.com.ar\/index.php\/2024\/04\/13\/la-inflacion-de-mendoza-volvio-a-ser-de-un-digito-despues-de-cinco-meses-92\/","title":{"rendered":"La inflaci\u00f3n de Mendoza volvi\u00f3 a ser de un d\u00edgito despu\u00e9s de cinco meses: 9,2%"},"content":{"rendered":"\n<p>Este viernes se conoci\u00f3 la el \u00edndice de marzo en la provincia de Mendoza y estuvo muy por debajo de los n\u00famero a nivel nacional.<strong> Qu\u00e9 fue lo que m\u00e1s aument\u00f3.<\/strong><\/p>\n\n\n\n<p>La Direcci\u00f3n de Estad\u00edsticas e Investigaciones Econ\u00f3micas de la provincia public\u00f3 este viernes la\u00a0<strong>inflaci\u00f3n del mes de marzo<\/strong>\u00a0y no s\u00f3lo se mostr\u00f3 por debajo del \u00edndice nacional, sino que adem\u00e1s volvi\u00f3 a ser de un d\u00edgito, la \u00faltima vez hab\u00eda sido en octubre.<\/p>\n\n\n\n<p>El nivel general del \u00cdndice de Precios al Consumidor para el Gran Mendoza registr\u00f3 en Marzo un&nbsp;<strong>incremento del 9,2 % con relaci\u00f3n al mes anterior<\/strong>.&nbsp;<\/p>\n\n\n\n<p>Entre los rubros que m\u00e1s aumentaron en Mendoza est\u00e1n Educaci\u00f3n con un 19,5%, Atenci\u00f3n M\u00e9dica con un 11,3% y Alimentos y Bebidas con un 10,8%.<\/p>\n\n\n\n<figure class=\"wp-block-image is-resized\"><img decoding=\"async\" src=\"https:\/\/www.mendozapost.com\/files\/image\/561\/561967\/6619894ee3da0_570_340!.jpg?s=2fbaa7df4525fdddd0334472058fbfb5&amp;d=1712949585\" alt=\"\" style=\"width:840px;height:auto\"\/><\/figure>\n\n\n\n<p>En cuanto a la Ecoluci\u00f3n Nivel General, el \u00cdndice de Precios al Consumidor de la provincia acumula, hasta marzo 2024, una variaci\u00f3n anual del 46,3%.<\/p>\n\n\n\n<figure class=\"wp-block-image is-resized\"><img decoding=\"async\" src=\"https:\/\/www.mendozapost.com\/files\/image\/560\/560743\/6613f3ea659a9_570_400!.jpg?s=cfa270da61ac4e360858632238fa048e&amp;d=1712949596\" alt=\"\" style=\"width:840px;height:auto\"\/><figcaption class=\"wp-element-caption\">La Educaci\u00f3n fue el rubro que m\u00e1s aument\u00f3 en marzo<\/figcaption><\/figure>\n","protected":false},"excerpt":{"rendered":"<p>Este viernes se conoci\u00f3 la el \u00edndice de marzo en la provincia de Mendoza y estuvo muy por debajo de los n\u00famero a nivel nacional. Qu\u00e9 fue lo que m\u00e1s aument\u00f3. La Direcci\u00f3n de Estad\u00edsticas e Investigaciones Econ\u00f3micas de la provincia public\u00f3 este viernes la\u00a0inflaci\u00f3n del mes de marzo\u00a0y no s\u00f3lo se mostr\u00f3 por debajo<a class=\"read-more\" href=\"https:\/\/elfederalmendoza.com.ar\/index.php\/2024\/04\/13\/la-inflacion-de-mendoza-volvio-a-ser-de-un-digito-despues-de-cinco-meses-92\/\"> [&hellip;]<\/a><\/p>\n","protected":false},"author":2,"featured_media":32516,"comment_status":"open","ping_status":"open","sticky":false,"template":"","format":"standard","meta":{"footnotes":""},"categories":[1],"tags":[],"class_list":["post-32514","post","type-post","status-publish","format-standard","has-post-thumbnail","hentry","category-mza"],"rttpg_featured_image_url":{"full":["https:\/\/elfederalmendoza.com.ar\/wp-content\/uploads\/2024\/04\/super.jpg",1500,937,false],"landscape":["https:\/\/elfederalmendoza.com.ar\/wp-content\/uploads\/2024\/04\/super.jpg",1500,937,false],"portraits":["https:\/\/elfederalmendoza.com.ar\/wp-content\/uploads\/2024\/04\/super.jpg",1500,937,false],"thumbnail":["https:\/\/elfederalmendoza.com.ar\/wp-content\/uploads\/2024\/04\/super-150x150.jpg",150,150,true],"medium":["https:\/\/elfederalmendoza.com.ar\/wp-content\/uploads\/2024\/04\/super-300x187.jpg",300,187,true],"large":["https:\/\/elfederalmendoza.com.ar\/wp-content\/uploads\/2024\/04\/super-1024x640.jpg",640,400,true],"1536x1536":["https:\/\/elfederalmendoza.com.ar\/wp-content\/uploads\/2024\/04\/super.jpg",1500,937,false],"2048x2048":["https:\/\/elfederalmendoza.com.ar\/wp-content\/uploads\/2024\/04\/super.jpg",1500,937,false],"ultp_layout_landscape_large":["https:\/\/elfederalmendoza.com.ar\/wp-content\/uploads\/2024\/04\/super-1200x800.jpg",1200,800,true],"ultp_layout_landscape":["https:\/\/elfederalmendoza.com.ar\/wp-content\/uploads\/2024\/04\/super-870x570.jpg",870,570,true],"ultp_layout_portrait":["https:\/\/elfederalmendoza.com.ar\/wp-content\/uploads\/2024\/04\/super-600x900.jpg",600,900,true],"ultp_layout_square":["https:\/\/elfederalmendoza.com.ar\/wp-content\/uploads\/2024\/04\/super-600x600.jpg",600,600,true],"rpwe-thumbnail":["https:\/\/elfederalmendoza.com.ar\/wp-content\/uploads\/2024\/04\/super-45x45.jpg",45,45,true],"advps-thumb-one":["https:\/\/elfederalmendoza.com.ar\/wp-content\/uploads\/2024\/04\/super-1200x420.jpg",1200,420,true]},"rttpg_author":{"display_name":"Redacci\u00f3n El Federal","author_link":"https:\/\/elfederalmendoza.com.ar\/index.php\/author\/angelflores\/"},"rttpg_comment":0,"rttpg_category":"<a href=\"https:\/\/elfederalmendoza.com.ar\/index.php\/category\/mza\/\" rel=\"category tag\">Mendoza<\/a>","rttpg_excerpt":"Este viernes se conoci\u00f3 la el \u00edndice de marzo en la provincia de Mendoza y estuvo muy por debajo de los n\u00famero a nivel nacional. Qu\u00e9 fue lo que m\u00e1s aument\u00f3. La Direcci\u00f3n de Estad\u00edsticas e Investigaciones Econ\u00f3micas de la provincia public\u00f3 este viernes la\u00a0inflaci\u00f3n del mes de marzo\u00a0y no s\u00f3lo se mostr\u00f3 por debajo&hellip;","_links":{"self":[{"href":"https:\/\/elfederalmendoza.com.ar\/index.php\/wp-json\/wp\/v2\/posts\/32514","targetHints":{"allow":["GET"]}}],"collection":[{"href":"https:\/\/elfederalmendoza.com.ar\/index.php\/wp-json\/wp\/v2\/posts"}],"about":[{"href":"https:\/\/elfederalmendoza.com.ar\/index.php\/wp-json\/wp\/v2\/types\/post"}],"author":[{"embeddable":true,"href":"https:\/\/elfederalmendoza.com.ar\/index.php\/wp-json\/wp\/v2\/users\/2"}],"replies":[{"embeddable":true,"href":"https:\/\/elfederalmendoza.com.ar\/index.php\/wp-json\/wp\/v2\/comments?post=32514"}],"version-history":[{"count":1,"href":"https:\/\/elfederalmendoza.com.ar\/index.php\/wp-json\/wp\/v2\/posts\/32514\/revisions"}],"predecessor-version":[{"id":32517,"href":"https:\/\/elfederalmendoza.com.ar\/index.php\/wp-json\/wp\/v2\/posts\/32514\/revisions\/32517"}],"wp:featuredmedia":[{"embeddable":true,"href":"https:\/\/elfederalmendoza.com.ar\/index.php\/wp-json\/wp\/v2\/media\/32516"}],"wp:attachment":[{"href":"https:\/\/elfederalmendoza.com.ar\/index.php\/wp-json\/wp\/v2\/media?parent=32514"}],"wp:term":[{"taxonomy":"category","embeddable":true,"href":"https:\/\/elfederalmendoza.com.ar\/index.php\/wp-json\/wp\/v2\/categories?post=32514"},{"taxonomy":"post_tag","embeddable":true,"href":"https:\/\/elfederalmendoza.com.ar\/index.php\/wp-json\/wp\/v2\/tags?post=32514"}],"curies":[{"name":"wp","href":"https:\/\/api.w.org\/{rel}","templated":true}]}}