{"id":32519,"date":"2024-04-13T10:34:08","date_gmt":"2024-04-13T13:34:08","guid":{"rendered":"https:\/\/elfederalmendoza.com\/?p=32519"},"modified":"2024-04-13T10:34:11","modified_gmt":"2024-04-13T13:34:11","slug":"te-esperamos-elon-musk-un-municipio-bonaerense-ofrecio-exenciones-impositivas-para-producir-autos-electricos","status":"publish","type":"post","link":"https:\/\/elfederalmendoza.com.ar\/index.php\/2024\/04\/13\/te-esperamos-elon-musk-un-municipio-bonaerense-ofrecio-exenciones-impositivas-para-producir-autos-electricos\/","title":{"rendered":"\u201cTe esperamos, Elon Musk\u201d: un municipio bonaerense ofreci\u00f3 exenciones impositivas para producir autos el\u00e9ctricos"},"content":{"rendered":"\n<p>Pocas horas despu\u00e9s del\u00a0encuentro entre Javier Milei y Elon Musk en la planta de Tesla\u00a0en Austin, Texas,\u00a0<strong>un intendente bonaerense anunci\u00f3 exenciones para producir autos el\u00e9ctricos en su municipio<\/strong>.<\/p>\n\n\n\n<p><strong>\u201cTe esperamos, Elon Musk\u201d<\/strong>, invit\u00f3\u00a0<strong>Marcelo Matzkin<\/strong>, intendente de Z\u00e1rate al magnate que tambi\u00e9n es due\u00f1o de la red social X y la empresa de fabricaci\u00f3n aeroespacial SpaceX.<\/p>\n\n\n\n<blockquote class=\"twitter-tweet\"><p lang=\"es\" dir=\"ltr\">As\u00ed fue el encuentro el presidente Javier Milei y el empresario Elon Musk <a href=\"https:\/\/t.co\/dnHa2Cisw1\">pic.twitter.com\/dnHa2Cisw1<\/a><\/p>&mdash; prenoticia.com (@prenoticia) <a href=\"https:\/\/twitter.com\/prenoticia\/status\/1779129545678790691?ref_src=twsrc%5Etfw\">April 13, 2024<\/a><\/blockquote> <script async src=\"https:\/\/platform.twitter.com\/widgets.js\" charset=\"utf-8\"><\/script>\n\n\n\n<p>El jefe comunal, teniendo en cuenta que ya cuenta con una robusta industria automotriz, realiz\u00f3 una novedosa propuesta tentadora: \u201cHemos decidido que toda aquella empresa que quiera producir veh\u00edculos el\u00e9ctricos, sus componentes y la infraestructura de carga y desea instalarse en Z\u00e1rate,\u00a0<strong>por diez a\u00f1os no se le va a cobrar la tasa de seguridad e higiene, como as\u00ed el derecho de construcci\u00f3n ni de habilitaci\u00f3n<\/strong>\u201d.<a href=\"https:\/\/www.infobae.com\/politica\/2024\/04\/13\/javier-milei-confirmo-su-separacion-con-fatima-florez-nos-queremos-nos-respetamos-y-admiramos\/\" target=\"_blank\" rel=\"noreferrer noopener\"><\/a><\/p>\n\n\n\n<p>Para Matzkin,\u00a0<strong>\u201cla intenci\u00f3n es fortalecer a\u00fan m\u00e1s el polo automotriz y abrir las puertas a los avances tecnol\u00f3gicos vinculados a este tipo de industrias\u201d<\/strong>.<\/p>\n\n\n\n<blockquote class=\"twitter-tweet\"><p lang=\"es\" dir=\"ltr\">En Z\u00e1rate, Argentina, toda empresa que quiera instalarse para producir veh\u00edculos el\u00e9ctricos, sus autopartes e infraestructuras de carga, no va a pagar impuestos por 10 a\u00f1os. Te esperamos <a href=\"https:\/\/twitter.com\/elonmusk?ref_src=twsrc%5Etfw\">@elonmusk<\/a>. Tenemos la mejor ubicaci\u00f3n en \ud83c\udde6\ud83c\uddf7 y una gastronom\u00eda incre\u00edble! <a href=\"https:\/\/t.co\/YuJ5TTbtDe\">https:\/\/t.co\/YuJ5TTbtDe<\/a><\/p>&mdash; Marcelo Matzkin (@MarceloMatzkin) <a href=\"https:\/\/twitter.com\/MarceloMatzkin\/status\/1778866794364633316?ref_src=twsrc%5Etfw\">April 12, 2024<\/a><\/blockquote> <script async src=\"https:\/\/platform.twitter.com\/widgets.js\" charset=\"utf-8\"><\/script>\n\n\n\n<p>Por su ubicaci\u00f3n geogr\u00e1fica y su salida directa a la Hidrov\u00eda,\u00a0<strong>Z\u00e1rate fue elegida por varias automotrices multinacionales para instalar sus f\u00e1bricas<\/strong>.<a href=\"https:\/\/www.infobae.com\/politica\/2024\/04\/13\/la-relacion-gobierno-cgt-el-ultimatum-por-moyano-la-orden-que-dio-luis-caputo-y-que-hay-detras-del-nuevo-paro\/\" target=\"_blank\" rel=\"noreferrer noopener\"><\/a><\/p>\n\n\n\n<p>\u201cEn Z\u00e1rate, Argentina, toda empresa que quiera instalarse para producir veh\u00edculos el\u00e9ctricos, sus autopartes e infraestructuras de carga, no va a pagar impuestos por 10 a\u00f1os. Te esperamos, Elon Musk. \u00a1Tenemos la mejor ubicaci\u00f3n en el pa\u00eds y una gastronom\u00eda incre\u00edble!\u201d, public\u00f3 el intendente en su cuenta de X.<\/p>\n\n\n\n<h2 class=\"wp-block-heading\">El esperado encuentro entre Milei y Elon Musk<\/h2>\n\n\n\n<p>Javier Milei y Elon Musk se encontraron en la planta de Tesla en Austin, Texas,\u00a0<strong>para ratificar la sinton\u00eda personal e ideol\u00f3gica<\/strong>\u00a0que exhibieron en los sucesivos contactos que tuvieron en la red social X (antes Twitter). El c\u00f3nclave mostr\u00f3 las coincidencias del presidente y el poderoso empresario respecto de\u00a0<strong>la importancia de la libertad de mercados<\/strong>, el progreso de los pa\u00edses,\u00a0<strong>la necesidad de terminar con las trabas burocr\u00e1ticas<\/strong>, el desarrollo de la tecnolog\u00eda y la necesidad de preservar las reglas de juego.<\/p>\n\n\n\n<figure class=\"wp-block-image size-large\"><img loading=\"lazy\" decoding=\"async\" width=\"1024\" height=\"620\" src=\"https:\/\/elfederalmendoza.com\/wp-content\/uploads\/2024\/04\/ELON7-1024x620.jpg\" alt=\"\" class=\"wp-image-32522\" srcset=\"https:\/\/elfederalmendoza.com.ar\/wp-content\/uploads\/2024\/04\/ELON7-1024x620.jpg 1024w, https:\/\/elfederalmendoza.com.ar\/wp-content\/uploads\/2024\/04\/ELON7-300x182.jpg 300w, https:\/\/elfederalmendoza.com.ar\/wp-content\/uploads\/2024\/04\/ELON7-768x465.jpg 768w, https:\/\/elfederalmendoza.com.ar\/wp-content\/uploads\/2024\/04\/ELON7.jpg 1332w\" sizes=\"auto, (max-width: 1024px) 100vw, 1024px\" \/><\/figure>\n\n\n\n<p><strong>\u201cHubo qu\u00edmica. Fue amor a primera vista\u201d,<\/strong>&nbsp;sintetiz\u00f3 a&nbsp;<strong>Infobae<\/strong>&nbsp;Gerardo Werthein, embajador designado en Estados Unidos,&nbsp;<strong>que particip\u00f3 de la reuni\u00f3n entre Milei y Musk<\/strong>.<\/p>\n\n\n\n<p><strong>La reuni\u00f3n se extendi\u00f3 por ochenta minutos<\/strong>&nbsp;y junto a Milei y Werthein participaron la secretaria General de la Presidencia,&nbsp;<strong>Karina Milei<\/strong>; el embajador designado en Israel,<strong>&nbsp;Simon Wahnish<\/strong>, y el empresario&nbsp;<strong>Pato Fucks<\/strong>, amigo personal del mandatario.<\/p>\n\n\n\n<p><strong>-Es un gran placer para m\u00ed. Es incre\u00edble. Gracias por todo lo que hac\u00e9s por el mundo\u201d<\/strong>, dijo Milei a Musk cuando lo conoci\u00f3 en su despacho de Tesla.<\/p>\n\n\n\n<p><strong>-Es un honor conocerte tambi\u00e9n. Bienvenido\u201d<\/strong>,respondi\u00f3 Musk.<\/p>\n\n\n\n<p><strong>Milei lo ten\u00eda a Musk agarrado de la mano<\/strong>&nbsp;cuando le present\u00f3 a Karina Milei, secretaria General de la Presidencia.<\/p>\n\n\n\n<p><strong>\u201cEsta es mi hermana Karina, el jefe\u201d<\/strong>, agreg\u00f3 Milei.<\/p>\n\n\n\n<blockquote class=\"twitter-tweet\"><p lang=\"es\" dir=\"ltr\">Elon Musk le ofreci\u00f3 al presidente Javier Milei manejar y probar un Tesla cybertruck. El presidente m\u00e1s libertario junto al empresario m\u00e1s exitoso de todo el mundo. \ud83c\udde6\ud83c\uddf7\ud83c\uddfa\ud83c\uddf8 \u00bfApoyas a estos dos h\u00e9roes de la derecha internacional? Yo al 100%. <a href=\"https:\/\/t.co\/NsB80J21kb\">pic.twitter.com\/NsB80J21kb<\/a><\/p>&mdash; Eduardo Menoni (@eduardomenoni) <a href=\"https:\/\/twitter.com\/eduardomenoni\/status\/1778920530642338118?ref_src=twsrc%5Etfw\">April 12, 2024<\/a><\/blockquote> <script async src=\"https:\/\/platform.twitter.com\/widgets.js\" charset=\"utf-8\"><\/script>\n\n\n\n<p>Un minuto despu\u00e9s,&nbsp;<strong>liderada por Musk<\/strong>, toda la comitiva se movi\u00f3 a un sector de la f\u00e1brica para sacarse fotos que ya han sido posteadas en todas las redes sociales.<\/p>\n\n\n\n<p><strong>Musk ten\u00eda prevista una cita en Los \u00c1ngeles&nbsp;<\/strong>cuando se cerr\u00f3 su encuentro con Milei en Texas. Por eso, el propietario de Tesla no particip\u00f3 de la recorrida que la comitiva oficial realiz\u00f3 por la f\u00e1brica de veh\u00edculos el\u00e9ctricos que se levant\u00f3 en Austin en apenas 14 meses.<\/p>\n\n\n\n<p><strong>Milei qued\u00f3 impresionado<\/strong>&nbsp;por las instalaciones industriales que terminaron en Texas para evitar las trabas burocr\u00e1ticas que impon\u00edan el estado de California.<\/p>\n\n\n\n<p>En los ochenta minutos de c\u00f3nclave,&nbsp;<strong>Milei y Musk coincidieron en la necesidad de sostener la libertad de los mercados y evitar las regulaciones del Estado<\/strong>. El presidente y el due\u00f1o de casa compartieron la idea de&nbsp;<em>progreso versus burocracia estatal<\/em>, y resaltaron la necesidad de apoyar el desarrollo de la tecnolog\u00eda para profundizar el avance la sociedad global.<\/p>\n\n\n\n<p><strong>\u201cLa idea es que haya un evento en la Argentina sobre demograf\u00eda, tecnolog\u00eda y crecimiento econ\u00f3mico, que ser\u00eda protagonizado por Milei y Musk\u201d<\/strong>, coment\u00f3 Werthein a&nbsp;<strong>Infobae<\/strong>.<\/p>\n","protected":false},"excerpt":{"rendered":"<p>Pocas horas despu\u00e9s del\u00a0encuentro entre Javier Milei y Elon Musk en la planta de Tesla\u00a0en Austin, Texas,\u00a0un intendente bonaerense anunci\u00f3 exenciones para producir autos el\u00e9ctricos en su municipio. \u201cTe esperamos, Elon Musk\u201d, invit\u00f3\u00a0Marcelo Matzkin, intendente de Z\u00e1rate al magnate que tambi\u00e9n es due\u00f1o de la red social X y la empresa de fabricaci\u00f3n aeroespacial SpaceX.<a class=\"read-more\" href=\"https:\/\/elfederalmendoza.com.ar\/index.php\/2024\/04\/13\/te-esperamos-elon-musk-un-municipio-bonaerense-ofrecio-exenciones-impositivas-para-producir-autos-electricos\/\"> [&hellip;]<\/a><\/p>\n","protected":false},"author":2,"featured_media":32521,"comment_status":"open","ping_status":"open","sticky":false,"template":"","format":"standard","meta":{"footnotes":""},"categories":[5618],"tags":[],"class_list":["post-32519","post","type-post","status-publish","format-standard","has-post-thumbnail","hentry","category-arg"],"rttpg_featured_image_url":{"full":["https:\/\/elfederalmendoza.com.ar\/wp-content\/uploads\/2024\/04\/ELON6.jpg",1403,972,false],"landscape":["https:\/\/elfederalmendoza.com.ar\/wp-content\/uploads\/2024\/04\/ELON6.jpg",1403,972,false],"portraits":["https:\/\/elfederalmendoza.com.ar\/wp-content\/uploads\/2024\/04\/ELON6.jpg",1403,972,false],"thumbnail":["https:\/\/elfederalmendoza.com.ar\/wp-content\/uploads\/2024\/04\/ELON6-150x150.jpg",150,150,true],"medium":["https:\/\/elfederalmendoza.com.ar\/wp-content\/uploads\/2024\/04\/ELON6-300x208.jpg",300,208,true],"large":["https:\/\/elfederalmendoza.com.ar\/wp-content\/uploads\/2024\/04\/ELON6-1024x709.jpg",640,443,true],"1536x1536":["https:\/\/elfederalmendoza.com.ar\/wp-content\/uploads\/2024\/04\/ELON6.jpg",1403,972,false],"2048x2048":["https:\/\/elfederalmendoza.com.ar\/wp-content\/uploads\/2024\/04\/ELON6.jpg",1403,972,false],"ultp_layout_landscape_large":["https:\/\/elfederalmendoza.com.ar\/wp-content\/uploads\/2024\/04\/ELON6-1200x800.jpg",1200,800,true],"ultp_layout_landscape":["https:\/\/elfederalmendoza.com.ar\/wp-content\/uploads\/2024\/04\/ELON6-870x570.jpg",870,570,true],"ultp_layout_portrait":["https:\/\/elfederalmendoza.com.ar\/wp-content\/uploads\/2024\/04\/ELON6-600x900.jpg",600,900,true],"ultp_layout_square":["https:\/\/elfederalmendoza.com.ar\/wp-content\/uploads\/2024\/04\/ELON6-600x600.jpg",600,600,true],"rpwe-thumbnail":["https:\/\/elfederalmendoza.com.ar\/wp-content\/uploads\/2024\/04\/ELON6-45x45.jpg",45,45,true],"advps-thumb-one":["https:\/\/elfederalmendoza.com.ar\/wp-content\/uploads\/2024\/04\/ELON6-1200x420.jpg",1200,420,true]},"rttpg_author":{"display_name":"Redacci\u00f3n El Federal","author_link":"https:\/\/elfederalmendoza.com.ar\/index.php\/author\/angelflores\/"},"rttpg_comment":0,"rttpg_category":"<a href=\"https:\/\/elfederalmendoza.com.ar\/index.php\/category\/arg\/\" rel=\"category tag\">Argentina<\/a>","rttpg_excerpt":"Pocas horas despu\u00e9s del\u00a0encuentro entre Javier Milei y Elon Musk en la planta de Tesla\u00a0en Austin, Texas,\u00a0un intendente bonaerense anunci\u00f3 exenciones para producir autos el\u00e9ctricos en su municipio. \u201cTe esperamos, Elon Musk\u201d, invit\u00f3\u00a0Marcelo Matzkin, intendente de Z\u00e1rate al magnate que tambi\u00e9n es due\u00f1o de la red social X y la empresa de fabricaci\u00f3n aeroespacial SpaceX.&hellip;","_links":{"self":[{"href":"https:\/\/elfederalmendoza.com.ar\/index.php\/wp-json\/wp\/v2\/posts\/32519","targetHints":{"allow":["GET"]}}],"collection":[{"href":"https:\/\/elfederalmendoza.com.ar\/index.php\/wp-json\/wp\/v2\/posts"}],"about":[{"href":"https:\/\/elfederalmendoza.com.ar\/index.php\/wp-json\/wp\/v2\/types\/post"}],"author":[{"embeddable":true,"href":"https:\/\/elfederalmendoza.com.ar\/index.php\/wp-json\/wp\/v2\/users\/2"}],"replies":[{"embeddable":true,"href":"https:\/\/elfederalmendoza.com.ar\/index.php\/wp-json\/wp\/v2\/comments?post=32519"}],"version-history":[{"count":1,"href":"https:\/\/elfederalmendoza.com.ar\/index.php\/wp-json\/wp\/v2\/posts\/32519\/revisions"}],"predecessor-version":[{"id":32523,"href":"https:\/\/elfederalmendoza.com.ar\/index.php\/wp-json\/wp\/v2\/posts\/32519\/revisions\/32523"}],"wp:featuredmedia":[{"embeddable":true,"href":"https:\/\/elfederalmendoza.com.ar\/index.php\/wp-json\/wp\/v2\/media\/32521"}],"wp:attachment":[{"href":"https:\/\/elfederalmendoza.com.ar\/index.php\/wp-json\/wp\/v2\/media?parent=32519"}],"wp:term":[{"taxonomy":"category","embeddable":true,"href":"https:\/\/elfederalmendoza.com.ar\/index.php\/wp-json\/wp\/v2\/categories?post=32519"},{"taxonomy":"post_tag","embeddable":true,"href":"https:\/\/elfederalmendoza.com.ar\/index.php\/wp-json\/wp\/v2\/tags?post=32519"}],"curies":[{"name":"wp","href":"https:\/\/api.w.org\/{rel}","templated":true}]}}