{"id":32524,"date":"2024-04-14T11:34:13","date_gmt":"2024-04-14T14:34:13","guid":{"rendered":"https:\/\/elfederalmendoza.com\/?p=32524"},"modified":"2024-04-14T11:34:15","modified_gmt":"2024-04-14T14:34:15","slug":"alerta-mundial-javier-milei-recibio-informacion-clasificada-sobre-el-ataque-de-iran-contra-israel","status":"publish","type":"post","link":"https:\/\/elfederalmendoza.com.ar\/index.php\/2024\/04\/14\/alerta-mundial-javier-milei-recibio-informacion-clasificada-sobre-el-ataque-de-iran-contra-israel\/","title":{"rendered":"Alerta mundial: Javier Milei recibi\u00f3 informaci\u00f3n clasificada sobre el ataque de Ir\u00e1n contra Israel"},"content":{"rendered":"\n<p>La actual relaci\u00f3n diplom\u00e1tica de Argentina con Estados Unidos, el gobierno israel\u00ed y ciertos pa\u00edses de Europa <strong>permitieron al Presidente acceder a reportes de inteligencia<\/strong> que describ\u00edan los detalles b\u00e9licos y diplom\u00e1ticos de la primera ofensiva de Teher\u00e1n sobre territorio israel\u00ed.<\/p>\n\n\n\n<p>Antes de soltar el celular y dormir escasas horas, cuando ya era de d\u00eda en Medio Oriente,\u00a0<strong>Javier Milei ya estaba informado sobre los resultados de la primera ofensiva lanzada por Ir\u00e1n contra Israel.<\/strong>\u00a0A trav\u00e9s Nicol\u00e1s Posse -jefe de Gabinete-, el Presidente y determinados ministros accedieron a informaci\u00f3n clave que fue remitida desde las principales capitales de Occidente y Jerusalem, adonde funciona el gabinete de guerra que lidera el premier israel\u00ed Benjam\u00edn Netanyahu.<a href=\"https:\/\/www.infobae.com\/politica\/2024\/04\/14\/el-embajador-de-israel-en-argentina-agradecio-a-javier-milei-por-el-apoyo-tras-el-ataque-de-iran\/\" target=\"_blank\" rel=\"noreferrer noopener\"><\/a><\/p>\n\n\n\n<p>A las 20.00 de Miami, 2.00 AM de Israel -domingo 14 de abril-,&nbsp;<strong>Milei ya sab\u00eda que se hab\u00edan interceptado 330 misiles y drones<\/strong>&nbsp;disparados por orden de Teher\u00e1n desde Ir\u00e1n, Siria, Irak, L\u00edbano y Yemen. Ese informe al Presidente tambi\u00e9n aseguraba que Israel junto a la colaboraci\u00f3n de Estados Unidos y sus aliados de la OTAN hab\u00edan actuado en simult\u00e1neo -a lo largo de Medio Oriente- para bloquear la llegada de los drones y misiles al territorio israel\u00ed.<\/p>\n\n\n\n<p>Cerca de la medianoche en Miami, el jefe de Estado tambi\u00e9n conoc\u00eda que el primer ataque de Ir\u00e1n no ser\u00eda a fondo, si se eval\u00faa el potencial b\u00e9lico de su arsenal distribuido en determinados pa\u00edses de la regi\u00f3n (L\u00edbano, Siria, Irak y Yemen, por ejemplo). Y que ese\u00a0<em>acotado movimiento ofensivo<\/em>\u00a0podr\u00eda seguir con una ola m\u00e1s agresiva -cientos de drones, misiles e incursiones terrestres desde la Frontera Norte-,\u00a0<strong>si Israel replicaba con un ataque sobre Ir\u00e1n.<\/strong><a href=\"https:\/\/www.infobae.com\/politica\/2024\/04\/14\/las-reacciones-del-arco-politico-tras-el-ataque-de-iran-contra-israel\/\" target=\"_blank\" rel=\"noreferrer noopener\"><\/a><\/p>\n\n\n\n<p><strong>\u201cPara tener una evaluaci\u00f3n del curso de la guerra hay que esperar hasta ma\u00f1ana (por hoy)\u201d<\/strong>, le dijeron a Milei, que agot\u00f3 su celular recorriendo los medios argentinos e internacionales y la red social X para saber qu\u00e9 se informaba sobre la crisis de Medio Oriente.<\/p>\n\n\n\n<p><img loading=\"lazy\" decoding=\"async\" height=\"659\" width=\"559\" srcset=\"https:\/\/www.infobae.com\/new-resizer\/uFQPivhZVXtNWbRjHbVXfRg-GtQ=\/420x560\/filters:format(webp):quality(85)\/cloudfront-us-east-1.images.arcpublishing.com\/infobae\/FJEWGPVMMBF65F7QBZA3CE3QJ4.JPG 420w,https:\/\/www.infobae.com\/new-resizer\/HwhTgmBx3vGJvxTTjNwzrpByAro=\/768x1024\/filters:format(webp):quality(85)\/cloudfront-us-east-1.images.arcpublishing.com\/infobae\/FJEWGPVMMBF65F7QBZA3CE3QJ4.JPG 768w,https:\/\/www.infobae.com\/new-resizer\/xjES45TZLTNmlLekGEZdrj-FFjw=\/992x1323\/filters:format(webp):quality(85)\/cloudfront-us-east-1.images.arcpublishing.com\/infobae\/FJEWGPVMMBF65F7QBZA3CE3QJ4.JPG 992w,https:\/\/www.infobae.com\/new-resizer\/gm1mtyQmEMburFX9HuInHTgJYlc=\/1200x1600\/filters:format(webp):quality(85)\/cloudfront-us-east-1.images.arcpublishing.com\/infobae\/FJEWGPVMMBF65F7QBZA3CE3QJ4.JPG 1200w\" class=\"\" src=\"https:\/\/www.infobae.com\/new-resizer\/uFQPivhZVXtNWbRjHbVXfRg-GtQ=\/420x560\/filters:format(webp):quality(85)\/cloudfront-us-east-1.images.arcpublishing.com\/infobae\/FJEWGPVMMBF65F7QBZA3CE3QJ4.JPG%20420w\" alt=\"Comunicado oficial del Gobierno ratificando su apoyo incondicional a Israel frente al ataque ilegal de Ir\u00e1n\"><\/p>\n\n\n\n<p>Comunicado oficial del Gobierno ratificando su apoyo incondicional a Israel frente al ataque ilegal de Ir\u00e1n<\/p>\n\n\n\n<p>Adem\u00e1s de recibir la informaci\u00f3n clasificada, el jefe de Estado y la secretaria General de la Presidencia, Karina Milei,&nbsp;<strong>fijaron la l\u00ednea pol\u00edtica del comunicado oficial del gobierno&nbsp;<\/strong>respecto al conflicto de Medio Oriente.<\/p>\n\n\n\n<p><a href=\"https:\/\/www.infobae.com\/politica\/2024\/04\/14\/crisis-y-pujas-de-poder-crece-el-malestar-en-las-filas-de-lla-con-los-manejos-politicos-de-karina-pero-milei-se-mantiene-al-margen\/\" target=\"_blank\" rel=\"noreferrer noopener\"><\/a><\/p>\n\n\n\n<p>\u201cLa Oficina del Presidente Javier Milei expresa&nbsp;<strong>su solidaridad y compromiso inclaudicable<\/strong>&nbsp;con el Estado de Israel frente a los ataques iniciados por la Rep\u00fablica Isl\u00e1mica de Ir\u00e1n. La Rep\u00fablica Argentina reconoce el derecho de los Estados-Naci\u00f3n a defenderse, y respalda enf\u00e1ticamente al Estado de Israel en la defensa de su soberan\u00eda, en especial&nbsp;<strong>contra reg\u00edmenes que promocionan el terror&nbsp;<\/strong>y buscan la destrucci\u00f3n de la civilizaci\u00f3n occidental\u201d, sostiene el comunicado de la Casa Rosada.<\/p>\n\n\n\n<p>Ese comunicado exhibi\u00f3 &#8211;<strong>de nuevo-&nbsp;<\/strong>sus diferencias geopol\u00edticas con&nbsp;<strong>Lula da Silva,<\/strong>&nbsp;<strong>Gustavo Petro<\/strong>&nbsp;y&nbsp;<strong>Andr\u00e9s Manuel L\u00f3pez Obrador,<\/strong>&nbsp;que siempre han cuestionado al Estado de Israel frente a los ataques de Ir\u00e1n y sus proxies.<\/p>\n\n\n\n<p><strong>Junto a Milei s\u00f3lo se aline\u00f3 Santiago Pe\u00f1a<\/strong>, presidente del Paraguay. Brasil, Colombia y M\u00e9xico optaron por una salida diplom\u00e1tica que no refleja la agresi\u00f3n ejecuta por Teher\u00e1n contra Israel.<\/p>\n\n\n\n<p>El presidente decidi\u00f3&nbsp;<strong>crear dos comit\u00e9 de crisis<\/strong>&nbsp;para monitorear la guerra ilegal que desat\u00f3 Ir\u00e1n contra Israel.&nbsp;<strong>Milei instruy\u00f3 a la canciller Diana Mondino<\/strong>&nbsp;para que tome contacto con sus pares de Estados Unidos, Francia, Alemania, Italia e Israel con la finalidad de coordinar acciones comunes, mientras que&nbsp;<strong>el otro comit\u00e9 de crisis se vincula a las Fuerzas Armadas y de Seguridad<\/strong>.<\/p>\n\n\n\n<p><strong>Los dos comit\u00e9s de crisis se reunir\u00e1n hoy<\/strong>&nbsp;y aguardan la llegada de Milei a Buenos Aires para hacer una reuni\u00f3n conjunta con el Presidente y la secretaria General.&nbsp;<strong>Por razones de seguridad,<\/strong>&nbsp;se obvian precisiones sobre el horario de arribo de Milei a Ezeiza.<\/p>\n\n\n\n<p><strong>Milei a\u00fan aguarda las comunicaciones<\/strong>&nbsp;con el premier Benjam\u00edn Netanyahu y el presidente de Israel, Isaac Herzog, que se har\u00edan tras la llegada del jefe de Estado a Buenos Aires. El jefe de Estado desea transmitir su solidaridad personal y pol\u00edtica a Netanyahu y Herzog, cuando Israel est\u00e1 bajo el fuego de Ir\u00e1n.<\/p>\n","protected":false},"excerpt":{"rendered":"<p>La actual relaci\u00f3n diplom\u00e1tica de Argentina con Estados Unidos, el gobierno israel\u00ed y ciertos pa\u00edses de Europa permitieron al Presidente acceder a reportes de inteligencia que describ\u00edan los detalles b\u00e9licos y diplom\u00e1ticos de la primera ofensiva de Teher\u00e1n sobre territorio israel\u00ed. Antes de soltar el celular y dormir escasas horas, cuando ya era de d\u00eda<a class=\"read-more\" href=\"https:\/\/elfederalmendoza.com.ar\/index.php\/2024\/04\/14\/alerta-mundial-javier-milei-recibio-informacion-clasificada-sobre-el-ataque-de-iran-contra-israel\/\"> [&hellip;]<\/a><\/p>\n","protected":false},"author":2,"featured_media":32526,"comment_status":"open","ping_status":"open","sticky":false,"template":"","format":"standard","meta":{"footnotes":""},"categories":[5618],"tags":[],"class_list":["post-32524","post","type-post","status-publish","format-standard","has-post-thumbnail","hentry","category-arg"],"rttpg_featured_image_url":{"full":["https:\/\/elfederalmendoza.com.ar\/wp-content\/uploads\/2024\/04\/milei-iran.jpg",1193,795,false],"landscape":["https:\/\/elfederalmendoza.com.ar\/wp-content\/uploads\/2024\/04\/milei-iran.jpg",1193,795,false],"portraits":["https:\/\/elfederalmendoza.com.ar\/wp-content\/uploads\/2024\/04\/milei-iran.jpg",1193,795,false],"thumbnail":["https:\/\/elfederalmendoza.com.ar\/wp-content\/uploads\/2024\/04\/milei-iran-150x150.jpg",150,150,true],"medium":["https:\/\/elfederalmendoza.com.ar\/wp-content\/uploads\/2024\/04\/milei-iran-300x200.jpg",300,200,true],"large":["https:\/\/elfederalmendoza.com.ar\/wp-content\/uploads\/2024\/04\/milei-iran-1024x682.jpg",640,426,true],"1536x1536":["https:\/\/elfederalmendoza.com.ar\/wp-content\/uploads\/2024\/04\/milei-iran.jpg",1193,795,false],"2048x2048":["https:\/\/elfederalmendoza.com.ar\/wp-content\/uploads\/2024\/04\/milei-iran.jpg",1193,795,false],"ultp_layout_landscape_large":["https:\/\/elfederalmendoza.com.ar\/wp-content\/uploads\/2024\/04\/milei-iran.jpg",1193,795,false],"ultp_layout_landscape":["https:\/\/elfederalmendoza.com.ar\/wp-content\/uploads\/2024\/04\/milei-iran-870x570.jpg",870,570,true],"ultp_layout_portrait":["https:\/\/elfederalmendoza.com.ar\/wp-content\/uploads\/2024\/04\/milei-iran-600x795.jpg",600,795,true],"ultp_layout_square":["https:\/\/elfederalmendoza.com.ar\/wp-content\/uploads\/2024\/04\/milei-iran-600x600.jpg",600,600,true],"rpwe-thumbnail":["https:\/\/elfederalmendoza.com.ar\/wp-content\/uploads\/2024\/04\/milei-iran-45x45.jpg",45,45,true],"advps-thumb-one":["https:\/\/elfederalmendoza.com.ar\/wp-content\/uploads\/2024\/04\/milei-iran-1193x420.jpg",1193,420,true]},"rttpg_author":{"display_name":"Redacci\u00f3n El Federal","author_link":"https:\/\/elfederalmendoza.com.ar\/index.php\/author\/angelflores\/"},"rttpg_comment":0,"rttpg_category":"<a href=\"https:\/\/elfederalmendoza.com.ar\/index.php\/category\/arg\/\" rel=\"category tag\">Argentina<\/a>","rttpg_excerpt":"La actual relaci\u00f3n diplom\u00e1tica de Argentina con Estados Unidos, el gobierno israel\u00ed y ciertos pa\u00edses de Europa permitieron al Presidente acceder a reportes de inteligencia que describ\u00edan los detalles b\u00e9licos y diplom\u00e1ticos de la primera ofensiva de Teher\u00e1n sobre territorio israel\u00ed. Antes de soltar el celular y dormir escasas horas, cuando ya era de d\u00eda&hellip;","_links":{"self":[{"href":"https:\/\/elfederalmendoza.com.ar\/index.php\/wp-json\/wp\/v2\/posts\/32524","targetHints":{"allow":["GET"]}}],"collection":[{"href":"https:\/\/elfederalmendoza.com.ar\/index.php\/wp-json\/wp\/v2\/posts"}],"about":[{"href":"https:\/\/elfederalmendoza.com.ar\/index.php\/wp-json\/wp\/v2\/types\/post"}],"author":[{"embeddable":true,"href":"https:\/\/elfederalmendoza.com.ar\/index.php\/wp-json\/wp\/v2\/users\/2"}],"replies":[{"embeddable":true,"href":"https:\/\/elfederalmendoza.com.ar\/index.php\/wp-json\/wp\/v2\/comments?post=32524"}],"version-history":[{"count":1,"href":"https:\/\/elfederalmendoza.com.ar\/index.php\/wp-json\/wp\/v2\/posts\/32524\/revisions"}],"predecessor-version":[{"id":32527,"href":"https:\/\/elfederalmendoza.com.ar\/index.php\/wp-json\/wp\/v2\/posts\/32524\/revisions\/32527"}],"wp:featuredmedia":[{"embeddable":true,"href":"https:\/\/elfederalmendoza.com.ar\/index.php\/wp-json\/wp\/v2\/media\/32526"}],"wp:attachment":[{"href":"https:\/\/elfederalmendoza.com.ar\/index.php\/wp-json\/wp\/v2\/media?parent=32524"}],"wp:term":[{"taxonomy":"category","embeddable":true,"href":"https:\/\/elfederalmendoza.com.ar\/index.php\/wp-json\/wp\/v2\/categories?post=32524"},{"taxonomy":"post_tag","embeddable":true,"href":"https:\/\/elfederalmendoza.com.ar\/index.php\/wp-json\/wp\/v2\/tags?post=32524"}],"curies":[{"name":"wp","href":"https:\/\/api.w.org\/{rel}","templated":true}]}}